{"id":25930,"date":"2023-08-04T10:26:45","date_gmt":"2023-08-04T13:26:45","guid":{"rendered":"https:\/\/elfederalmendoza.com\/?p=25930"},"modified":"2023-08-04T10:32:06","modified_gmt":"2023-08-04T13:32:06","slug":"lejos-de-la-campana-alberto-fernandez-encara-el-final-de-su-mandato-viajando-por-el-mundo","status":"publish","type":"post","link":"https:\/\/elfederalmendoza.com.ar\/index.php\/2023\/08\/04\/lejos-de-la-campana-alberto-fernandez-encara-el-final-de-su-mandato-viajando-por-el-mundo\/","title":{"rendered":"Lejos de la campa\u00f1a, Alberto Fern\u00e1ndez encara el final de su mandato viajando por el mundo"},"content":{"rendered":"\n<p>Relegado de la campa\u00f1a electoral,\u00a0<strong>Alberto Fern\u00e1ndez<\/strong> encara el final de su mandato con una\u00a0<strong>agenda de marcado tono internacional<\/strong> viajando por el mundo. Para los pr\u00f3ximos meses, el Presidente tiene\u00a0<strong>programados varios viajes al exterior<\/strong>\u00a0que le permitir\u00e1n evitar el desgaste de la gesti\u00f3n a nivel local: as\u00ed, las decisiones m\u00e1s importantes quedar\u00e1n en manos del ministro de Econom\u00eda y candidato presidencial de Uni\u00f3n por la Patria,\u00a0<strong>Sergio Massa<\/strong>.<\/p>\n\n\n\n<figure class=\"wp-block-image size-full\"><img loading=\"lazy\" decoding=\"async\" width=\"916\" height=\"610\" src=\"https:\/\/elfederalmendoza.com\/wp-content\/uploads\/2023\/08\/alberto-y-fabiola1.jpg\" alt=\"\" class=\"wp-image-25952\" srcset=\"https:\/\/elfederalmendoza.com.ar\/wp-content\/uploads\/2023\/08\/alberto-y-fabiola1.jpg 916w, https:\/\/elfederalmendoza.com.ar\/wp-content\/uploads\/2023\/08\/alberto-y-fabiola1-300x200.jpg 300w, https:\/\/elfederalmendoza.com.ar\/wp-content\/uploads\/2023\/08\/alberto-y-fabiola1-768x511.jpg 768w\" sizes=\"auto, (max-width: 916px) 100vw, 916px\" \/><\/figure>\n\n\n\n<p>Seg\u00fan el&nbsp;<strong>cronograma&nbsp;<\/strong>de actividades de la Casa Rosada, el primer mandatario visitar\u00e1&nbsp;<strong>Paraguay&nbsp;<\/strong>tras las PASO para la asunci\u00f3n de Santiago Pe\u00f1a y, a partir de septiembre,&nbsp;<strong>Nueva York, Nueva Delhi (India), Chile y China<\/strong>. Tambi\u00e9n hay posibilidades de que visite&nbsp;<strong>Cuba y Sud\u00e1frica<\/strong>.<\/p>\n\n\n\n<p>Enemistado hace meses con el kirchnerismo duro, el Presidente ahora tampoco es bien valorado en el entorno de&nbsp;<strong>Massa<\/strong>, que considera que su mala imagen le&nbsp;<strong>quita proyecci\u00f3n<\/strong>&nbsp;a la figura del tigrense de cara a las elecciones. En este contexto, Alberto F. acepta su&nbsp;<strong>nuevo rol<\/strong>&nbsp;y,&nbsp;<strong>aislado<\/strong>, apenas participa de una agenda de bajo vuelo con funcionarios de su&nbsp;<strong>\u201cri\u00f1\u00f3n\u201d<\/strong>, como Gabriel Katopodis, Agust\u00edn Rossi y&nbsp;<strong>Santiago Cafiero<\/strong>.<\/p>\n\n\n\n<figure class=\"wp-block-image size-full is-resized\"><img loading=\"lazy\" decoding=\"async\" src=\"https:\/\/elfederalmendoza.com\/wp-content\/uploads\/2023\/08\/cafiero-y-alberto.jpg\" alt=\"\" class=\"wp-image-25942\" width=\"836\" height=\"470\" srcset=\"https:\/\/elfederalmendoza.com.ar\/wp-content\/uploads\/2023\/08\/cafiero-y-alberto.jpg 621w, https:\/\/elfederalmendoza.com.ar\/wp-content\/uploads\/2023\/08\/cafiero-y-alberto-300x169.jpg 300w\" sizes=\"auto, (max-width: 836px) 100vw, 836px\" \/><\/figure>\n\n\n\n<p><strong>\u201cEl Presidente decidi\u00f3 dedicarse a la gesti\u00f3n y allanarle el camino a los candidatos\u201d<\/strong>, explic\u00f3 horas atr\u00e1s la vocera presidencial,&nbsp;<strong>Gabriela Cerruti<\/strong>, en conferencia de prensa. Y dio detalles sobre la agenda internacional del jefe de Estado: \u201cEn principio est\u00e1 confirmado que va a asistir a la&nbsp;<strong>Cumbre del G-20 en India<\/strong>, y a la&nbsp;<strong>Asamblea de Naciones Unidas en Nueva York<\/strong>. Y despu\u00e9s hay viajes que pueden realizarse y est\u00e1n siendo analizados como puede ser el&nbsp;<strong>G-77 en Cuba<\/strong>&nbsp;y una invitaci\u00f3n para seguir avanzando con el comercio bilateral y profundizar las relaciones con&nbsp;<strong>China<\/strong>\u201d, dijo.<\/p>\n\n\n\n<figure class=\"wp-block-image is-resized\"><img loading=\"lazy\" decoding=\"async\" src=\"https:\/\/tn.com.ar\/resizer\/j0aHx0GEwT3-RRb13GLIRntCgiM=\/767x0\/smart\/filters:format(webp)\/cloudfront-us-east-1.images.arcpublishing.com\/artear\/GZUZYBP4RJCUNOJN2WWW255I2A.jpg\" alt=\"Junto a la presidenta de la Comisi\u00f3n Europea, Ursula von der Leyen, durante el \u00faltimo foro entre la CELAC y la UE, en Bruselas. (Foto: AFP)\" width=\"837\" height=\"469\"\/><figcaption class=\"wp-element-caption\">Junto a la presidenta de la Comisi\u00f3n Europea, Ursula von der Leyen, durante el \u00faltimo foro entre la CELAC y la UE, en Bruselas. (Foto: AFP)<\/figcaption><\/figure>\n\n\n\n<p>Adem\u00e1s, sum\u00f3 Cerruti, \u201chay una invitaci\u00f3n para asistir al&nbsp;<strong>aniversario de Chile<\/strong>, el 11 de septiembre\u201d.<\/p>\n\n\n\n<p>Apuntalado por el canciller&nbsp;<strong>Santiago Cafiero<\/strong>, Fern\u00e1ndez ya viene apelando al \u00e1mbito internacional, un entorno mucho m\u00e1s amigable que una campa\u00f1a electoral te\u00f1ida por los problemas econ\u00f3micos. Adem\u00e1s de una visita de Estado a Brasil y la foto con&nbsp;<strong>Lula da Silva<\/strong>, horas despu\u00e9s del cierre de listas, el jefe de Estado se mostr\u00f3 en la&nbsp;<strong>Cumbre del Mercosur<\/strong>&nbsp;y el foro en Bruselas entre la&nbsp;<strong>CELAC y la Uni\u00f3n Europea<\/strong>.<\/p>\n\n\n\n<p>La idea de que Alberto no participe de la campa\u00f1a de su propio espacio en un tramo cr\u00edtico de la campa\u00f1a -la previa de las PASO- no solo es promovida por el&nbsp;<strong>kirchnerismo duro<\/strong>. A lo largo de las \u00faltimas semanas, en el&nbsp;<strong>Frente Renovador<\/strong>&nbsp;se convencieron de que la mejor estrategia para posicionar a Massa como candidato presidencial es&nbsp;<strong>\u201cdespegarlo\u201d del jefe de Estado<\/strong>.<\/p>\n\n\n\n<figure class=\"wp-block-image size-full is-resized\"><img loading=\"lazy\" decoding=\"async\" src=\"https:\/\/elfederalmendoza.com\/wp-content\/uploads\/2023\/08\/fabiola4.jpg\" alt=\"\" class=\"wp-image-25935\" width=\"838\" height=\"470\" srcset=\"https:\/\/elfederalmendoza.com.ar\/wp-content\/uploads\/2023\/08\/fabiola4.jpg 474w, https:\/\/elfederalmendoza.com.ar\/wp-content\/uploads\/2023\/08\/fabiola4-300x168.jpg 300w\" sizes=\"auto, (max-width: 838px) 100vw, 838px\" \/><\/figure>\n\n\n\n<p>En el entorno del ministro de Econom\u00eda buscan instalar que \u201cno se trat\u00f3 de una mala gesti\u00f3n,&nbsp;<strong>sino de un mal Presidente<\/strong>\u201d. La orden es clara: no hablar m\u00e1s de lo que pas\u00f3 durante la actual administraci\u00f3n y concentrarse en demostrar que fue&nbsp;<strong>Massa quien logr\u00f3 una mayor estabilidad<\/strong>.<\/p>\n","protected":false},"excerpt":{"rendered":"<p>Relegado de la campa\u00f1a electoral,\u00a0Alberto Fern\u00e1ndez encara el final de su mandato con una\u00a0agenda de marcado tono internacional viajando por el mundo. Para los pr\u00f3ximos meses, el Presidente tiene\u00a0programados varios viajes al exterior\u00a0que le permitir\u00e1n evitar el desgaste de la gesti\u00f3n a nivel local: as\u00ed, las decisiones m\u00e1s importantes quedar\u00e1n en manos del ministro de<a class=\"read-more\" href=\"https:\/\/elfederalmendoza.com.ar\/index.php\/2023\/08\/04\/lejos-de-la-campana-alberto-fernandez-encara-el-final-de-su-mandato-viajando-por-el-mundo\/\"> [&hellip;]<\/a><\/p>\n","protected":false},"author":2,"featured_media":25950,"comment_status":"open","ping_status":"open","sticky":false,"template":"","format":"standard","meta":{"footnotes":""},"categories":[5618],"tags":[],"class_list":["post-25930","post","type-post","status-publish","format-standard","has-post-thumbnail","hentry","category-arg"],"rttpg_featured_image_url":{"full":["https:\/\/elfederalmendoza.com.ar\/wp-content\/uploads\/2023\/08\/alberto-y-fabiola.jpg",1167,645,false],"landscape":["https:\/\/elfederalmendoza.com.ar\/wp-content\/uploads\/2023\/08\/alberto-y-fabiola.jpg",1167,645,false],"portraits":["https:\/\/elfederalmendoza.com.ar\/wp-content\/uploads\/2023\/08\/alberto-y-fabiola.jpg",1167,645,false],"thumbnail":["https:\/\/elfederalmendoza.com.ar\/wp-content\/uploads\/2023\/08\/alberto-y-fabiola-150x150.jpg",150,150,true],"medium":["https:\/\/elfederalmendoza.com.ar\/wp-content\/uploads\/2023\/08\/alberto-y-fabiola-300x166.jpg",300,166,true],"large":["https:\/\/elfederalmendoza.com.ar\/wp-content\/uploads\/2023\/08\/alberto-y-fabiola-1024x566.jpg",640,354,true],"1536x1536":["https:\/\/elfederalmendoza.com.ar\/wp-content\/uploads\/2023\/08\/alberto-y-fabiola.jpg",1167,645,false],"2048x2048":["https:\/\/elfederalmendoza.com.ar\/wp-content\/uploads\/2023\/08\/alberto-y-fabiola.jpg",1167,645,false],"ultp_layout_landscape_large":["https:\/\/elfederalmendoza.com.ar\/wp-content\/uploads\/2023\/08\/alberto-y-fabiola.jpg",1167,645,false],"ultp_layout_landscape":["https:\/\/elfederalmendoza.com.ar\/wp-content\/uploads\/2023\/08\/alberto-y-fabiola-870x570.jpg",870,570,true],"ultp_layout_portrait":["https:\/\/elfederalmendoza.com.ar\/wp-content\/uploads\/2023\/08\/alberto-y-fabiola-600x645.jpg",600,645,true],"ultp_layout_square":["https:\/\/elfederalmendoza.com.ar\/wp-content\/uploads\/2023\/08\/alberto-y-fabiola-600x600.jpg",600,600,true],"rpwe-thumbnail":["https:\/\/elfederalmendoza.com.ar\/wp-content\/uploads\/2023\/08\/alberto-y-fabiola-45x45.jpg",45,45,true],"advps-thumb-one":["https:\/\/elfederalmendoza.com.ar\/wp-content\/uploads\/2023\/08\/alberto-y-fabiola-1167x420.jpg",1167,420,true]},"rttpg_author":{"display_name":"Redacci\u00f3n El Federal","author_link":"https:\/\/elfederalmendoza.com.ar\/index.php\/author\/angelflores\/"},"rttpg_comment":0,"rttpg_category":"<a href=\"https:\/\/elfederalmendoza.com.ar\/index.php\/category\/arg\/\" rel=\"category tag\">Argentina<\/a>","rttpg_excerpt":"Relegado de la campa\u00f1a electoral,\u00a0Alberto Fern\u00e1ndez encara el final de su mandato con una\u00a0agenda de marcado tono internacional viajando por el mundo. Para los pr\u00f3ximos meses, el Presidente tiene\u00a0programados varios viajes al exterior\u00a0que le permitir\u00e1n evitar el desgaste de la gesti\u00f3n a nivel local: as\u00ed, las decisiones m\u00e1s importantes quedar\u00e1n en manos del ministro de&hellip;","_links":{"self":[{"href":"https:\/\/elfederalmendoza.com.ar\/index.php\/wp-json\/wp\/v2\/posts\/25930","targetHints":{"allow":["GET"]}}],"collection":[{"href":"https:\/\/elfederalmendoza.com.ar\/index.php\/wp-json\/wp\/v2\/posts"}],"about":[{"href":"https:\/\/elfederalmendoza.com.ar\/index.php\/wp-json\/wp\/v2\/types\/post"}],"author":[{"embeddable":true,"href":"https:\/\/elfederalmendoza.com.ar\/index.php\/wp-json\/wp\/v2\/users\/2"}],"replies":[{"embeddable":true,"href":"https:\/\/elfederalmendoza.com.ar\/index.php\/wp-json\/wp\/v2\/comments?post=25930"}],"version-history":[{"count":3,"href":"https:\/\/elfederalmendoza.com.ar\/index.php\/wp-json\/wp\/v2\/posts\/25930\/revisions"}],"predecessor-version":[{"id":25953,"href":"https:\/\/elfederalmendoza.com.ar\/index.php\/wp-json\/wp\/v2\/posts\/25930\/revisions\/25953"}],"wp:featuredmedia":[{"embeddable":true,"href":"https:\/\/elfederalmendoza.com.ar\/index.php\/wp-json\/wp\/v2\/media\/25950"}],"wp:attachment":[{"href":"https:\/\/elfederalmendoza.com.ar\/index.php\/wp-json\/wp\/v2\/media?parent=25930"}],"wp:term":[{"taxonomy":"category","embeddable":true,"href":"https:\/\/elfederalmendoza.com.ar\/index.php\/wp-json\/wp\/v2\/categories?post=25930"},{"taxonomy":"post_tag","embeddable":true,"href":"https:\/\/elfederalmendoza.com.ar\/index.php\/wp-json\/wp\/v2\/tags?post=25930"}],"curies":[{"name":"wp","href":"https:\/\/api.w.org\/{rel}","templated":true}]}}