{"id":25991,"date":"2023-08-06T08:40:45","date_gmt":"2023-08-06T11:40:45","guid":{"rendered":"https:\/\/elfederalmendoza.com\/?p=25991"},"modified":"2023-08-06T08:40:45","modified_gmt":"2023-08-06T11:40:45","slug":"es-o-no-es-luis-ventura-aseguro-que-luis-miguel-no-vino-a-la-argentina-y-dijo-que-no-trajo-un-doble-trajo-tres","status":"publish","type":"post","link":"https:\/\/elfederalmendoza.com.ar\/index.php\/2023\/08\/06\/es-o-no-es-luis-ventura-aseguro-que-luis-miguel-no-vino-a-la-argentina-y-dijo-que-no-trajo-un-doble-trajo-tres\/","title":{"rendered":"\u00bfEs o no es? Luis Ventura asegur\u00f3 que Luis Miguel no vino a la Argentina y dijo que \u00abNo trajo un doble, trajo tres\u00bb"},"content":{"rendered":"\n<p>El periodista resalt\u00f3 que el cantante no es el que hizo el recital\u00a0y tambi\u00e9n se refiri\u00f3 a la madre del mexicano que, seg\u00fan el comunicador, contin\u00faa viva. <\/p>\n\n\n\n<p>Desde que\u00a0<strong>Luis Miguel\u00a0<\/strong>confirm\u00f3 sus recitales en\u00a0<strong>Argentina\u00a0<\/strong>la locura por las fan\u00e1ticas del Sol de M\u00e9xico es absoluta. Justamente, este jueves dio el primero de sus diez Movistar Arena,\u00a0pero a muchos admiradores le sorprendi\u00f3 el f\u00edsico del cantante, llegando a creer que quien estaba arriba del escenario, no era \u00e9l.<\/p>\n\n\n\n<figure class=\"wp-block-embed is-type-video is-provider-youtube wp-block-embed-youtube wp-embed-aspect-16-9 wp-has-aspect-ratio\"><div class=\"wp-block-embed__wrapper\">\n<iframe loading=\"lazy\" title=\"LUIS MIGUEL \u201cDORMIR CONTIGO \u201d 1er SHOW TOUR 2023 MOVISTAR ARENA  BUENOS AIRES ARGENTINA 03 08 2023\" width=\"640\" height=\"360\" src=\"https:\/\/www.youtube.com\/embed\/I9chKSn-8j0?feature=oembed\" frameborder=\"0\" allow=\"accelerometer; autoplay; clipboard-write; encrypted-media; gyroscope; picture-in-picture; web-share\" referrerpolicy=\"strict-origin-when-cross-origin\" allowfullscreen><\/iframe>\n<\/div><\/figure>\n\n\n\n<p>Por supuesto que ante esto, comenzaron a correr fuertes rumores de que en realidad quien estaba cantando las canciones del mexicano se trataba de un doble. Sorpresivamente, tras este primer concierto en el pa\u00eds, Luis no hizo ninguna publicaci\u00f3n con respecto al show ni a las versiones de un supuesto doble.<\/p>\n\n\n\n<p>Sin embargo, quien se refiri\u00f3 al tema fue<strong> Luis Ventura<\/strong> con tremendas declaraciones.\u00a0En di\u00e1logo con Mat\u00edas V\u00e1zquez, el periodista habl\u00f3 sobre estos fuertes rumores, dio su contundente opini\u00f3n y tambi\u00e9n se sincer\u00f3 al hablar sobre Marcela Basteri, la mam\u00e1 del cantante, que seg\u00fan \u00e9l contin\u00faa viva.<\/p>\n\n\n\n<p>Cabe destacar que Luis Ventura recorri\u00f3 distintas partes del mundo para comprobar su hip\u00f3tesis y afirmar desde hace a\u00f1os que la mam\u00e1 del cantante mexicano contin\u00faa viva, pese a que hace m\u00e1s de 30 a\u00f1os hab\u00edan anunciado que la encontraron sin vida luego de su desaparici\u00f3n.<\/p>\n\n\n\n<p>Por otro lado, Luis Miguel nunca habl\u00f3 sobre estas versiones de que su madre sigue viva y en Argentina. Por el momento, tambi\u00e9n llam\u00f3 al silencio con respecto a los rumores de los supuestos dobles en su recital, algo que Ventura confirm\u00f3.<\/p>\n\n\n\n<blockquote class=\"twitter-tweet\"><p lang=\"es\" dir=\"ltr\">Luis Ventura sobre los shows de Luis Miguel en Argentina <a href=\"https:\/\/t.co\/DYwVF7g1GP\">pic.twitter.com\/DYwVF7g1GP<\/a><\/p>&mdash; Revista PRONTO (@Revista_PRONTO) <a href=\"https:\/\/twitter.com\/Revista_PRONTO\/status\/1687569071410167808?ref_src=twsrc%5Etfw\">August 4, 2023<\/a><\/blockquote> <script async src=\"https:\/\/platform.twitter.com\/widgets.js\" charset=\"utf-8\"><\/script>\n\n\n\n<p><\/p>\n","protected":false},"excerpt":{"rendered":"<p>El periodista resalt\u00f3 que el cantante no es el que hizo el recital\u00a0y tambi\u00e9n se refiri\u00f3 a la madre del mexicano que, seg\u00fan el comunicador, contin\u00faa viva. Desde que\u00a0Luis Miguel\u00a0confirm\u00f3 sus recitales en\u00a0Argentina\u00a0la locura por las fan\u00e1ticas del Sol de M\u00e9xico es absoluta. Justamente, este jueves dio el primero de sus diez Movistar Arena,\u00a0pero a<a class=\"read-more\" href=\"https:\/\/elfederalmendoza.com.ar\/index.php\/2023\/08\/06\/es-o-no-es-luis-ventura-aseguro-que-luis-miguel-no-vino-a-la-argentina-y-dijo-que-no-trajo-un-doble-trajo-tres\/\"> [&hellip;]<\/a><\/p>\n","protected":false},"author":2,"featured_media":25993,"comment_status":"open","ping_status":"open","sticky":false,"template":"","format":"standard","meta":{"footnotes":""},"categories":[5618],"tags":[],"class_list":["post-25991","post","type-post","status-publish","format-standard","has-post-thumbnail","hentry","category-arg"],"rttpg_featured_image_url":{"full":["https:\/\/elfederalmendoza.com.ar\/wp-content\/uploads\/2023\/08\/ES-O-NO-ES.jpg",1042,646,false],"landscape":["https:\/\/elfederalmendoza.com.ar\/wp-content\/uploads\/2023\/08\/ES-O-NO-ES.jpg",1042,646,false],"portraits":["https:\/\/elfederalmendoza.com.ar\/wp-content\/uploads\/2023\/08\/ES-O-NO-ES.jpg",1042,646,false],"thumbnail":["https:\/\/elfederalmendoza.com.ar\/wp-content\/uploads\/2023\/08\/ES-O-NO-ES-150x150.jpg",150,150,true],"medium":["https:\/\/elfederalmendoza.com.ar\/wp-content\/uploads\/2023\/08\/ES-O-NO-ES-300x186.jpg",300,186,true],"large":["https:\/\/elfederalmendoza.com.ar\/wp-content\/uploads\/2023\/08\/ES-O-NO-ES-1024x635.jpg",640,397,true],"1536x1536":["https:\/\/elfederalmendoza.com.ar\/wp-content\/uploads\/2023\/08\/ES-O-NO-ES.jpg",1042,646,false],"2048x2048":["https:\/\/elfederalmendoza.com.ar\/wp-content\/uploads\/2023\/08\/ES-O-NO-ES.jpg",1042,646,false],"ultp_layout_landscape_large":["https:\/\/elfederalmendoza.com.ar\/wp-content\/uploads\/2023\/08\/ES-O-NO-ES.jpg",1042,646,false],"ultp_layout_landscape":["https:\/\/elfederalmendoza.com.ar\/wp-content\/uploads\/2023\/08\/ES-O-NO-ES-870x570.jpg",870,570,true],"ultp_layout_portrait":["https:\/\/elfederalmendoza.com.ar\/wp-content\/uploads\/2023\/08\/ES-O-NO-ES-600x646.jpg",600,646,true],"ultp_layout_square":["https:\/\/elfederalmendoza.com.ar\/wp-content\/uploads\/2023\/08\/ES-O-NO-ES-600x600.jpg",600,600,true],"rpwe-thumbnail":["https:\/\/elfederalmendoza.com.ar\/wp-content\/uploads\/2023\/08\/ES-O-NO-ES-45x45.jpg",45,45,true],"advps-thumb-one":["https:\/\/elfederalmendoza.com.ar\/wp-content\/uploads\/2023\/08\/ES-O-NO-ES-1042x420.jpg",1042,420,true]},"rttpg_author":{"display_name":"Redacci\u00f3n El Federal","author_link":"https:\/\/elfederalmendoza.com.ar\/index.php\/author\/angelflores\/"},"rttpg_comment":0,"rttpg_category":"<a href=\"https:\/\/elfederalmendoza.com.ar\/index.php\/category\/arg\/\" rel=\"category tag\">Argentina<\/a>","rttpg_excerpt":"El periodista resalt\u00f3 que el cantante no es el que hizo el recital\u00a0y tambi\u00e9n se refiri\u00f3 a la madre del mexicano que, seg\u00fan el comunicador, contin\u00faa viva. Desde que\u00a0Luis Miguel\u00a0confirm\u00f3 sus recitales en\u00a0Argentina\u00a0la locura por las fan\u00e1ticas del Sol de M\u00e9xico es absoluta. Justamente, este jueves dio el primero de sus diez Movistar Arena,\u00a0pero a&hellip;","_links":{"self":[{"href":"https:\/\/elfederalmendoza.com.ar\/index.php\/wp-json\/wp\/v2\/posts\/25991","targetHints":{"allow":["GET"]}}],"collection":[{"href":"https:\/\/elfederalmendoza.com.ar\/index.php\/wp-json\/wp\/v2\/posts"}],"about":[{"href":"https:\/\/elfederalmendoza.com.ar\/index.php\/wp-json\/wp\/v2\/types\/post"}],"author":[{"embeddable":true,"href":"https:\/\/elfederalmendoza.com.ar\/index.php\/wp-json\/wp\/v2\/users\/2"}],"replies":[{"embeddable":true,"href":"https:\/\/elfederalmendoza.com.ar\/index.php\/wp-json\/wp\/v2\/comments?post=25991"}],"version-history":[{"count":1,"href":"https:\/\/elfederalmendoza.com.ar\/index.php\/wp-json\/wp\/v2\/posts\/25991\/revisions"}],"predecessor-version":[{"id":25994,"href":"https:\/\/elfederalmendoza.com.ar\/index.php\/wp-json\/wp\/v2\/posts\/25991\/revisions\/25994"}],"wp:featuredmedia":[{"embeddable":true,"href":"https:\/\/elfederalmendoza.com.ar\/index.php\/wp-json\/wp\/v2\/media\/25993"}],"wp:attachment":[{"href":"https:\/\/elfederalmendoza.com.ar\/index.php\/wp-json\/wp\/v2\/media?parent=25991"}],"wp:term":[{"taxonomy":"category","embeddable":true,"href":"https:\/\/elfederalmendoza.com.ar\/index.php\/wp-json\/wp\/v2\/categories?post=25991"},{"taxonomy":"post_tag","embeddable":true,"href":"https:\/\/elfederalmendoza.com.ar\/index.php\/wp-json\/wp\/v2\/tags?post=25991"}],"curies":[{"name":"wp","href":"https:\/\/api.w.org\/{rel}","templated":true}]}}