{"id":26013,"date":"2023-08-06T11:51:29","date_gmt":"2023-08-06T14:51:29","guid":{"rendered":"https:\/\/elfederalmendoza.com\/?p=26013"},"modified":"2023-08-06T11:51:30","modified_gmt":"2023-08-06T14:51:30","slug":"berni-macri-tenia-50-de-inflacion-y-nosotros-100-pero-ahora-la-gente-esta-mejor","status":"publish","type":"post","link":"https:\/\/elfederalmendoza.com.ar\/index.php\/2023\/08\/06\/berni-macri-tenia-50-de-inflacion-y-nosotros-100-pero-ahora-la-gente-esta-mejor\/","title":{"rendered":"Berni: \u00abMacri ten\u00eda 50% de inflaci\u00f3n y nosotros 100%, pero ahora la gente est\u00e1 mejor\u00bb"},"content":{"rendered":"\n<p>El ministro de Seguridad bonaerense,<strong>&nbsp;Sergio Berni,<\/strong>&nbsp;dijo que la gente \u00abest\u00e1&nbsp;<strong>mejor&nbsp;<\/strong>ahora\u00bb que en el \u00faltimo a\u00f1o del gobierno de&nbsp;<strong>Mauricio Macri,&nbsp;<\/strong>pese a reconocer que en ese per\u00edodo hab\u00eda&nbsp;<strong>50%<\/strong>&nbsp;de inflaci\u00f3n contra el&nbsp;<strong>100%<\/strong>&nbsp;actual.<\/p>\n\n\n\n<p>El precandidato a senador bonaerense de Uni\u00f3n por la Patria plante\u00f3: \u00abA diferencia del gobierno de Macri, que ten\u00eda 50% de inflaci\u00f3n, y nosotros 100%, cuando hablamos con la gente y le preguntamos c\u00f3mo est\u00e1n mejor, en el \u00faltimo a\u00f1o de Macri o el \u00faltimo de este Gobierno, la respuesta es un\u00e1nime, hay un pa\u00eds que est\u00e1 creciendo\u00bb.<\/p>\n\n\n\n<p>Adem\u00e1s, dijo que su esposa, la diputada nacional oficialista,\u00a0<strong>Agustina Propato,<\/strong>\u00a0\u00abfue una de las pocas que alz\u00f3 la voz en el Congreso en contra del acuerdo con el Fondo Monetario Internacional (FMI), advert\u00eda que iba a pasar lo que est\u00e1 pasando, que es totalmente<strong>\u00a0inflacionario\u00bb,\u00a0<\/strong>en declaraciones a<em>\u00a0Futur\u00f6ck FM.<\/em><\/p>\n\n\n\n<h2 class=\"wp-block-heading\"><strong>Massa llam\u00f3 a respaldar al oficialismo en las PASO, en alerta por el ausentismo: \u00abVayan a votar para defenderse\u00bb<\/strong><\/h2>\n\n\n\n<p><strong>Sergio Massa<\/strong> llam\u00f3 a respaldar al oficialismo en las PASO, en alerta por el ausentismo: \u00abVayan a votar para defenderse\u00bb.<\/p>\n\n\n\n<figure class=\"wp-block-image size-large\"><img loading=\"lazy\" decoding=\"async\" width=\"1024\" height=\"512\" src=\"https:\/\/elfederalmendoza.com\/wp-content\/uploads\/2023\/08\/sergio-massa3-1024x512.jpg\" alt=\"\" class=\"wp-image-26015\" srcset=\"https:\/\/elfederalmendoza.com.ar\/wp-content\/uploads\/2023\/08\/sergio-massa3-1024x512.jpg 1024w, https:\/\/elfederalmendoza.com.ar\/wp-content\/uploads\/2023\/08\/sergio-massa3-300x150.jpg 300w, https:\/\/elfederalmendoza.com.ar\/wp-content\/uploads\/2023\/08\/sergio-massa3-768x384.jpg 768w, https:\/\/elfederalmendoza.com.ar\/wp-content\/uploads\/2023\/08\/sergio-massa3.jpg 1400w\" sizes=\"auto, (max-width: 1024px) 100vw, 1024px\" \/><\/figure>\n\n\n\n<p>El precandidato presidencial de Uni\u00f3n por la Patria,&nbsp;<strong>Sergio Massa,<\/strong>&nbsp;convoc\u00f3 a la poblaci\u00f3n a participar en las PASO y respaldar al oficialismo, en alerta por el&nbsp;<strong>ausentismo,<\/strong>&nbsp;en un nuevo spot de campa\u00f1a, con cr\u00edticas a Juntos por el Cambio: \u00abVayan a votar para defenderse. Porque lo que est\u00e1 en discusi\u00f3n es si la Argentina es para poquitos o si es para todos\u00bb.<\/p>\n","protected":false},"excerpt":{"rendered":"<p>El ministro de Seguridad bonaerense,&nbsp;Sergio Berni,&nbsp;dijo que la gente \u00abest\u00e1&nbsp;mejor&nbsp;ahora\u00bb que en el \u00faltimo a\u00f1o del gobierno de&nbsp;Mauricio Macri,&nbsp;pese a reconocer que en ese per\u00edodo hab\u00eda&nbsp;50%&nbsp;de inflaci\u00f3n contra el&nbsp;100%&nbsp;actual. El precandidato a senador bonaerense de Uni\u00f3n por la Patria plante\u00f3: \u00abA diferencia del gobierno de Macri, que ten\u00eda 50% de inflaci\u00f3n, y nosotros 100%, cuando<a class=\"read-more\" href=\"https:\/\/elfederalmendoza.com.ar\/index.php\/2023\/08\/06\/berni-macri-tenia-50-de-inflacion-y-nosotros-100-pero-ahora-la-gente-esta-mejor\/\"> [&hellip;]<\/a><\/p>\n","protected":false},"author":2,"featured_media":26016,"comment_status":"open","ping_status":"open","sticky":false,"template":"","format":"standard","meta":{"footnotes":""},"categories":[5618],"tags":[],"class_list":["post-26013","post","type-post","status-publish","format-standard","has-post-thumbnail","hentry","category-arg"],"rttpg_featured_image_url":{"full":["https:\/\/elfederalmendoza.com.ar\/wp-content\/uploads\/2023\/08\/berni1.jpg",1200,720,false],"landscape":["https:\/\/elfederalmendoza.com.ar\/wp-content\/uploads\/2023\/08\/berni1.jpg",1200,720,false],"portraits":["https:\/\/elfederalmendoza.com.ar\/wp-content\/uploads\/2023\/08\/berni1.jpg",1200,720,false],"thumbnail":["https:\/\/elfederalmendoza.com.ar\/wp-content\/uploads\/2023\/08\/berni1-150x150.jpg",150,150,true],"medium":["https:\/\/elfederalmendoza.com.ar\/wp-content\/uploads\/2023\/08\/berni1-300x180.jpg",300,180,true],"large":["https:\/\/elfederalmendoza.com.ar\/wp-content\/uploads\/2023\/08\/berni1-1024x614.jpg",640,384,true],"1536x1536":["https:\/\/elfederalmendoza.com.ar\/wp-content\/uploads\/2023\/08\/berni1.jpg",1200,720,false],"2048x2048":["https:\/\/elfederalmendoza.com.ar\/wp-content\/uploads\/2023\/08\/berni1.jpg",1200,720,false],"ultp_layout_landscape_large":["https:\/\/elfederalmendoza.com.ar\/wp-content\/uploads\/2023\/08\/berni1.jpg",1200,720,false],"ultp_layout_landscape":["https:\/\/elfederalmendoza.com.ar\/wp-content\/uploads\/2023\/08\/berni1-870x570.jpg",870,570,true],"ultp_layout_portrait":["https:\/\/elfederalmendoza.com.ar\/wp-content\/uploads\/2023\/08\/berni1-600x720.jpg",600,720,true],"ultp_layout_square":["https:\/\/elfederalmendoza.com.ar\/wp-content\/uploads\/2023\/08\/berni1-600x600.jpg",600,600,true],"rpwe-thumbnail":["https:\/\/elfederalmendoza.com.ar\/wp-content\/uploads\/2023\/08\/berni1-45x45.jpg",45,45,true],"advps-thumb-one":["https:\/\/elfederalmendoza.com.ar\/wp-content\/uploads\/2023\/08\/berni1-1200x420.jpg",1200,420,true]},"rttpg_author":{"display_name":"Redacci\u00f3n El Federal","author_link":"https:\/\/elfederalmendoza.com.ar\/index.php\/author\/angelflores\/"},"rttpg_comment":0,"rttpg_category":"<a href=\"https:\/\/elfederalmendoza.com.ar\/index.php\/category\/arg\/\" rel=\"category tag\">Argentina<\/a>","rttpg_excerpt":"El ministro de Seguridad bonaerense,&nbsp;Sergio Berni,&nbsp;dijo que la gente \u00abest\u00e1&nbsp;mejor&nbsp;ahora\u00bb que en el \u00faltimo a\u00f1o del gobierno de&nbsp;Mauricio Macri,&nbsp;pese a reconocer que en ese per\u00edodo hab\u00eda&nbsp;50%&nbsp;de inflaci\u00f3n contra el&nbsp;100%&nbsp;actual. El precandidato a senador bonaerense de Uni\u00f3n por la Patria plante\u00f3: \u00abA diferencia del gobierno de Macri, que ten\u00eda 50% de inflaci\u00f3n, y nosotros 100%, cuando&hellip;","_links":{"self":[{"href":"https:\/\/elfederalmendoza.com.ar\/index.php\/wp-json\/wp\/v2\/posts\/26013","targetHints":{"allow":["GET"]}}],"collection":[{"href":"https:\/\/elfederalmendoza.com.ar\/index.php\/wp-json\/wp\/v2\/posts"}],"about":[{"href":"https:\/\/elfederalmendoza.com.ar\/index.php\/wp-json\/wp\/v2\/types\/post"}],"author":[{"embeddable":true,"href":"https:\/\/elfederalmendoza.com.ar\/index.php\/wp-json\/wp\/v2\/users\/2"}],"replies":[{"embeddable":true,"href":"https:\/\/elfederalmendoza.com.ar\/index.php\/wp-json\/wp\/v2\/comments?post=26013"}],"version-history":[{"count":1,"href":"https:\/\/elfederalmendoza.com.ar\/index.php\/wp-json\/wp\/v2\/posts\/26013\/revisions"}],"predecessor-version":[{"id":26017,"href":"https:\/\/elfederalmendoza.com.ar\/index.php\/wp-json\/wp\/v2\/posts\/26013\/revisions\/26017"}],"wp:featuredmedia":[{"embeddable":true,"href":"https:\/\/elfederalmendoza.com.ar\/index.php\/wp-json\/wp\/v2\/media\/26016"}],"wp:attachment":[{"href":"https:\/\/elfederalmendoza.com.ar\/index.php\/wp-json\/wp\/v2\/media?parent=26013"}],"wp:term":[{"taxonomy":"category","embeddable":true,"href":"https:\/\/elfederalmendoza.com.ar\/index.php\/wp-json\/wp\/v2\/categories?post=26013"},{"taxonomy":"post_tag","embeddable":true,"href":"https:\/\/elfederalmendoza.com.ar\/index.php\/wp-json\/wp\/v2\/tags?post=26013"}],"curies":[{"name":"wp","href":"https:\/\/api.w.org\/{rel}","templated":true}]}}