{"id":26075,"date":"2023-08-08T09:18:12","date_gmt":"2023-08-08T12:18:12","guid":{"rendered":"https:\/\/elfederalmendoza.com\/?p=26075"},"modified":"2023-08-08T09:18:13","modified_gmt":"2023-08-08T12:18:13","slug":"fotos-y-videos-milei-ante-una-multitud-dijo-que-un-riojano-volvio-a-poner-al-pais-en-la-senda-del-crecimiento","status":"publish","type":"post","link":"https:\/\/elfederalmendoza.com.ar\/index.php\/2023\/08\/08\/fotos-y-videos-milei-ante-una-multitud-dijo-que-un-riojano-volvio-a-poner-al-pais-en-la-senda-del-crecimiento\/","title":{"rendered":"-FOTOS Y VIDEOS- Milei ante una multitud dijo que \u00abun riojano volvi\u00f3 a poner al pa\u00eds en la senda del crecimiento\u00bb"},"content":{"rendered":"\n<p><strong>Javier Milei<\/strong>\u00a0expuso el m\u00fasculo pol\u00edtico que\u00a0<strong>La Libertad Avanza (LLA)\u00a0<\/strong>logr\u00f3 en los \u00faltimos dos a\u00f1os y le pidi\u00f3 a su militancia que el domingo vaya a votar. \u201cNo se queden en sus casas, la forma de cambiar este modelo es yendo a votar\u201d, grit\u00f3\u00a0<strong>Milei<\/strong>, de cara al\u00a0<strong>pr\u00f3ximo 13 de agosto,<\/strong>\u00a0en su acto de cierre de campa\u00f1a.\u00a0\u00abCuando hace dos a\u00f1os arrancamos este recorrido no daban dos mangos por nosotros. A pesar de todo, logramos formar el espacio\u00bb, se\u00f1al\u00f3. \u00abY una vez que ten\u00edamos el veh\u00edculo para competir, nos dijeron que los liberales \u00e9ramos muy simp\u00e1ticos para las audiencias en la tele, pero no para generar votos\u201d, record\u00f3.<\/p>\n\n\n\n<p>En un discurso de una hora, el precandidato a presidente por la LLA le carg\u00f3 su impronta libertaria al acto de este lunes en el Movistar Arena, frente a 15 mil personas. A diferencia de otros discursos,\u00a0<strong>Milei<\/strong>\u00a0esta vez no mencion\u00f3 a ninguno de sus competidores. Solo se limit\u00f3 a decir que \u201cson los mismos que en 2001\u201d y agit\u00f3 el c\u00e1ntico que marc\u00f3 aquella \u00e9poca, \u201cque se vayan todos\u201d. A diferencia de otros competidores, no record\u00f3 que Patricia Bullrich form\u00f3 parte de aquel Gobierno.<\/p>\n\n\n\n<blockquote class=\"twitter-tweet\"><p lang=\"es\" dir=\"ltr\">Llenamos el Movistar Arena un lunes a las 10 de la noche. Con todos los medios en contra. Con toda la pol\u00edtica en contra. Con todos los chorros de este pa\u00eds en contra. Solos. Un conjunto de ciudadanos con ganas de cambiar el pa\u00eds, liderados por Javier Milei. La libertad avanza. <a href=\"https:\/\/t.co\/0GZ8G1tY9h\">https:\/\/t.co\/0GZ8G1tY9h<\/a><\/p>&mdash; Agust\u00edn Romo (@agustinromm) <a href=\"https:\/\/twitter.com\/agustinromm\/status\/1688747930130235392?ref_src=twsrc%5Etfw\">August 8, 2023<\/a><\/blockquote> <script async src=\"https:\/\/platform.twitter.com\/widgets.js\" charset=\"utf-8\"><\/script>\n\n\n\n<p>En su cierre de campa\u00f1a eligi\u00f3 hablar solo de dos ex presidentes por nombre y apellido: Hip\u00f3lito Yirigoyen, primer mandatario de la Uni\u00f3n C\u00edvica Radical, y el \u201c\u00faltimo Gobierno liberal\u201d de Carlos Menem, que lo defini\u00f3 como \u201cun riojano que, con falencias, volvi\u00f3 a poner al pa\u00eds en la senda del crecimiento\u201d. Esto le vali\u00f3 el aplauso del p\u00fablico. En cambio, al primer presidente argentino despu\u00e9s de la Ley Saenz Pe\u00f1a, lo ubic\u00f3 como \u201cel primer populista del modelo clientelista\u201d. \u201cEl que no salta es radical\u201d, grit\u00f3 el p\u00fablico.<\/p>\n\n\n\n<figure class=\"wp-block-image is-resized\"><img loading=\"lazy\" decoding=\"async\" src=\"https:\/\/www.mdzol.com\/u\/fotografias\/m\/2023\/8\/7\/f768x511-1455178_1511260_5050.jpg\" alt=\"\" width=\"837\" height=\"557\"\/><figcaption class=\"wp-element-caption\">MILEI ESTUVO ACOMPA\u00d1ADO POR SUS PRINCIPALES FIGURAS DEL PA\u00cdS. CR\u00c9DITOS: T\u00c9LAM.<\/figcaption><\/figure>\n\n\n\n<p>En otro momento del discurso, se refiri\u00f3 al Gobierno de Mauricio Macri. No nombr\u00f3 al ex presidente, pero s\u00ed dijo \u201cCambiemos\u201d y los abucheos, t\u00edmidamente, se hicieron sentir. Remarc\u00f3 que \u201cera un&nbsp;<em>outsider&nbsp;<\/em>con buenas intenciones, pero que termin\u00f3 cooptado por los intereses de los pol\u00edticos\u201d. Y en ese momento dej\u00f3 un diagn\u00f3stico: \u201cPuede ser la \u00faltima oportunidad de tener un Gobierno liberal por las pr\u00e1cticas colectivistas de los adversarios\u201d.<\/p>\n\n\n\n<p>\u00abEste modelo de pol\u00edticos ladrones, empresarios prebendarios, sindicalistas que le dan la espalda a los trabajadores dej\u00f3 este desastre\u201d, indic\u00f3\u00a0<strong>Milei<\/strong>. Y agreg\u00f3: \u201cEn ese contexto, de tener una sociedad de ricos pasamos a tener una sociedad de pobres, donde los \u00fanicos que prosperaron son los de la maldita clase pol\u00edtica\u201d. Mientras tanto, las pantallas al lado del escenario mostraban a una persona con disfraz de motosierra. S\u00ed, su cabeza simulaba ser una motosierra, la herramienta con la que los ultraliberales tienen previsto avanzar contra la casta.<\/p>\n\n\n\n<figure class=\"wp-block-image is-resized\"><img loading=\"lazy\" decoding=\"async\" src=\"https:\/\/www.mdzol.com\/u\/fotografias\/m\/2023\/8\/7\/f768x511-1455174_1511256_5050.jpg\" alt=\"\" width=\"841\" height=\"560\"\/><figcaption class=\"wp-element-caption\">EL P\u00daBLICO TRUMPISTA ESTUVO PRESENTE EN LA JORNADA. CR\u00c9DITOS: T\u00c9LAM.<\/figcaption><\/figure>\n\n\n\n<p>No fue el \u00fanico disfrazado. En la previa un joven estaba con un tejido de le\u00f3n que le cubr\u00eda todo el cuerpo y cabeza. Francisco Di Marco, un empleado de comercio de 22 a\u00f1os, lleg\u00f3 desde Jun\u00edn, Buenos Aires, con una gorra que fue parte de la campa\u00f1a norteamericana en 2020. \u201cTrump 2020. Keep America great (mant\u00e9n Am\u00e9rica grande)\u201d, dec\u00eda. \u201cEstuve en su cierre de campa\u00f1a y la traje desde all\u00e1 para este momento hist\u00f3rico\u201d, dijo Francisco. Lo cierto es que el presidente de Estados Unidos no fue reelecto en esa elecci\u00f3n, tras perder contra el dem\u00f3crata Joe Biden.<\/p>\n\n\n\n<p>\u201c<strong>Milei&nbsp;<\/strong>y Trump son dos personas que pueden llegar a cambiar las cosas. Javier habla con verdad y propone cosas que nunca nadie propuso. Habla de la libertad cuando ning\u00fan pol\u00edtico en la Argentina habla as\u00ed\u201d, analiz\u00f3. El joven trumpista cree que \u201cel Banco Central le roba a los argentinos todos los d\u00edas con la inflaci\u00f3n que genera y lo usa para financiarse ellos (los pol\u00edticos)\u201d. \u201cEl pueblo no tiene porque estar pagando la joda de los pol\u00edticos\u201d, remarc\u00f3.<\/p>\n\n\n\n<h2 class=\"wp-block-heading\">Ramiro Marra, uno m\u00e1s entre el p\u00fablico de Milei<\/h2>\n\n\n\n<figure class=\"wp-block-image is-resized\"><img loading=\"lazy\" decoding=\"async\" src=\"https:\/\/content.jwplatform.com\/thumbs\/wuujeK6F-720.jpg\" alt=\"Loading video\" width=\"837\" height=\"1490\"\/><\/figure>\n\n\n\n<p>\u201cYo llegu\u00e9 ac\u00e1 por \u00e9l\u201d, cuenta Mario, un t\u00e9cnico mec\u00e1nico de Lincoln, Buenos Aires, y se\u00f1ala a su hijo, un chico de 18 a\u00f1os que conoci\u00f3 a&nbsp;<strong>Javier Milei&nbsp;<\/strong>\u201cpor televisi\u00f3n\u201d en 2019. \u201cMi sue\u00f1o es trabajar con \u00e9l, pero as\u00ed como est\u00e1n las cosas no hay forma, yo me muero si se va del pa\u00eds, y el \u00fanico que propone un cambio es&nbsp;<strong>Milei<\/strong>\u201d, coment\u00f3 el padre. Del economista ultraliberal valor\u00f3 que \u201cpuede explicar econom\u00eda a los que no saben\u201d. \u201cYo no s\u00e9, pero lo escuch\u00f3 a \u00e9l y entiendo las cosas que pasan\u201d, se\u00f1al\u00f3.<\/p>\n\n\n\n<p>En la primera parte de su discurso,&nbsp;<strong>Milei&nbsp;<\/strong>valor\u00f3 el armado pol\u00edtico que construy\u00f3 y que en la elecci\u00f3n nacional de 2021 consigui\u00f3 el 15% de los votos en la Ciudad de Buenos Aires. Para el pr\u00f3ximo domingo aspiran a superar los 20 puntos y los m\u00e1s optimistas los 25.&nbsp;<\/p>\n\n\n\n<figure class=\"wp-block-image is-resized\"><img loading=\"lazy\" decoding=\"async\" src=\"https:\/\/www.mdzol.com\/u\/fotografias\/m\/2023\/8\/7\/f768x490-1455175_1508953_5066.jpg\" alt=\"\" width=\"839\" height=\"535\"\/><figcaption class=\"wp-element-caption\">MUCHOS ELIGIERON DISFRACES PARA ACOMPA\u00d1AR A MILEI. CR\u00c9DITOS: T\u00c9LAM.<\/figcaption><\/figure>\n\n\n\n<p>\u201cDijeron que no \u00edbamos a pasar el piso de las&nbsp;<strong>PASO<\/strong>, despu\u00e9s que nos iba a ganar la izquierda. Sobre el propio d\u00eda de las elecciones comenzaron a disimular los conteos de los bocas de urnas para que no pas\u00e1ramos el 8%, a pesar de eso, terminamos sacando el 13,5% de los votos. Despu\u00e9s de eso segu\u00edan insistiendo en operarnos y que no \u00edbamos a conseguir ni una banca en diputados. Conseguimos dos y cinco legisladores\u00bb, valor\u00f3 el ultraliberal.&nbsp;<\/p>\n\n\n\n<p>Atr\u00e1s suyo\u00a0estaba su compa\u00f1era de f\u00f3rmula Victoria Villarruel, el precandidato a jefe de Gobierno Ramiro Marra, la precandidata a gobernadora bonaerense, Carolina P\u00edparo, el precandidato a Intendente de La Matanza David \u201cEl Dipy\u201d Martinez y el ex candidato a gobernador de La Rioja <strong>Mart\u00edn Menem<\/strong>. Todos ellos arriba del escenario. Entre bambalinas estaba Karina \u201cEl Jefe\u201d, que sigui\u00f3 todo el discurso a un costado, y fue destacada por\u00a0<strong>Milei<\/strong>.<\/p>\n\n\n\n<figure class=\"wp-block-image is-resized\"><img loading=\"lazy\" decoding=\"async\" src=\"https:\/\/www.mdzol.com\/u\/fotografias\/m\/2023\/8\/7\/f768x505-1455179_1510602_5050.jpg\" alt=\"\" width=\"837\" height=\"550\"\/><\/figure>\n\n\n\n<p>El que no subi\u00f3 fue Carlos Kikuchi, el armador de\u00a0<strong>Milei\u00a0<\/strong>en todo el territorio nacional, que sigui\u00f3 toda la jornada desde un palco en las gradas. Al lado suyo estaba el sindicalista de los peones rurales de la Uatre\u00a0Pablo Ansaloni, que fue acusado de antisemita por abonar a la teor\u00eda de que \u201clos jud\u00edos no tienen patria\u201d.<\/p>\n\n\n\n<p>En la previa tambi\u00e9n hubo tiempo para el agite. Marra, vestido de traje gris, se meti\u00f3 entre el p\u00fablico y empez\u00f3 a arengar \u201cla casta tiene miedo\u201d. Hasta que se encontr\u00f3 con un grupo de mile\u00edstas que ten\u00edan preparada la batucada y potenciaron el grito libertario. Ah\u00ed lo subieron a los hombros y empez\u00f3 a corear con todo el estadio. Tuvo su minuto de fama.<\/p>\n\n\n\n<blockquote class=\"twitter-tweet\"><p lang=\"es\" dir=\"ltr\">\ud83d\udfe1 Aunque usted no lo crea, incre\u00edble cierre de campa\u00f1a del candidato presidencial <a href=\"https:\/\/twitter.com\/JMilei?ref_src=twsrc%5Etfw\">@JMilei<\/a> en Argentina.<br><br>\u00bfTiene realmente Milei posibilidades de ganar la presidencia Argentina?<a href=\"https:\/\/t.co\/cZpQYv2s9z\">pic.twitter.com\/cZpQYv2s9z<\/a><\/p>&mdash; Distrito Financiero (@dttofinanciero) <a href=\"https:\/\/twitter.com\/dttofinanciero\/status\/1688773706678517760?ref_src=twsrc%5Etfw\">August 8, 2023<\/a><\/blockquote> <script async src=\"https:\/\/platform.twitter.com\/widgets.js\" charset=\"utf-8\"><\/script>\n","protected":false},"excerpt":{"rendered":"<p>Javier Milei\u00a0expuso el m\u00fasculo pol\u00edtico que\u00a0La Libertad Avanza (LLA)\u00a0logr\u00f3 en los \u00faltimos dos a\u00f1os y le pidi\u00f3 a su militancia que el domingo vaya a votar. \u201cNo se queden en sus casas, la forma de cambiar este modelo es yendo a votar\u201d, grit\u00f3\u00a0Milei, de cara al\u00a0pr\u00f3ximo 13 de agosto,\u00a0en su acto de cierre de campa\u00f1a.\u00a0\u00abCuando<a class=\"read-more\" href=\"https:\/\/elfederalmendoza.com.ar\/index.php\/2023\/08\/08\/fotos-y-videos-milei-ante-una-multitud-dijo-que-un-riojano-volvio-a-poner-al-pais-en-la-senda-del-crecimiento\/\"> [&hellip;]<\/a><\/p>\n","protected":false},"author":2,"featured_media":26078,"comment_status":"open","ping_status":"open","sticky":false,"template":"","format":"standard","meta":{"footnotes":""},"categories":[5618],"tags":[],"class_list":["post-26075","post","type-post","status-publish","format-standard","has-post-thumbnail","hentry","category-arg"],"rttpg_featured_image_url":{"full":["https:\/\/elfederalmendoza.com.ar\/wp-content\/uploads\/2023\/08\/MILEI-ARENA.jpg",951,638,false],"landscape":["https:\/\/elfederalmendoza.com.ar\/wp-content\/uploads\/2023\/08\/MILEI-ARENA.jpg",951,638,false],"portraits":["https:\/\/elfederalmendoza.com.ar\/wp-content\/uploads\/2023\/08\/MILEI-ARENA.jpg",951,638,false],"thumbnail":["https:\/\/elfederalmendoza.com.ar\/wp-content\/uploads\/2023\/08\/MILEI-ARENA-150x150.jpg",150,150,true],"medium":["https:\/\/elfederalmendoza.com.ar\/wp-content\/uploads\/2023\/08\/MILEI-ARENA-300x201.jpg",300,201,true],"large":["https:\/\/elfederalmendoza.com.ar\/wp-content\/uploads\/2023\/08\/MILEI-ARENA.jpg",640,429,false],"1536x1536":["https:\/\/elfederalmendoza.com.ar\/wp-content\/uploads\/2023\/08\/MILEI-ARENA.jpg",951,638,false],"2048x2048":["https:\/\/elfederalmendoza.com.ar\/wp-content\/uploads\/2023\/08\/MILEI-ARENA.jpg",951,638,false],"ultp_layout_landscape_large":["https:\/\/elfederalmendoza.com.ar\/wp-content\/uploads\/2023\/08\/MILEI-ARENA.jpg",951,638,false],"ultp_layout_landscape":["https:\/\/elfederalmendoza.com.ar\/wp-content\/uploads\/2023\/08\/MILEI-ARENA-870x570.jpg",870,570,true],"ultp_layout_portrait":["https:\/\/elfederalmendoza.com.ar\/wp-content\/uploads\/2023\/08\/MILEI-ARENA-600x638.jpg",600,638,true],"ultp_layout_square":["https:\/\/elfederalmendoza.com.ar\/wp-content\/uploads\/2023\/08\/MILEI-ARENA-600x600.jpg",600,600,true],"rpwe-thumbnail":["https:\/\/elfederalmendoza.com.ar\/wp-content\/uploads\/2023\/08\/MILEI-ARENA-45x45.jpg",45,45,true],"advps-thumb-one":["https:\/\/elfederalmendoza.com.ar\/wp-content\/uploads\/2023\/08\/MILEI-ARENA-951x420.jpg",951,420,true]},"rttpg_author":{"display_name":"Redacci\u00f3n El Federal","author_link":"https:\/\/elfederalmendoza.com.ar\/index.php\/author\/angelflores\/"},"rttpg_comment":0,"rttpg_category":"<a href=\"https:\/\/elfederalmendoza.com.ar\/index.php\/category\/arg\/\" rel=\"category tag\">Argentina<\/a>","rttpg_excerpt":"Javier Milei\u00a0expuso el m\u00fasculo pol\u00edtico que\u00a0La Libertad Avanza (LLA)\u00a0logr\u00f3 en los \u00faltimos dos a\u00f1os y le pidi\u00f3 a su militancia que el domingo vaya a votar. \u201cNo se queden en sus casas, la forma de cambiar este modelo es yendo a votar\u201d, grit\u00f3\u00a0Milei, de cara al\u00a0pr\u00f3ximo 13 de agosto,\u00a0en su acto de cierre de campa\u00f1a.\u00a0\u00abCuando&hellip;","_links":{"self":[{"href":"https:\/\/elfederalmendoza.com.ar\/index.php\/wp-json\/wp\/v2\/posts\/26075","targetHints":{"allow":["GET"]}}],"collection":[{"href":"https:\/\/elfederalmendoza.com.ar\/index.php\/wp-json\/wp\/v2\/posts"}],"about":[{"href":"https:\/\/elfederalmendoza.com.ar\/index.php\/wp-json\/wp\/v2\/types\/post"}],"author":[{"embeddable":true,"href":"https:\/\/elfederalmendoza.com.ar\/index.php\/wp-json\/wp\/v2\/users\/2"}],"replies":[{"embeddable":true,"href":"https:\/\/elfederalmendoza.com.ar\/index.php\/wp-json\/wp\/v2\/comments?post=26075"}],"version-history":[{"count":1,"href":"https:\/\/elfederalmendoza.com.ar\/index.php\/wp-json\/wp\/v2\/posts\/26075\/revisions"}],"predecessor-version":[{"id":26079,"href":"https:\/\/elfederalmendoza.com.ar\/index.php\/wp-json\/wp\/v2\/posts\/26075\/revisions\/26079"}],"wp:featuredmedia":[{"embeddable":true,"href":"https:\/\/elfederalmendoza.com.ar\/index.php\/wp-json\/wp\/v2\/media\/26078"}],"wp:attachment":[{"href":"https:\/\/elfederalmendoza.com.ar\/index.php\/wp-json\/wp\/v2\/media?parent=26075"}],"wp:term":[{"taxonomy":"category","embeddable":true,"href":"https:\/\/elfederalmendoza.com.ar\/index.php\/wp-json\/wp\/v2\/categories?post=26075"},{"taxonomy":"post_tag","embeddable":true,"href":"https:\/\/elfederalmendoza.com.ar\/index.php\/wp-json\/wp\/v2\/tags?post=26075"}],"curies":[{"name":"wp","href":"https:\/\/api.w.org\/{rel}","templated":true}]}}