{"id":26093,"date":"2023-08-08T10:16:00","date_gmt":"2023-08-08T13:16:00","guid":{"rendered":"https:\/\/elfederalmendoza.com\/?p=26093"},"modified":"2023-08-08T11:05:35","modified_gmt":"2023-08-08T14:05:35","slug":"massa-volvio-a-enojarse-porque-le-preguntaron-sobre-la-inflacion-y-estallo-no-mientas","status":"publish","type":"post","link":"https:\/\/elfederalmendoza.com.ar\/index.php\/2023\/08\/08\/massa-volvio-a-enojarse-porque-le-preguntaron-sobre-la-inflacion-y-estallo-no-mientas\/","title":{"rendered":"Massa volvi\u00f3 a enojarse porque le preguntaron sobre la inflaci\u00f3n y estall\u00f3: \u201cNo mientas\u201d"},"content":{"rendered":"\n<p>El ministro de Econom\u00eda y precandidato a presidente de Uni\u00f3n por la Patria,\u00a0<strong>Sergio Massa<\/strong>, volvi\u00f3 a expresar<strong>\u00a0su enojo contra otro periodista\u00a0<\/strong>que le pregunt\u00f3 sobre la\u00a0<strong>inflaci\u00f3n\u00a0<\/strong>y los fallidos pron\u00f3sticos que hizo hace unos meses.<\/p>\n\n\n\n<p>El tenso momento sucedi\u00f3 el lunes en el programa que conduce Jorge Lanata en<strong>\u00a0radio Mitre.<\/strong>\u00a0El periodista\u00a0<strong>Rolando Barbano\u00a0<\/strong>le pidi\u00f3 al responsable de la econom\u00eda del pa\u00eds una autocr\u00edtica sobre su gesti\u00f3n, mencionando que siempre se excusa con la gesti\u00f3n de Mauricio Macri o la sequ\u00eda.<\/p>\n\n\n\n<p><strong>\u201cUsted prometi\u00f3 una inflaci\u00f3n del 3% para abril<\/strong>&nbsp;y estamos en el 8%. Est\u00e1 en el archivo\u201d, le reclam\u00f3 el comunicador en la entrevista, en referencia a lo que hab\u00eda dicho Massa para abril de 2023.<\/p>\n\n\n\n<p>Fue en una entrevista con\u00a0<em>Perfil\u00a0<\/em>de enero \u00faltimo cuando Massa\u00a0<strong>anticip\u00f3 el objetivo de tener un IPC del 3%<\/strong>\u00a0en\u00a0<strong>abril<\/strong>:\u00a0\u201cEl objetivo es poner el tres adelante en abril\u201d, fue su declaraci\u00f3n. Seg\u00fan el Instituto Nacional de Estad\u00edstica y Censos (Indec), el IPC termin\u00f3 trepando al\u00a0<strong>8,4%\u00a0<\/strong>en ese mes, marcando el n\u00famero m\u00e1s alto en el a\u00f1o.<\/p>\n\n\n\n<p><strong>A Massa no le agrad\u00f3 que le recordaran<\/strong>\u00a0su pron\u00f3stico de inflaci\u00f3n y se cruz\u00f3 con el periodista de radio Mitre, acus\u00e1ndolo de \u201cmentiroso\u201d.<\/p>\n\n\n\n<p>\u201cSi pregunt\u00e1s mintiendo te tengo que corregir. La nota es en&nbsp;<em>Perfil&nbsp;<\/em>y dije \u2018aspiro a que empiece con 3\u2032.&nbsp;<strong>No promet\u00ed, dije \u2018aspiro a que empiece con 3\u2032<\/strong>. Y s\u00ed estoy para hacer autocr\u00edtica.&nbsp;<strong>No mientas en la pregunta<\/strong>\u201d, contest\u00f3 el funcionario.<\/p>\n\n\n\n<p>Frente a esta respuesta, Barbano entonces le pidi\u00f3 a Massa que \u201c<strong>no mienta en la respuesta<\/strong>\u201d e insisti\u00f3, sosteniendo que sus palabras hab\u00edan sido sobre una inflaci\u00f3n cercana al 3% para abril de ese a\u00f1o, meta que finalmente no se cumpli\u00f3.<\/p>\n\n\n\n<h2 class=\"wp-block-heading\">MASSA Y OTRO CRUCE INC\u00d3MODO POR LA INFLACI\u00d3N<\/h2>\n\n\n\n<p><strong>Massa<\/strong>\u00a0expres\u00f3 el jueves pasado su\u00a0<strong>malestar\u00a0<\/strong>contra un periodista que le pregunt\u00f3 sobre la\u00a0<strong>escalada del d\u00f3lar blue\u00a0<\/strong>y la\u00a0<strong>inflaci\u00f3n\u00a0<\/strong>registrada en Argentina durante su gesti\u00f3n, que<strong>\u00a0a junio ronda el 115,6% interanual seg\u00fan el Indec.<\/strong><\/p>\n\n\n\n<p>Este episodio del funcionario con la prensa sucedi\u00f3 en&nbsp;<strong>C\u00f3rdoba<\/strong>, lugar al que hab\u00eda ido de campa\u00f1a de cara a las elecciones PASO del pr\u00f3ximo 13 de agosto.<\/p>\n\n\n\n<p>Un comunicador le pidi\u00f3 primero a Massa que\u00a0<strong>autocalificara su gesti\u00f3n<\/strong>\u00a0al frente del ministerio, al cumplir un a\u00f1o en el cargo. El precandidato presidencial de Uni\u00f3n por la Patria eludi\u00f3 dar una respuesta y fue conciso:\u201cNo soy qui\u00e9n para poner una calificaci\u00f3n, porque la calificaci\u00f3n\u00a0<strong>la pone la gente<\/strong>. Creo s\u00ed que lo m\u00e1s importante en la primera etapa, que era estabilizar cuando todos hablaban de helic\u00f3ptero, asamblea legislativa, corrida, hiperinflaci\u00f3n, y todo eso que se dec\u00eda se pudo superar. Vino la sequ\u00eda&#8230;\u201d.<\/p>\n\n\n\n<p>El enojo de Massa con un periodista porque le pregunt\u00f3 por la inflaci\u00f3n y el d\u00f3lar blue<\/p>\n\n\n\n<p>Despu\u00e9s, le consultaron sobre la suba de la cotizaci\u00f3n de la divisa estadounidense y el traslado a los precios.<strong>&nbsp;\u201cNo s\u00e9 cu\u00e1l es el impacto, ustedes trajeron el tema\u201d,<\/strong>&nbsp;contest\u00f3 Massa, visiblemente molesto.<\/p>\n\n\n\n<p>Los periodistas intentaron que el ministro profundizara sobre la inflaci\u00f3n. \u201cTodo se maneja con el d\u00f3lar blue, Sergio, y la inflaci\u00f3n est\u00e1 en 140%\u201d, le dijo el movilero del canal&nbsp;<em>El Doce<\/em>.&nbsp;<strong>Massa corrigi\u00f3 al periodista<\/strong>, sali\u00f3 a su cruce y aludi\u00f3 a la sequ\u00eda como un factor de peso: \u201cNo, primero, no est\u00e1 140, cierra 116. Segundo, me gustar\u00eda que pongas sobre la mesa que perdimos 21 mil millones de d\u00f3lares\u201d.<\/p>\n\n\n\n<p>A\u00fan m\u00e1s irritado, Massa lanz\u00f3: \u201cEs&nbsp;<strong>muy f\u00e1cil hablar, agarrar un micr\u00f3fono y hacer preguntas haci\u00e9ndose el picante<\/strong>. Pero la Argentina perdi\u00f3 el 25% de sus exportaciones\u201d.<\/p>\n\n\n\n<p>\u201cYo no me hago el picante, Sergio.&nbsp;<strong>Lo hago con respeto<\/strong>, por lo que vive la gente\u201d, se defendi\u00f3 el comunicador, a lo que Massa sigui\u00f3 inc\u00f3modo: \u201cLa segunda vez&nbsp;<strong>no fuiste respetuoso<\/strong>&nbsp;y a m\u00ed me gusta tratar con respeto\u201d.<\/p>\n","protected":false},"excerpt":{"rendered":"<p>El ministro de Econom\u00eda y precandidato a presidente de Uni\u00f3n por la Patria,\u00a0Sergio Massa, volvi\u00f3 a expresar\u00a0su enojo contra otro periodista\u00a0que le pregunt\u00f3 sobre la\u00a0inflaci\u00f3n\u00a0y los fallidos pron\u00f3sticos que hizo hace unos meses. El tenso momento sucedi\u00f3 el lunes en el programa que conduce Jorge Lanata en\u00a0radio Mitre.\u00a0El periodista\u00a0Rolando Barbano\u00a0le pidi\u00f3 al responsable de la<a class=\"read-more\" href=\"https:\/\/elfederalmendoza.com.ar\/index.php\/2023\/08\/08\/massa-volvio-a-enojarse-porque-le-preguntaron-sobre-la-inflacion-y-estallo-no-mientas\/\"> [&hellip;]<\/a><\/p>\n","protected":false},"author":2,"featured_media":26095,"comment_status":"open","ping_status":"open","sticky":false,"template":"","format":"standard","meta":{"footnotes":""},"categories":[5618],"tags":[],"class_list":["post-26093","post","type-post","status-publish","format-standard","has-post-thumbnail","hentry","category-arg"],"rttpg_featured_image_url":{"full":["https:\/\/elfederalmendoza.com.ar\/wp-content\/uploads\/2023\/08\/p7PUcLac0_2000x1500__1.webp",2000,1500,false],"landscape":["https:\/\/elfederalmendoza.com.ar\/wp-content\/uploads\/2023\/08\/p7PUcLac0_2000x1500__1.webp",2000,1500,false],"portraits":["https:\/\/elfederalmendoza.com.ar\/wp-content\/uploads\/2023\/08\/p7PUcLac0_2000x1500__1.webp",2000,1500,false],"thumbnail":["https:\/\/elfederalmendoza.com.ar\/wp-content\/uploads\/2023\/08\/p7PUcLac0_2000x1500__1-150x150.webp",150,150,true],"medium":["https:\/\/elfederalmendoza.com.ar\/wp-content\/uploads\/2023\/08\/p7PUcLac0_2000x1500__1-300x225.webp",300,225,true],"large":["https:\/\/elfederalmendoza.com.ar\/wp-content\/uploads\/2023\/08\/p7PUcLac0_2000x1500__1-1024x768.webp",640,480,true],"1536x1536":["https:\/\/elfederalmendoza.com.ar\/wp-content\/uploads\/2023\/08\/p7PUcLac0_2000x1500__1-1536x1152.webp",1536,1152,true],"2048x2048":["https:\/\/elfederalmendoza.com.ar\/wp-content\/uploads\/2023\/08\/p7PUcLac0_2000x1500__1.webp",2000,1500,false],"ultp_layout_landscape_large":["https:\/\/elfederalmendoza.com.ar\/wp-content\/uploads\/2023\/08\/p7PUcLac0_2000x1500__1-1200x800.webp",1200,800,true],"ultp_layout_landscape":["https:\/\/elfederalmendoza.com.ar\/wp-content\/uploads\/2023\/08\/p7PUcLac0_2000x1500__1-870x570.webp",870,570,true],"ultp_layout_portrait":["https:\/\/elfederalmendoza.com.ar\/wp-content\/uploads\/2023\/08\/p7PUcLac0_2000x1500__1-600x900.webp",600,900,true],"ultp_layout_square":["https:\/\/elfederalmendoza.com.ar\/wp-content\/uploads\/2023\/08\/p7PUcLac0_2000x1500__1-600x600.webp",600,600,true],"rpwe-thumbnail":["https:\/\/elfederalmendoza.com.ar\/wp-content\/uploads\/2023\/08\/p7PUcLac0_2000x1500__1-45x45.webp",45,45,true],"advps-thumb-one":["https:\/\/elfederalmendoza.com.ar\/wp-content\/uploads\/2023\/08\/p7PUcLac0_2000x1500__1-1200x420.webp",1200,420,true]},"rttpg_author":{"display_name":"Redacci\u00f3n El Federal","author_link":"https:\/\/elfederalmendoza.com.ar\/index.php\/author\/angelflores\/"},"rttpg_comment":0,"rttpg_category":"<a href=\"https:\/\/elfederalmendoza.com.ar\/index.php\/category\/arg\/\" rel=\"category tag\">Argentina<\/a>","rttpg_excerpt":"El ministro de Econom\u00eda y precandidato a presidente de Uni\u00f3n por la Patria,\u00a0Sergio Massa, volvi\u00f3 a expresar\u00a0su enojo contra otro periodista\u00a0que le pregunt\u00f3 sobre la\u00a0inflaci\u00f3n\u00a0y los fallidos pron\u00f3sticos que hizo hace unos meses. El tenso momento sucedi\u00f3 el lunes en el programa que conduce Jorge Lanata en\u00a0radio Mitre.\u00a0El periodista\u00a0Rolando Barbano\u00a0le pidi\u00f3 al responsable de la&hellip;","_links":{"self":[{"href":"https:\/\/elfederalmendoza.com.ar\/index.php\/wp-json\/wp\/v2\/posts\/26093","targetHints":{"allow":["GET"]}}],"collection":[{"href":"https:\/\/elfederalmendoza.com.ar\/index.php\/wp-json\/wp\/v2\/posts"}],"about":[{"href":"https:\/\/elfederalmendoza.com.ar\/index.php\/wp-json\/wp\/v2\/types\/post"}],"author":[{"embeddable":true,"href":"https:\/\/elfederalmendoza.com.ar\/index.php\/wp-json\/wp\/v2\/users\/2"}],"replies":[{"embeddable":true,"href":"https:\/\/elfederalmendoza.com.ar\/index.php\/wp-json\/wp\/v2\/comments?post=26093"}],"version-history":[{"count":1,"href":"https:\/\/elfederalmendoza.com.ar\/index.php\/wp-json\/wp\/v2\/posts\/26093\/revisions"}],"predecessor-version":[{"id":26096,"href":"https:\/\/elfederalmendoza.com.ar\/index.php\/wp-json\/wp\/v2\/posts\/26093\/revisions\/26096"}],"wp:featuredmedia":[{"embeddable":true,"href":"https:\/\/elfederalmendoza.com.ar\/index.php\/wp-json\/wp\/v2\/media\/26095"}],"wp:attachment":[{"href":"https:\/\/elfederalmendoza.com.ar\/index.php\/wp-json\/wp\/v2\/media?parent=26093"}],"wp:term":[{"taxonomy":"category","embeddable":true,"href":"https:\/\/elfederalmendoza.com.ar\/index.php\/wp-json\/wp\/v2\/categories?post=26093"},{"taxonomy":"post_tag","embeddable":true,"href":"https:\/\/elfederalmendoza.com.ar\/index.php\/wp-json\/wp\/v2\/tags?post=26093"}],"curies":[{"name":"wp","href":"https:\/\/api.w.org\/{rel}","templated":true}]}}