{"id":26107,"date":"2023-08-08T11:03:54","date_gmt":"2023-08-08T14:03:54","guid":{"rendered":"https:\/\/elfederalmendoza.com\/?p=26107"},"modified":"2023-08-08T11:03:55","modified_gmt":"2023-08-08T14:03:55","slug":"el-abogado-del-mendocino-preso-en-el-salvador-aseguro-que-la-situacion-se-aclarara-pronto","status":"publish","type":"post","link":"https:\/\/elfederalmendoza.com.ar\/index.php\/2023\/08\/08\/el-abogado-del-mendocino-preso-en-el-salvador-aseguro-que-la-situacion-se-aclarara-pronto\/","title":{"rendered":"El abogado del mendocino preso en El Salvador asegur\u00f3 que la situaci\u00f3n \u00abse aclarar\u00e1 pronto\u00bb"},"content":{"rendered":"\n<p>Luego de noticias que s\u00f3lo generaron precupaci\u00f3n y pesimismo, este lunes se conocieron \u00abbuenas nuevas\u00bb respecto de la situaci\u00f3n del joven mendocino\u00a0<strong>Alejo Arias,\u00a0<\/strong>quien est\u00e1 preso en<strong>\u00a0El Salvador\u00a0acusado de integrar una banda de estafadores liderada por colombianos.<\/strong><\/p>\n\n\n\n<p>El reconocido abogado&nbsp;<strong>Miguel \u00c1ngel Pierri<\/strong>&nbsp;es quien asumi\u00f3 la defensa de nuestro comprovinciano y se mostr\u00f3 optimista respecto de que la situaci\u00f3n se \u00abaclarar\u00e1 pronto\u00bb y confi\u00f3 en que sea liberado en breve.<\/p>\n\n\n\n<p>El letrado fue entrevistado en Radio Nihuil por Marcelo Sisso y Federico Zalazar y cont\u00f3 que al mendocino ya lo asistieron agentes de la\u00a0<strong>Embajada argentina<\/strong>\u00a0en El Salvador.<\/p>\n\n\n\n<h2 class=\"wp-block-heading\">\u00abLa situaci\u00f3n se va aclarar pronto\u00bb, dijo el abogado Miguel \u00c1ngel Pierri<\/h2>\n\n\n\n<p>\u00abEste lunes a las 6 de la tarde, uno de los abogados de mi equipo tom\u00f3 contacto con nuestro abogado en El Salvador.<strong>&nbsp;Alejo no es m\u00e1s que un simple empleado de una financiera y es ajeno a los hechos que le imputan. Me ha sorprendido el tiempo transcurrido desde que fue detenido el 14 de junio\u00bb,&nbsp;<\/strong>comenz\u00f3 diciendo el profesional desde Buenos Aires, donde tiene su estudio.<\/p>\n\n\n\n<p>E insisti\u00f3:&nbsp;<strong>\u00abLa situaci\u00f3n se va a aclarar pronto. S\u00f3lo hac\u00eda falta mover el expediente y esto estamos haciendo.&nbsp;<\/strong>Habl\u00e9 con el embajador argentino&nbsp;<strong>Miguel Ruffi<\/strong>&nbsp;en El Salvador, que es amigo y nos dio colaboraci\u00f3n\u00bb.<\/p>\n\n\n\n<p>Tambi\u00e9n cont\u00f3: \u00abEste martes hablaremos con el consulado. Este es un proceso de car\u00e1cter ordinario que\u00a0<strong>nada tiene que ver con las pol\u00edticas que desarrollan en ese pa\u00eds sobre mano dura del presidente (Nayib) Bukele<\/strong>\u00ab.<\/p>\n\n\n\n<p>Tambi\u00e9n se refiri\u00f3 a su intervenci\u00f3n: \u00abMe pareci\u00f3 injusto e inmerecido que a los pap\u00e1s no les hayan dado informaci\u00f3n ni permitido contactos. Por eso me movilic\u00e9.&nbsp;<strong>Me sent\u00ed padre como ellos y me decid\u00ed a ayudarlos\u00bb.&nbsp;<\/strong>No especific\u00f3 de todos modos nada respecto a honorarios.<\/p>\n\n\n\n<p>Y cerr\u00f3: \u00ab<strong>La figura es por estafa y lavado de dinero<\/strong>. Estoy convencido de que Alejo actu\u00f3 de buena fe.\u00a0<strong>Fue un busca de un nuevo horizonte y se encontr\u00f3 con una situaci\u00f3n de la que es ajeno<\/strong>. El \u00fanico problema que veo ahora es que si lo liberan deber\u00eda quedarse all\u00ed para seguir sometido a proceso pero vamos a trabajar para que eso no ocurra\u00bb.<\/p>\n\n\n\n<h2 class=\"wp-block-heading\">La acusaci\u00f3n que pesa sobre Arias Gonz\u00e1lez<\/h2>\n\n\n\n<p>Al mendocino<strong>&nbsp;lo detuvieron el lunes 14 de julio, junto a otras 40 personas<\/strong>, a las que<strong>&nbsp;enviaron a la c\u00e1rcel conocida como \u00abEl Penalito\u00bb<\/strong>, ubicada en San Salvador, capital del pa\u00eds centroamericano.<\/p>\n\n\n\n<p>El lunes 31 de julio, a este grupo de&nbsp;<strong>40 detenidos se les dict\u00f3 la prisi\u00f3n preventiva<\/strong>. Se los acusa de asociaci\u00f3n il\u00edcita, lavado de activos y receptaci\u00f3n (recibir un bien proveniente de un hecho delictivo)<\/p>\n\n\n\n<p>Esta es la raz\u00f3n por la que, por la informaci\u00f3n que han podido recabar los padres y familiares del joven, vaticinabann que el proceso durar\u00e1 de 6 meses a 1 a\u00f1o.<\/p>\n\n\n\n<p>Por el momento,<strong>&nbsp;El Salvador ha negado&nbsp;<\/strong>rotundamente la<strong>&nbsp;extradici\u00f3n&nbsp;<\/strong>del joven a Argentina.<\/p>\n","protected":false},"excerpt":{"rendered":"<p>Luego de noticias que s\u00f3lo generaron precupaci\u00f3n y pesimismo, este lunes se conocieron \u00abbuenas nuevas\u00bb respecto de la situaci\u00f3n del joven mendocino\u00a0Alejo Arias,\u00a0quien est\u00e1 preso en\u00a0El Salvador\u00a0acusado de integrar una banda de estafadores liderada por colombianos. El reconocido abogado&nbsp;Miguel \u00c1ngel Pierri&nbsp;es quien asumi\u00f3 la defensa de nuestro comprovinciano y se mostr\u00f3 optimista respecto de que<a class=\"read-more\" href=\"https:\/\/elfederalmendoza.com.ar\/index.php\/2023\/08\/08\/el-abogado-del-mendocino-preso-en-el-salvador-aseguro-que-la-situacion-se-aclarara-pronto\/\"> [&hellip;]<\/a><\/p>\n","protected":false},"author":2,"featured_media":26109,"comment_status":"open","ping_status":"open","sticky":false,"template":"","format":"standard","meta":{"footnotes":""},"categories":[1],"tags":[],"class_list":["post-26107","post","type-post","status-publish","format-standard","has-post-thumbnail","hentry","category-mza"],"rttpg_featured_image_url":{"full":["https:\/\/elfederalmendoza.com.ar\/wp-content\/uploads\/2023\/08\/alejo-ariasjpg.webp",1200,675,false],"landscape":["https:\/\/elfederalmendoza.com.ar\/wp-content\/uploads\/2023\/08\/alejo-ariasjpg.webp",1200,675,false],"portraits":["https:\/\/elfederalmendoza.com.ar\/wp-content\/uploads\/2023\/08\/alejo-ariasjpg.webp",1200,675,false],"thumbnail":["https:\/\/elfederalmendoza.com.ar\/wp-content\/uploads\/2023\/08\/alejo-ariasjpg-150x150.webp",150,150,true],"medium":["https:\/\/elfederalmendoza.com.ar\/wp-content\/uploads\/2023\/08\/alejo-ariasjpg-300x169.webp",300,169,true],"large":["https:\/\/elfederalmendoza.com.ar\/wp-content\/uploads\/2023\/08\/alejo-ariasjpg-1024x576.webp",640,360,true],"1536x1536":["https:\/\/elfederalmendoza.com.ar\/wp-content\/uploads\/2023\/08\/alejo-ariasjpg.webp",1200,675,false],"2048x2048":["https:\/\/elfederalmendoza.com.ar\/wp-content\/uploads\/2023\/08\/alejo-ariasjpg.webp",1200,675,false],"ultp_layout_landscape_large":["https:\/\/elfederalmendoza.com.ar\/wp-content\/uploads\/2023\/08\/alejo-ariasjpg.webp",1200,675,false],"ultp_layout_landscape":["https:\/\/elfederalmendoza.com.ar\/wp-content\/uploads\/2023\/08\/alejo-ariasjpg-870x570.webp",870,570,true],"ultp_layout_portrait":["https:\/\/elfederalmendoza.com.ar\/wp-content\/uploads\/2023\/08\/alejo-ariasjpg-600x675.webp",600,675,true],"ultp_layout_square":["https:\/\/elfederalmendoza.com.ar\/wp-content\/uploads\/2023\/08\/alejo-ariasjpg-600x600.webp",600,600,true],"rpwe-thumbnail":["https:\/\/elfederalmendoza.com.ar\/wp-content\/uploads\/2023\/08\/alejo-ariasjpg-45x45.webp",45,45,true],"advps-thumb-one":["https:\/\/elfederalmendoza.com.ar\/wp-content\/uploads\/2023\/08\/alejo-ariasjpg-1200x420.webp",1200,420,true]},"rttpg_author":{"display_name":"Redacci\u00f3n El Federal","author_link":"https:\/\/elfederalmendoza.com.ar\/index.php\/author\/angelflores\/"},"rttpg_comment":0,"rttpg_category":"<a href=\"https:\/\/elfederalmendoza.com.ar\/index.php\/category\/mza\/\" rel=\"category tag\">Mendoza<\/a>","rttpg_excerpt":"Luego de noticias que s\u00f3lo generaron precupaci\u00f3n y pesimismo, este lunes se conocieron \u00abbuenas nuevas\u00bb respecto de la situaci\u00f3n del joven mendocino\u00a0Alejo Arias,\u00a0quien est\u00e1 preso en\u00a0El Salvador\u00a0acusado de integrar una banda de estafadores liderada por colombianos. El reconocido abogado&nbsp;Miguel \u00c1ngel Pierri&nbsp;es quien asumi\u00f3 la defensa de nuestro comprovinciano y se mostr\u00f3 optimista respecto de que&hellip;","_links":{"self":[{"href":"https:\/\/elfederalmendoza.com.ar\/index.php\/wp-json\/wp\/v2\/posts\/26107","targetHints":{"allow":["GET"]}}],"collection":[{"href":"https:\/\/elfederalmendoza.com.ar\/index.php\/wp-json\/wp\/v2\/posts"}],"about":[{"href":"https:\/\/elfederalmendoza.com.ar\/index.php\/wp-json\/wp\/v2\/types\/post"}],"author":[{"embeddable":true,"href":"https:\/\/elfederalmendoza.com.ar\/index.php\/wp-json\/wp\/v2\/users\/2"}],"replies":[{"embeddable":true,"href":"https:\/\/elfederalmendoza.com.ar\/index.php\/wp-json\/wp\/v2\/comments?post=26107"}],"version-history":[{"count":1,"href":"https:\/\/elfederalmendoza.com.ar\/index.php\/wp-json\/wp\/v2\/posts\/26107\/revisions"}],"predecessor-version":[{"id":26118,"href":"https:\/\/elfederalmendoza.com.ar\/index.php\/wp-json\/wp\/v2\/posts\/26107\/revisions\/26118"}],"wp:featuredmedia":[{"embeddable":true,"href":"https:\/\/elfederalmendoza.com.ar\/index.php\/wp-json\/wp\/v2\/media\/26109"}],"wp:attachment":[{"href":"https:\/\/elfederalmendoza.com.ar\/index.php\/wp-json\/wp\/v2\/media?parent=26107"}],"wp:term":[{"taxonomy":"category","embeddable":true,"href":"https:\/\/elfederalmendoza.com.ar\/index.php\/wp-json\/wp\/v2\/categories?post=26107"},{"taxonomy":"post_tag","embeddable":true,"href":"https:\/\/elfederalmendoza.com.ar\/index.php\/wp-json\/wp\/v2\/tags?post=26107"}],"curies":[{"name":"wp","href":"https:\/\/api.w.org\/{rel}","templated":true}]}}