{"id":26108,"date":"2023-08-08T11:01:20","date_gmt":"2023-08-08T14:01:20","guid":{"rendered":"https:\/\/elfederalmendoza.com\/?p=26108"},"modified":"2023-08-08T11:03:33","modified_gmt":"2023-08-08T14:03:33","slug":"evaluan-a-tamy-el-ultimo-elefante-macho-cautivo-en-argentina-que-sera-trasladado-a-brasil","status":"publish","type":"post","link":"https:\/\/elfederalmendoza.com.ar\/index.php\/2023\/08\/08\/evaluan-a-tamy-el-ultimo-elefante-macho-cautivo-en-argentina-que-sera-trasladado-a-brasil\/","title":{"rendered":"Eval\u00faan a Tamy, el \u00faltimo elefante macho cautivo en Mendoza, que ser\u00e1 trasladado a Brasil"},"content":{"rendered":"\n<p>Tamy es el \u00fanico elefante macho en el\u00a0<strong>Ecoparque de Mendoza<\/strong>\u00a0y es el pap\u00e1 de Guillermina, la elefante asi\u00e1tica que fue trasladada al Santuario de Brasil, en el Mato Grosso, junto a su madre Pocha en mayo del 2022. Un especialista en estos animales -el alem\u00e1n<strong>\u00a0Ingo Schmidinger<\/strong>&#8211; lleg\u00f3 a Mendoza y<strong>\u00a0comenz\u00f3 a evaluar al animal para armar un plan de entrenamiento y adaptaci\u00f3n para su trasladarlo hacia Brasil.<\/strong><\/p>\n\n\n\n<p><strong>Schmidinger&nbsp;<\/strong>particip\u00f3 en el proceso de entrenamiento de las elefantes asi\u00e1ticas Pocha y Guillermina que fueron derivadas al Santuario de Elefantes en Brasil. Es un cuidador de animales&nbsp;<strong>especializado en elefantes que hace 25 a\u00f1os trabaja con las problem\u00e1ticas de los elefantes cautivos en zool\u00f3gicos y otras instituciones<\/strong>. Es cofundador de Kalinga Animal Shelter and Fauna Research, donde hace 15 a\u00f1os junto con su esposa, participa activamente en el rescate, la cr\u00eda a mano, la rehabilitaci\u00f3n y liberaci\u00f3n de varias especies de vida silvestre. Adem\u00e1s, realiza talleres y asesora a instituciones zool\u00f3gicas y de conservaci\u00f3n y protecci\u00f3n animal en \u00c1frica, Europa y Asia. Tambi\u00e9n capacita a cuidadores de animales en el enriquecimiento ambiental, el dise\u00f1o de las instalaciones, el cuidado del pie de elefante o la formaci\u00f3n m\u00e9dica, con m\u00e9todos de refuerzo positivo.<\/p>\n\n\n\n<p>El director de Ecoparque,\u00a0<strong>Ignacio Haudet<\/strong>, se\u00f1al\u00f3: \u201cEstamos muy\u00a0<strong>contentos y entusiasmados de trabajar nuevamente con Ingo<\/strong>, esta vez para continuar con la preparaci\u00f3n de Tamy para su futuro traslado\u201d.<\/p>\n\n\n\n<p>\u201cLos procesos de adaptaci\u00f3n llevan un<strong>&nbsp;largo camino de trabajo intenso y paciente<\/strong>, en el que debemos comprender la adaptaci\u00f3n y voluntad del animal con los cuidadores, los entrenadores y los especialistas que se involucran, ya que est\u00e1n acostumbrados a una vida en cautiverio y quienes debemos adaptarnos a los tiempos, priorizando el bienestar, somos nosotros con ellos\u201d, afirm\u00f3 Haudet.<\/p>\n\n\n\n<p>\u201cDe manera complementaria, el equipo de la&nbsp;<strong>Fundaci\u00f3n Franz Weber<\/strong>&nbsp;acompa\u00f1a en esta oportunidad con&nbsp;<strong>la m\u00e9dica veterinaria Johana Rinc\u00f3n Alba<\/strong>, especialista en bienestar animal y con valiosa experiencia en el manejo de elefantes cautivos. Ella colaborar\u00e1 con visitas peri\u00f3dicas en el condicionamiento operante de Tamy\u201d, agreg\u00f3 el funcionario.<\/p>\n\n\n\n<p><strong>Johana Rinc\u00f3n Alba<\/strong>\u00a0es m\u00e9dica veterinaria y zootecnista especializada en bienestar animal y se desempe\u00f1\u00f3 en medicina interna de fauna silvestre y en laboratorios de microbiolog\u00eda con\u00a0<strong>\u00e9nfasis en bacteriolog\u00eda e histolog\u00eda y medicina de la conservaci\u00f3n.<\/strong><\/p>\n\n\n\n<h2 class=\"wp-block-heading\">Tamy, el \u00faltimo elefante macho cautivo en Argentina<\/h2>\n\n\n\n<p>El elefante asi\u00e1tico tiene 53 a\u00f1os y<strong>&nbsp;lleg\u00f3 a Mendoza en 1984 luego de haber sido donado al ex zool\u00f3gico por el Circo Hermanas Gasca.<\/strong>&nbsp;Las hostilidades que sufri\u00f3 all\u00ed dejaron<strong>&nbsp;marcas en su salud f\u00edsica y ps\u00edquica<\/strong>. El Ecoparque Mendoza trabaja para mejorar su bienestar desde 2016 y busca darle una nueva historia de vida.<\/p>\n\n\n\n<p>Luego de haber estado junto a Pocha, con quien tuvo a Guillermina, Tamy fue aislado debido a su agresividad y\u00a0<strong>nunca m\u00e1s sociabiliz\u00f3 con otro ser de su misma especie.<\/strong><\/p>\n\n\n\n<p>\u201cEn su h\u00e1bitat natural, Tamy se mover\u00eda constantemente, migrando hasta 16 kil\u00f3metros al d\u00eda, y estar\u00eda activo 18 horas al d\u00eda. Actualmente, Tamy&nbsp;<strong>habita en un recinto de 1.265 metros cuadrados constituido por una fosa de cemento y tierra est\u00e9ril<\/strong>, sin perspectiva de horizonte. Esto favoreci\u00f3 la falta de ejercicio y las largas horas de pie del animal que lo exponen al malestar \u00f3seo y articular\u201d, destac\u00f3 el director del Ecoparque.<\/p>\n\n\n\n<p>Lamentablemente la vida del elefante macho\u00a0<strong>en cautiverio es muy mon\u00f3tona.\u00a0<\/strong>Para compensar este bajo nivel de estimulaci\u00f3n, los elefantes se expresan a trav\u00e9s de\u00a0<strong>acciones estereotipadas, repetitivas y compulsivas<\/strong>, como sacudir la cabeza repetitivamente, dar peque\u00f1os pasos, frotarse y otros comportamientos que son autoestimulantes y son\u00a0<strong>un s\u00edntoma de aburrimiento<\/strong>\u00a0en la mayor\u00eda de las especies. Los comportamientos estereotipados tienen un elemento obsesivo, compulsivo y adictivo que implica la producci\u00f3n de opioides naturales para\u00a0<strong>aliviar el estr\u00e9s y la frustraci\u00f3n del confinamiento.<\/strong><\/p>\n\n\n\n<p>\u201cA partir de 2023, Tamy\u00a0<strong>puede hacer uso del recinto que antiguamente era habitado por Pocha y Guillermina<\/strong>, elefantas asi\u00e1ticas que fueron derivadas al santuario brasilero en 2022. Ahora el elefante dispone de dos puertas de entrenamiento con distintas tipolog\u00edas de operatividad, lo que posibilitar\u00e1 el manejo operante del individuo,\u00a0<strong>la realizaci\u00f3n de chequeos m\u00e9dicos y el mantenimiento diario de sus patas<\/strong>\u201d, concluy\u00f3 Ignacio Haudet.<\/p>\n\n\n\n<p>Para un mejor bienestar para el animal, Tamy ser\u00e1 trasladado al&nbsp;<strong>Santuario de Elefantes de Brasil, en el Mato Grosso<\/strong>, donde tambi\u00e9n fueron trasladadas Pocha y su hija Guillermina en mayo del 2022. A pesar del gran cambio de vida, Pocha muri\u00f3 meses m\u00e1s tarde repentinamente, lo que caus\u00f3 una gran preocupaci\u00f3n en todos los cuidadores especialmente por su hija, quien era inseparable de su madre.<\/p>\n\n\n\n<p>Afortunadamente, las otras chicas de la manada supieron acompa\u00f1ar a Guille, de 24 a\u00f1os, y todav\u00eda le ense\u00f1an los modales para ser un elefante.&nbsp;<strong>La causa de muerte de pocha fue tuberculosis<\/strong>, enfermedad de la que no pudo ser tratada debido a que nadie sab\u00eda que la ten\u00eda.<\/p>\n","protected":false},"excerpt":{"rendered":"<p>Tamy es el \u00fanico elefante macho en el\u00a0Ecoparque de Mendoza\u00a0y es el pap\u00e1 de Guillermina, la elefante asi\u00e1tica que fue trasladada al Santuario de Brasil, en el Mato Grosso, junto a su madre Pocha en mayo del 2022. Un especialista en estos animales -el alem\u00e1n\u00a0Ingo Schmidinger&#8211; lleg\u00f3 a Mendoza y\u00a0comenz\u00f3 a evaluar al animal para<a class=\"read-more\" href=\"https:\/\/elfederalmendoza.com.ar\/index.php\/2023\/08\/08\/evaluan-a-tamy-el-ultimo-elefante-macho-cautivo-en-argentina-que-sera-trasladado-a-brasil\/\"> [&hellip;]<\/a><\/p>\n","protected":false},"author":2,"featured_media":26112,"comment_status":"open","ping_status":"open","sticky":false,"template":"","format":"standard","meta":{"footnotes":""},"categories":[1],"tags":[],"class_list":["post-26108","post","type-post","status-publish","format-standard","has-post-thumbnail","hentry","category-mza"],"rttpg_featured_image_url":{"full":["https:\/\/elfederalmendoza.com.ar\/wp-content\/uploads\/2023\/08\/ecoparque-mendoza-elefantes-tamy-machojpg.webp",1200,675,false],"landscape":["https:\/\/elfederalmendoza.com.ar\/wp-content\/uploads\/2023\/08\/ecoparque-mendoza-elefantes-tamy-machojpg.webp",1200,675,false],"portraits":["https:\/\/elfederalmendoza.com.ar\/wp-content\/uploads\/2023\/08\/ecoparque-mendoza-elefantes-tamy-machojpg.webp",1200,675,false],"thumbnail":["https:\/\/elfederalmendoza.com.ar\/wp-content\/uploads\/2023\/08\/ecoparque-mendoza-elefantes-tamy-machojpg-150x150.webp",150,150,true],"medium":["https:\/\/elfederalmendoza.com.ar\/wp-content\/uploads\/2023\/08\/ecoparque-mendoza-elefantes-tamy-machojpg-300x169.webp",300,169,true],"large":["https:\/\/elfederalmendoza.com.ar\/wp-content\/uploads\/2023\/08\/ecoparque-mendoza-elefantes-tamy-machojpg-1024x576.webp",640,360,true],"1536x1536":["https:\/\/elfederalmendoza.com.ar\/wp-content\/uploads\/2023\/08\/ecoparque-mendoza-elefantes-tamy-machojpg.webp",1200,675,false],"2048x2048":["https:\/\/elfederalmendoza.com.ar\/wp-content\/uploads\/2023\/08\/ecoparque-mendoza-elefantes-tamy-machojpg.webp",1200,675,false],"ultp_layout_landscape_large":["https:\/\/elfederalmendoza.com.ar\/wp-content\/uploads\/2023\/08\/ecoparque-mendoza-elefantes-tamy-machojpg.webp",1200,675,false],"ultp_layout_landscape":["https:\/\/elfederalmendoza.com.ar\/wp-content\/uploads\/2023\/08\/ecoparque-mendoza-elefantes-tamy-machojpg-870x570.webp",870,570,true],"ultp_layout_portrait":["https:\/\/elfederalmendoza.com.ar\/wp-content\/uploads\/2023\/08\/ecoparque-mendoza-elefantes-tamy-machojpg-600x675.webp",600,675,true],"ultp_layout_square":["https:\/\/elfederalmendoza.com.ar\/wp-content\/uploads\/2023\/08\/ecoparque-mendoza-elefantes-tamy-machojpg-600x600.webp",600,600,true],"rpwe-thumbnail":["https:\/\/elfederalmendoza.com.ar\/wp-content\/uploads\/2023\/08\/ecoparque-mendoza-elefantes-tamy-machojpg-45x45.webp",45,45,true],"advps-thumb-one":["https:\/\/elfederalmendoza.com.ar\/wp-content\/uploads\/2023\/08\/ecoparque-mendoza-elefantes-tamy-machojpg-1200x420.webp",1200,420,true]},"rttpg_author":{"display_name":"Redacci\u00f3n El Federal","author_link":"https:\/\/elfederalmendoza.com.ar\/index.php\/author\/angelflores\/"},"rttpg_comment":0,"rttpg_category":"<a href=\"https:\/\/elfederalmendoza.com.ar\/index.php\/category\/mza\/\" rel=\"category tag\">Mendoza<\/a>","rttpg_excerpt":"Tamy es el \u00fanico elefante macho en el\u00a0Ecoparque de Mendoza\u00a0y es el pap\u00e1 de Guillermina, la elefante asi\u00e1tica que fue trasladada al Santuario de Brasil, en el Mato Grosso, junto a su madre Pocha en mayo del 2022. Un especialista en estos animales -el alem\u00e1n\u00a0Ingo Schmidinger&#8211; lleg\u00f3 a Mendoza y\u00a0comenz\u00f3 a evaluar al animal para&hellip;","_links":{"self":[{"href":"https:\/\/elfederalmendoza.com.ar\/index.php\/wp-json\/wp\/v2\/posts\/26108","targetHints":{"allow":["GET"]}}],"collection":[{"href":"https:\/\/elfederalmendoza.com.ar\/index.php\/wp-json\/wp\/v2\/posts"}],"about":[{"href":"https:\/\/elfederalmendoza.com.ar\/index.php\/wp-json\/wp\/v2\/types\/post"}],"author":[{"embeddable":true,"href":"https:\/\/elfederalmendoza.com.ar\/index.php\/wp-json\/wp\/v2\/users\/2"}],"replies":[{"embeddable":true,"href":"https:\/\/elfederalmendoza.com.ar\/index.php\/wp-json\/wp\/v2\/comments?post=26108"}],"version-history":[{"count":3,"href":"https:\/\/elfederalmendoza.com.ar\/index.php\/wp-json\/wp\/v2\/posts\/26108\/revisions"}],"predecessor-version":[{"id":26117,"href":"https:\/\/elfederalmendoza.com.ar\/index.php\/wp-json\/wp\/v2\/posts\/26108\/revisions\/26117"}],"wp:featuredmedia":[{"embeddable":true,"href":"https:\/\/elfederalmendoza.com.ar\/index.php\/wp-json\/wp\/v2\/media\/26112"}],"wp:attachment":[{"href":"https:\/\/elfederalmendoza.com.ar\/index.php\/wp-json\/wp\/v2\/media?parent=26108"}],"wp:term":[{"taxonomy":"category","embeddable":true,"href":"https:\/\/elfederalmendoza.com.ar\/index.php\/wp-json\/wp\/v2\/categories?post=26108"},{"taxonomy":"post_tag","embeddable":true,"href":"https:\/\/elfederalmendoza.com.ar\/index.php\/wp-json\/wp\/v2\/tags?post=26108"}],"curies":[{"name":"wp","href":"https:\/\/api.w.org\/{rel}","templated":true}]}}