{"id":26148,"date":"2023-08-09T08:19:00","date_gmt":"2023-08-09T11:19:00","guid":{"rendered":"https:\/\/elfederalmendoza.com\/?p=26148"},"modified":"2023-08-09T09:24:08","modified_gmt":"2023-08-09T12:24:08","slug":"una-jueza-kirchnerista-se-niega-a-renunciar-y-a-jubilarse-y-se-queda-en-su-cargo-pero-sin-firmar-sentencias","status":"publish","type":"post","link":"https:\/\/elfederalmendoza.com.ar\/index.php\/2023\/08\/09\/una-jueza-kirchnerista-se-niega-a-renunciar-y-a-jubilarse-y-se-queda-en-su-cargo-pero-sin-firmar-sentencias\/","title":{"rendered":"Una jueza kirchnerista se niega a renunciar y a jubilarse, y se queda en su cargo, pero sin firmar sentencias"},"content":{"rendered":"\n<p>\u201cLo vemos despu\u00e9s de las primarias\u201d. Esta es la primera respuesta que se escucha en el Senado cuando se pregunta por el pliego&nbsp;<strong>de la jueza Ana Mar\u00eda Figueroa, presidenta de la C\u00e1mara de Casaci\u00f3n Penal a quien Cristina Kirchner quiere mantener en el cargo hasta que cumpla 80 a\u00f1os,&nbsp;<\/strong>a\u00fan cuando ya fracas\u00f3 dos veces en su intento por lograr que la C\u00e1mara alta le d\u00e9 un nuevo acuerdo.&nbsp;<\/p>\n\n\n\n<p><strong>La camarista cumple 75 a\u00f1os este mi\u00e9rcoles 9 pero pretende estirar hasta fin de a\u00f1o el tr\u00e1mite para recibir un nuevo aval.<\/strong><br>Esto es as\u00ed porque el resultado de las elecciones de este domingo ser\u00e1 determinante para la suerte de la magistrada que tiene en sus manos el expediente Hotesur-Los Sauces, tal vez una de las causas que m\u00e1s inquietan a la vicepresidenta, ya que en la causa&nbsp;<strong>tambi\u00e9n est\u00e1n involucrados sus hijos, M\u00e1ximo y Florencia.<br><\/strong><br>Por lo pronto, el segundo intento fallido del kirchnerismo por reunir el quorum en la C\u00e1mara alta termin\u00f3 frustrado por la decisi\u00f3n del senador por Rio Negro y habitual aliado del&nbsp;<strong>oficialismo Alberto Weretilneck&nbsp;<\/strong>de no apoyar al oficialismo hasta despu\u00e9s de celebradas las elecciones primarias.<\/p>\n\n\n\n<p>Es l\u00f3gico. Weretilneck es gobernador electo desde abril \u00faltimo y quiere tener un poco m\u00e1s claro el panorama antes de jugar su apoyo y el del partido provincial que fund\u00f3 y controla a una causa como la que impulsa Cristina Kirchner, sobre todo cuando la continuidad de Figueroa como jueza no le reporta al rionegrino beneficio alguno.<\/p>\n\n\n\n<p>No es el \u00fanico. El&nbsp;<strong>peronista d\u00edscolo Guillermo Snopek (Jujuy), presidente del bloque Unidad Federal,<\/strong>&nbsp;se juega este domingo su continuidad como legislador nacional, es precandidato a diputado nacional, en unas primarias de Uni\u00f3n por la Patria de final abierto en las que competir\u00e1 con otras dos n\u00f3minas, una de ellas apadrinada por La C\u00e1mpora.<\/p>\n\n\n\n<p>\u201cSi pierde, perdemos su voto\u201d, opin\u00f3 un senador oficialista que se ha convertido en los \u00faltimos tiempos en blanco de las quejas de Snopek, que los acusa de no haber hecho nada para evitar que La C\u00e1mpora presentara la lista con la que lo enfrentar\u00e1 este domingo.<\/p>\n\n\n\n<p>Con su ausencia, Snopek fue responsable de propinarle el pasado 12 de julio a Cristina Kirchner el primero de los dos fracasos que suma en su intento por extender la continuidad de Figueroa.<\/p>\n\n\n\n<p>M\u00e1s all\u00e1 de estos casos puntuales, en algunas usinas oficialistas admiten que la primaria define mucho m\u00e1s que los candidatos que competir\u00e1n en octubre.&nbsp;<br>Saben que una derrota amplia a manos de Juntos por el Cambio terminar\u00e1 con el poco poder que mantiene la vicepresidenta en el Senado.&nbsp;<strong>\u201cEl olor a calas es dif\u00edcil de sacar\u201d, r<\/strong>emat\u00f3, sin medias tintas, un senador con varias elecciones presidenciales en sus espaldas.<br><strong><u>La orden, insistir<\/u><\/strong><\/p>\n\n\n\n<p>De todas maneras, la orden que tiene el bloque del Frente de Todos es seguir intentando. En el kirchnerismo consideran que tienen tiempo hasta el final del per\u00edodo de sesiones ordinarias, el pr\u00f3ximo 30 de noviembre, para aprobar el pliego que le dar\u00eda un nuevo acuerdo por cinco a\u00f1os m\u00e1s a la jueza.<\/p>\n\n\n\n<p>Esa es la teor\u00eda que esgrimi\u00f3 la propia Figueroa en la reuni\u00f3n de superintendencia de la C\u00e1mara de Casaci\u00f3n Penal que encabez\u00f3 este martes por la ma\u00f1ana. En ese encuentro, la magistrada se ampar\u00f3 en una reglamentaci\u00f3n dictada por el Consejo de la Magistratura, seg\u00fan la cual los jueces que cumplan 75 a\u00f1os pero que tengan un pedido de nuevo acuerdo del Poder Ejecutivo podr\u00e1n continuar en el cargo hasta el final del a\u00f1o parlamentario en curso.<\/p>\n\n\n\n<p>Prudente, Figueroa le anunci\u00f3 a sus colegas que se abstendr\u00e1 de firmar sentencias, pero avis\u00f3 que no presentar\u00e1 su renuncia este mi\u00e9rcoles, cuando cumplir\u00e1 75 a\u00f1os, ya que aspira a que el oficialismo logre reunir el quorum en el Senado antes del recambio de gobierno del pr\u00f3ximo 10 de diciembre para aprobar su pliego, que tiene dictamen de la Comisi\u00f3n de Acuerdos desde mediados de abril \u00faltimo.<\/p>\n\n\n\n<p>Por lo pronto, Cristina Kirchner no est\u00e1 dispuesta a ceder. Considera que tiempo le sobra para darle continuidad a Figueroa. Adem\u00e1s, no ser\u00e1 la primera vez que intente hasta \u00faltimo momento alzarse con un triunfo pol\u00edtico legislativo.<\/p>\n\n\n\n<p>En 2015 le orden\u00f3 al por entonces bloque del Frente para la Victoria llamar a sesi\u00f3n el 9 de diciembre, un d\u00eda antes de tener que traspasarle el mando a Mauricio Macri.&nbsp;<br>Quer\u00eda sancionar una ley que le diera a la provincia de Santa Cruz una millonada en fondos de la Naci\u00f3n para financiar el yacimiento carbon\u00edfero de R\u00edo Turbio.&nbsp;<br>Aquel intento termin\u00f3 en fracaso ya que no pudo reunir el quorum por deserciones de sus propios senadores.&nbsp;<br>Que se repita ese escenario es el principal fantasma que acecha la vicepresidenta a pocas horas de una elecci\u00f3n primaria cuyo resultado sabe que ser\u00e1 definitivo para su futuro como presidenta del Senado.<\/p>\n","protected":false},"excerpt":{"rendered":"<p>\u201cLo vemos despu\u00e9s de las primarias\u201d. Esta es la primera respuesta que se escucha en el Senado cuando se pregunta por el pliego&nbsp;de la jueza Ana Mar\u00eda Figueroa, presidenta de la C\u00e1mara de Casaci\u00f3n Penal a quien Cristina Kirchner quiere mantener en el cargo hasta que cumpla 80 a\u00f1os,&nbsp;a\u00fan cuando ya fracas\u00f3 dos veces en<a class=\"read-more\" href=\"https:\/\/elfederalmendoza.com.ar\/index.php\/2023\/08\/09\/una-jueza-kirchnerista-se-niega-a-renunciar-y-a-jubilarse-y-se-queda-en-su-cargo-pero-sin-firmar-sentencias\/\"> [&hellip;]<\/a><\/p>\n","protected":false},"author":2,"featured_media":26150,"comment_status":"open","ping_status":"open","sticky":false,"template":"","format":"standard","meta":{"footnotes":""},"categories":[5618],"tags":[],"class_list":["post-26148","post","type-post","status-publish","format-standard","has-post-thumbnail","hentry","category-arg"],"rttpg_featured_image_url":{"full":["https:\/\/elfederalmendoza.com.ar\/wp-content\/uploads\/2023\/08\/755557-whatsapp-20image-202023-08-08-20at-2018-49-56.jpeg",960,540,false],"landscape":["https:\/\/elfederalmendoza.com.ar\/wp-content\/uploads\/2023\/08\/755557-whatsapp-20image-202023-08-08-20at-2018-49-56.jpeg",960,540,false],"portraits":["https:\/\/elfederalmendoza.com.ar\/wp-content\/uploads\/2023\/08\/755557-whatsapp-20image-202023-08-08-20at-2018-49-56.jpeg",960,540,false],"thumbnail":["https:\/\/elfederalmendoza.com.ar\/wp-content\/uploads\/2023\/08\/755557-whatsapp-20image-202023-08-08-20at-2018-49-56-150x150.jpeg",150,150,true],"medium":["https:\/\/elfederalmendoza.com.ar\/wp-content\/uploads\/2023\/08\/755557-whatsapp-20image-202023-08-08-20at-2018-49-56-300x169.jpeg",300,169,true],"large":["https:\/\/elfederalmendoza.com.ar\/wp-content\/uploads\/2023\/08\/755557-whatsapp-20image-202023-08-08-20at-2018-49-56.jpeg",640,360,false],"1536x1536":["https:\/\/elfederalmendoza.com.ar\/wp-content\/uploads\/2023\/08\/755557-whatsapp-20image-202023-08-08-20at-2018-49-56.jpeg",960,540,false],"2048x2048":["https:\/\/elfederalmendoza.com.ar\/wp-content\/uploads\/2023\/08\/755557-whatsapp-20image-202023-08-08-20at-2018-49-56.jpeg",960,540,false],"ultp_layout_landscape_large":["https:\/\/elfederalmendoza.com.ar\/wp-content\/uploads\/2023\/08\/755557-whatsapp-20image-202023-08-08-20at-2018-49-56.jpeg",960,540,false],"ultp_layout_landscape":["https:\/\/elfederalmendoza.com.ar\/wp-content\/uploads\/2023\/08\/755557-whatsapp-20image-202023-08-08-20at-2018-49-56-870x540.jpeg",870,540,true],"ultp_layout_portrait":["https:\/\/elfederalmendoza.com.ar\/wp-content\/uploads\/2023\/08\/755557-whatsapp-20image-202023-08-08-20at-2018-49-56-600x540.jpeg",600,540,true],"ultp_layout_square":["https:\/\/elfederalmendoza.com.ar\/wp-content\/uploads\/2023\/08\/755557-whatsapp-20image-202023-08-08-20at-2018-49-56-600x540.jpeg",600,540,true],"rpwe-thumbnail":["https:\/\/elfederalmendoza.com.ar\/wp-content\/uploads\/2023\/08\/755557-whatsapp-20image-202023-08-08-20at-2018-49-56-45x45.jpeg",45,45,true],"advps-thumb-one":["https:\/\/elfederalmendoza.com.ar\/wp-content\/uploads\/2023\/08\/755557-whatsapp-20image-202023-08-08-20at-2018-49-56-960x420.jpeg",960,420,true]},"rttpg_author":{"display_name":"Redacci\u00f3n El Federal","author_link":"https:\/\/elfederalmendoza.com.ar\/index.php\/author\/angelflores\/"},"rttpg_comment":0,"rttpg_category":"<a href=\"https:\/\/elfederalmendoza.com.ar\/index.php\/category\/arg\/\" rel=\"category tag\">Argentina<\/a>","rttpg_excerpt":"\u201cLo vemos despu\u00e9s de las primarias\u201d. Esta es la primera respuesta que se escucha en el Senado cuando se pregunta por el pliego&nbsp;de la jueza Ana Mar\u00eda Figueroa, presidenta de la C\u00e1mara de Casaci\u00f3n Penal a quien Cristina Kirchner quiere mantener en el cargo hasta que cumpla 80 a\u00f1os,&nbsp;a\u00fan cuando ya fracas\u00f3 dos veces en&hellip;","_links":{"self":[{"href":"https:\/\/elfederalmendoza.com.ar\/index.php\/wp-json\/wp\/v2\/posts\/26148","targetHints":{"allow":["GET"]}}],"collection":[{"href":"https:\/\/elfederalmendoza.com.ar\/index.php\/wp-json\/wp\/v2\/posts"}],"about":[{"href":"https:\/\/elfederalmendoza.com.ar\/index.php\/wp-json\/wp\/v2\/types\/post"}],"author":[{"embeddable":true,"href":"https:\/\/elfederalmendoza.com.ar\/index.php\/wp-json\/wp\/v2\/users\/2"}],"replies":[{"embeddable":true,"href":"https:\/\/elfederalmendoza.com.ar\/index.php\/wp-json\/wp\/v2\/comments?post=26148"}],"version-history":[{"count":1,"href":"https:\/\/elfederalmendoza.com.ar\/index.php\/wp-json\/wp\/v2\/posts\/26148\/revisions"}],"predecessor-version":[{"id":26151,"href":"https:\/\/elfederalmendoza.com.ar\/index.php\/wp-json\/wp\/v2\/posts\/26148\/revisions\/26151"}],"wp:featuredmedia":[{"embeddable":true,"href":"https:\/\/elfederalmendoza.com.ar\/index.php\/wp-json\/wp\/v2\/media\/26150"}],"wp:attachment":[{"href":"https:\/\/elfederalmendoza.com.ar\/index.php\/wp-json\/wp\/v2\/media?parent=26148"}],"wp:term":[{"taxonomy":"category","embeddable":true,"href":"https:\/\/elfederalmendoza.com.ar\/index.php\/wp-json\/wp\/v2\/categories?post=26148"},{"taxonomy":"post_tag","embeddable":true,"href":"https:\/\/elfederalmendoza.com.ar\/index.php\/wp-json\/wp\/v2\/tags?post=26148"}],"curies":[{"name":"wp","href":"https:\/\/api.w.org\/{rel}","templated":true}]}}