{"id":26161,"date":"2023-08-10T08:59:21","date_gmt":"2023-08-10T11:59:21","guid":{"rendered":"https:\/\/elfederalmendoza.com\/?p=26161"},"modified":"2023-08-10T08:59:22","modified_gmt":"2023-08-10T11:59:22","slug":"estos-son-los-dos-hermanos-detenidos-por-el-crimen-de-morena-en-lanus","status":"publish","type":"post","link":"https:\/\/elfederalmendoza.com.ar\/index.php\/2023\/08\/10\/estos-son-los-dos-hermanos-detenidos-por-el-crimen-de-morena-en-lanus\/","title":{"rendered":"Estos son los dos hermanos detenidos por el crimen de Morena en Lan\u00fas"},"content":{"rendered":"\n<p>Dos hermanos de 25 y 28 a\u00f1os, que se encontraban entre los siete detenidos este mi\u00e9rcoles en torno a la\u00a0muerte de una ni\u00f1a de once a\u00f1os que fue golpeada por \u00abmotochorros\u00bb, son sospechados de haber participado en forma directa del violento hecho registrado en el distrito bonaerense de\u00a0<strong>Lan\u00fas<\/strong>, indicaron fuentes judiciales.<\/p>\n\n\n\n<p>Se trata de dos sujetos con antecedentes previos conocidos como&nbsp;<strong>\u00abMiguelito\u00bb<\/strong>&nbsp;y&nbsp;<strong>\u00abLolo\u00bb<\/strong>&nbsp;quienes se encuentran entre los arrestados, en un operativo que se llev\u00f3 a cabo en el barrio Acuba 1, situado a pocos metros del lugar del hecho.&nbsp;<\/p>\n\n\n\n<p>Por \u00abMiguelito\u00bb ya hab\u00eda un pedido de detenci\u00f3n desde este martes del juzgado porte\u00f1o 30 por otro hecho, indicaron voceros policiales.\u00a0<\/p>\n\n\n\n<figure class=\"wp-block-image is-resized\"><img loading=\"lazy\" decoding=\"async\" src=\"https:\/\/www.mendozapost.com\/files\/image\/503\/503797\/64d3abc35a669_570_432!.jpg?s=b11aa2d38d6887c3e5c514e60e0007cf&amp;d=1691614160\" alt=\"\" width=\"837\" height=\"634\"\/><figcaption class=\"wp-element-caption\">Morena ten\u00eda 11 a\u00f1os<\/figcaption><\/figure>\n\n\n\n<p>Seg\u00fan trascendi\u00f3 en forma extraoficial, la moto en la que habr\u00edan cometido el brutal asalto fue secuestrada en el domicilio del adolescente de 14 a\u00f1os, que se encuentra entre los detenidos.<\/p>\n\n\n\n<p>&nbsp;Tanto los hermanos como los otros detenidos integraban una banda de motochorros que utilizaban tres motos para cometer asalto en la zona. Al menos uno de los hermanos tiene serios antecedentes policiales, con varios a\u00f1os en una unidad penitenciaria, seg\u00fan se indic\u00f3.&nbsp;<\/p>\n\n\n\n<p>De acuerdo con fuentes ligadas a la investigaci\u00f3n, testimonios recogidos en el barrio se\u00f1alaron que la banda se reuni\u00f3 para consumir alcohol y drogas, mientras que a partir de la ma\u00f1ana de este mi\u00e9rcoles sus integrantes salieron a cometer atracos.<\/p>\n\n\n\n<blockquote class=\"twitter-tweet\"><p lang=\"es\" dir=\"ltr\">\ud83d\udea8 MORENA MURI\u00d3 PORQUE LA ASALTARON<br>&#8211; La nena de 11 a\u00f1os iba al colegio, le robaron la mochila y le golpearon la cabeza<br>&#8211; Lleg\u00f3 al establecimiento, se desmay\u00f3 y sufri\u00f3 un infarto<br>&#8211; Los motochorros asesinos est\u00e1n pr\u00f3fugos<br>\ud83d\udccd Villa Diamante &#8211; Lan\u00fas <a href=\"https:\/\/t.co\/g8kL4zbYSh\">pic.twitter.com\/g8kL4zbYSh<\/a><\/p>&mdash; V\u00eda Szeta (@mauroszeta) <a href=\"https:\/\/twitter.com\/mauroszeta\/status\/1689274758167138305?ref_src=twsrc%5Etfw\">August 9, 2023<\/a><\/blockquote> <script async src=\"https:\/\/platform.twitter.com\/widgets.js\" charset=\"utf-8\"><\/script>\n\n\n\n<p><\/p>\n","protected":false},"excerpt":{"rendered":"<p>Dos hermanos de 25 y 28 a\u00f1os, que se encontraban entre los siete detenidos este mi\u00e9rcoles en torno a la\u00a0muerte de una ni\u00f1a de once a\u00f1os que fue golpeada por \u00abmotochorros\u00bb, son sospechados de haber participado en forma directa del violento hecho registrado en el distrito bonaerense de\u00a0Lan\u00fas, indicaron fuentes judiciales. Se trata de dos<a class=\"read-more\" href=\"https:\/\/elfederalmendoza.com.ar\/index.php\/2023\/08\/10\/estos-son-los-dos-hermanos-detenidos-por-el-crimen-de-morena-en-lanus\/\"> [&hellip;]<\/a><\/p>\n","protected":false},"author":2,"featured_media":26163,"comment_status":"open","ping_status":"open","sticky":false,"template":"","format":"standard","meta":{"footnotes":""},"categories":[5618],"tags":[],"class_list":["post-26161","post","type-post","status-publish","format-standard","has-post-thumbnail","hentry","category-arg"],"rttpg_featured_image_url":{"full":["https:\/\/elfederalmendoza.com.ar\/wp-content\/uploads\/2023\/08\/morena.jpg",1440,806,false],"landscape":["https:\/\/elfederalmendoza.com.ar\/wp-content\/uploads\/2023\/08\/morena.jpg",1440,806,false],"portraits":["https:\/\/elfederalmendoza.com.ar\/wp-content\/uploads\/2023\/08\/morena.jpg",1440,806,false],"thumbnail":["https:\/\/elfederalmendoza.com.ar\/wp-content\/uploads\/2023\/08\/morena-150x150.jpg",150,150,true],"medium":["https:\/\/elfederalmendoza.com.ar\/wp-content\/uploads\/2023\/08\/morena-300x168.jpg",300,168,true],"large":["https:\/\/elfederalmendoza.com.ar\/wp-content\/uploads\/2023\/08\/morena-1024x573.jpg",640,358,true],"1536x1536":["https:\/\/elfederalmendoza.com.ar\/wp-content\/uploads\/2023\/08\/morena.jpg",1440,806,false],"2048x2048":["https:\/\/elfederalmendoza.com.ar\/wp-content\/uploads\/2023\/08\/morena.jpg",1440,806,false],"ultp_layout_landscape_large":["https:\/\/elfederalmendoza.com.ar\/wp-content\/uploads\/2023\/08\/morena-1200x800.jpg",1200,800,true],"ultp_layout_landscape":["https:\/\/elfederalmendoza.com.ar\/wp-content\/uploads\/2023\/08\/morena-870x570.jpg",870,570,true],"ultp_layout_portrait":["https:\/\/elfederalmendoza.com.ar\/wp-content\/uploads\/2023\/08\/morena-600x806.jpg",600,806,true],"ultp_layout_square":["https:\/\/elfederalmendoza.com.ar\/wp-content\/uploads\/2023\/08\/morena-600x600.jpg",600,600,true],"rpwe-thumbnail":["https:\/\/elfederalmendoza.com.ar\/wp-content\/uploads\/2023\/08\/morena-45x45.jpg",45,45,true],"advps-thumb-one":["https:\/\/elfederalmendoza.com.ar\/wp-content\/uploads\/2023\/08\/morena-1200x420.jpg",1200,420,true]},"rttpg_author":{"display_name":"Redacci\u00f3n El Federal","author_link":"https:\/\/elfederalmendoza.com.ar\/index.php\/author\/angelflores\/"},"rttpg_comment":0,"rttpg_category":"<a href=\"https:\/\/elfederalmendoza.com.ar\/index.php\/category\/arg\/\" rel=\"category tag\">Argentina<\/a>","rttpg_excerpt":"Dos hermanos de 25 y 28 a\u00f1os, que se encontraban entre los siete detenidos este mi\u00e9rcoles en torno a la\u00a0muerte de una ni\u00f1a de once a\u00f1os que fue golpeada por \u00abmotochorros\u00bb, son sospechados de haber participado en forma directa del violento hecho registrado en el distrito bonaerense de\u00a0Lan\u00fas, indicaron fuentes judiciales. Se trata de dos&hellip;","_links":{"self":[{"href":"https:\/\/elfederalmendoza.com.ar\/index.php\/wp-json\/wp\/v2\/posts\/26161","targetHints":{"allow":["GET"]}}],"collection":[{"href":"https:\/\/elfederalmendoza.com.ar\/index.php\/wp-json\/wp\/v2\/posts"}],"about":[{"href":"https:\/\/elfederalmendoza.com.ar\/index.php\/wp-json\/wp\/v2\/types\/post"}],"author":[{"embeddable":true,"href":"https:\/\/elfederalmendoza.com.ar\/index.php\/wp-json\/wp\/v2\/users\/2"}],"replies":[{"embeddable":true,"href":"https:\/\/elfederalmendoza.com.ar\/index.php\/wp-json\/wp\/v2\/comments?post=26161"}],"version-history":[{"count":1,"href":"https:\/\/elfederalmendoza.com.ar\/index.php\/wp-json\/wp\/v2\/posts\/26161\/revisions"}],"predecessor-version":[{"id":26164,"href":"https:\/\/elfederalmendoza.com.ar\/index.php\/wp-json\/wp\/v2\/posts\/26161\/revisions\/26164"}],"wp:featuredmedia":[{"embeddable":true,"href":"https:\/\/elfederalmendoza.com.ar\/index.php\/wp-json\/wp\/v2\/media\/26163"}],"wp:attachment":[{"href":"https:\/\/elfederalmendoza.com.ar\/index.php\/wp-json\/wp\/v2\/media?parent=26161"}],"wp:term":[{"taxonomy":"category","embeddable":true,"href":"https:\/\/elfederalmendoza.com.ar\/index.php\/wp-json\/wp\/v2\/categories?post=26161"},{"taxonomy":"post_tag","embeddable":true,"href":"https:\/\/elfederalmendoza.com.ar\/index.php\/wp-json\/wp\/v2\/tags?post=26161"}],"curies":[{"name":"wp","href":"https:\/\/api.w.org\/{rel}","templated":true}]}}