{"id":26198,"date":"2023-08-10T13:12:00","date_gmt":"2023-08-10T16:12:00","guid":{"rendered":"https:\/\/elfederalmendoza.com\/?p=26198"},"modified":"2023-08-10T14:13:54","modified_gmt":"2023-08-10T17:13:54","slug":"los-indignantes-beneficios-de-la-justicia-a-los-presuntos-asesinos-de-morena","status":"publish","type":"post","link":"https:\/\/elfederalmendoza.com.ar\/index.php\/2023\/08\/10\/los-indignantes-beneficios-de-la-justicia-a-los-presuntos-asesinos-de-morena\/","title":{"rendered":"Los indignantes beneficios de la Justicia a los presuntos asesinos de Morena"},"content":{"rendered":"\n<p><strong>Los hermanos Madariaga, principales sospechosos por el crimen de Morena Dom\u00ednguez, hab\u00edan sido beneficiados por la Justicia en un juicio por otros delitos y sobre ambos reca\u00eda un pedido de captura.<\/strong><br><strong><br>Miguel \u00c1ngel y Dar\u00edo Humberto Madariaga hab\u00edan sido condenados a tres a\u00f1os por el Tribunal Oral Criminal (TOC) N\u00b030 por el robo de veh\u00edculo en la v\u00eda p\u00fablica<\/strong>. En ese mismo veredicto, fueron condenados&nbsp;<strong>Jorge Amado&nbsp;<\/strong>y&nbsp;<strong>Abraham Quinteros<\/strong>.<\/p>\n\n\n\n<p>En aquella oportunidad, Dar\u00edo Humberto (28) hab\u00eda recibido una pena de tres a\u00f1os, mientras que Miguel \u00c1ngel (25) recibi\u00f3 una condena de cuatro a\u00f1os y seis meses de prisi\u00f3n porque arrastraba un antecedente de una pena en suspenso del Tribunal Oral Criminal (TOC) N\u00b025.<\/p>\n\n\n\n<p>La condena de ambos hermanos fue homologada por el Tribunal, ya que los hermanos hab\u00edan hecho un pacto con la fiscal\u00eda para tener un juicio abreviado de tres a\u00f1os con prisi\u00f3n efectiva. Sin embargo, cada uno tuvo un particular beneficio por parte de la Justicia.<br><strong><br>El mayor de los Madariaga fue beneficiado por el alivio de la acusaci\u00f3n de la C\u00e1mara Nacional de Casaci\u00f3n Penal<\/strong>. Los jueces entendieron que el robo en poblado y en banda no hab\u00eda existido y lo caratularon como robo simple.<\/p>\n\n\n\n<p>El expediente fue enviado al TOC N\u00b030 para que se le imponga una nueva pena, pero cuando le notificaron al imputado que la causa iba a avanzar, Dar\u00edo Humberto -quien ya gozaba de libertad condicional-&nbsp;<strong>nunca se present\u00f3 y fue declarado como rebelde<\/strong>. Es por eso que ten\u00eda pedido de captura.<\/p>\n\n\n\n<p>La situaci\u00f3n judicial de Miguel Madariaga tambi\u00e9n tuvo un beneficio. Es que en un principio le hab\u00edan impuesto una pena de tres a\u00f1os con prisi\u00f3n efectiva, al igual que a su hermano, pero al tener antecedentes de una pena en suspenso impuesta por el Tribunal N\u00b025, la condena unificada fue de cuatro a\u00f1os y seis meses.<\/p>\n\n\n\n<p>Sin embargo,&nbsp;<strong>durante el proceso judicial se detect\u00f3 que hab\u00eda un antecedente del juzgado correccional de Lomas de Zamora que no hab\u00eda sido tenido en cuenta. Ante esa situaci\u00f3n, la defensa y la fiscal\u00eda volvieron a pactar y pidieron ante el Tribunal mantener la condena cuatro a\u00f1os y seis meses<\/strong>.<\/p>\n\n\n\n<p>Al igual que ocurri\u00f3 con su hermano mayor, cuando le quisieron notificar a Miguel Madariaga sobre los cambios en su situaci\u00f3n procesal, el imputado -que tambi\u00e9n gozaba de libertad condicional- nunca se present\u00f3 y fue declarado rebelde con el pedido de captura correspondiente.<br><strong><br>Los hermanos Madariaga, en medio de ese proceso judicial, ya hab\u00edan alcanzado la libertad condicional y por eso estaban en libertad<\/strong>. No obstante, sobre los dos pesaba un pedido de captura del Tribunal N\u00b030 porque nunca se presentaron a derecho para ser notificados de las condenas respectivas.<\/p>\n","protected":false},"excerpt":{"rendered":"<p>Los hermanos Madariaga, principales sospechosos por el crimen de Morena Dom\u00ednguez, hab\u00edan sido beneficiados por la Justicia en un juicio por otros delitos y sobre ambos reca\u00eda un pedido de captura.Miguel \u00c1ngel y Dar\u00edo Humberto Madariaga hab\u00edan sido condenados a tres a\u00f1os por el Tribunal Oral Criminal (TOC) N\u00b030 por el robo de veh\u00edculo en<a class=\"read-more\" href=\"https:\/\/elfederalmendoza.com.ar\/index.php\/2023\/08\/10\/los-indignantes-beneficios-de-la-justicia-a-los-presuntos-asesinos-de-morena\/\"> [&hellip;]<\/a><\/p>\n","protected":false},"author":2,"featured_media":26199,"comment_status":"open","ping_status":"open","sticky":false,"template":"","format":"standard","meta":{"footnotes":""},"categories":[5618],"tags":[],"class_list":["post-26198","post","type-post","status-publish","format-standard","has-post-thumbnail","hentry","category-arg"],"rttpg_featured_image_url":{"full":["https:\/\/elfederalmendoza.com.ar\/wp-content\/uploads\/2023\/08\/f608x342-1455998_1485721_15.webp",608,342,false],"landscape":["https:\/\/elfederalmendoza.com.ar\/wp-content\/uploads\/2023\/08\/f608x342-1455998_1485721_15.webp",608,342,false],"portraits":["https:\/\/elfederalmendoza.com.ar\/wp-content\/uploads\/2023\/08\/f608x342-1455998_1485721_15.webp",608,342,false],"thumbnail":["https:\/\/elfederalmendoza.com.ar\/wp-content\/uploads\/2023\/08\/f608x342-1455998_1485721_15-150x150.webp",150,150,true],"medium":["https:\/\/elfederalmendoza.com.ar\/wp-content\/uploads\/2023\/08\/f608x342-1455998_1485721_15-300x169.webp",300,169,true],"large":["https:\/\/elfederalmendoza.com.ar\/wp-content\/uploads\/2023\/08\/f608x342-1455998_1485721_15.webp",608,342,false],"1536x1536":["https:\/\/elfederalmendoza.com.ar\/wp-content\/uploads\/2023\/08\/f608x342-1455998_1485721_15.webp",608,342,false],"2048x2048":["https:\/\/elfederalmendoza.com.ar\/wp-content\/uploads\/2023\/08\/f608x342-1455998_1485721_15.webp",608,342,false],"ultp_layout_landscape_large":["https:\/\/elfederalmendoza.com.ar\/wp-content\/uploads\/2023\/08\/f608x342-1455998_1485721_15.webp",608,342,false],"ultp_layout_landscape":["https:\/\/elfederalmendoza.com.ar\/wp-content\/uploads\/2023\/08\/f608x342-1455998_1485721_15.webp",608,342,false],"ultp_layout_portrait":["https:\/\/elfederalmendoza.com.ar\/wp-content\/uploads\/2023\/08\/f608x342-1455998_1485721_15-600x342.webp",600,342,true],"ultp_layout_square":["https:\/\/elfederalmendoza.com.ar\/wp-content\/uploads\/2023\/08\/f608x342-1455998_1485721_15-600x342.webp",600,342,true],"rpwe-thumbnail":["https:\/\/elfederalmendoza.com.ar\/wp-content\/uploads\/2023\/08\/f608x342-1455998_1485721_15-45x45.webp",45,45,true],"advps-thumb-one":["https:\/\/elfederalmendoza.com.ar\/wp-content\/uploads\/2023\/08\/f608x342-1455998_1485721_15.webp",608,342,false]},"rttpg_author":{"display_name":"Redacci\u00f3n El Federal","author_link":"https:\/\/elfederalmendoza.com.ar\/index.php\/author\/angelflores\/"},"rttpg_comment":0,"rttpg_category":"<a href=\"https:\/\/elfederalmendoza.com.ar\/index.php\/category\/arg\/\" rel=\"category tag\">Argentina<\/a>","rttpg_excerpt":"Los hermanos Madariaga, principales sospechosos por el crimen de Morena Dom\u00ednguez, hab\u00edan sido beneficiados por la Justicia en un juicio por otros delitos y sobre ambos reca\u00eda un pedido de captura.Miguel \u00c1ngel y Dar\u00edo Humberto Madariaga hab\u00edan sido condenados a tres a\u00f1os por el Tribunal Oral Criminal (TOC) N\u00b030 por el robo de veh\u00edculo en&hellip;","_links":{"self":[{"href":"https:\/\/elfederalmendoza.com.ar\/index.php\/wp-json\/wp\/v2\/posts\/26198","targetHints":{"allow":["GET"]}}],"collection":[{"href":"https:\/\/elfederalmendoza.com.ar\/index.php\/wp-json\/wp\/v2\/posts"}],"about":[{"href":"https:\/\/elfederalmendoza.com.ar\/index.php\/wp-json\/wp\/v2\/types\/post"}],"author":[{"embeddable":true,"href":"https:\/\/elfederalmendoza.com.ar\/index.php\/wp-json\/wp\/v2\/users\/2"}],"replies":[{"embeddable":true,"href":"https:\/\/elfederalmendoza.com.ar\/index.php\/wp-json\/wp\/v2\/comments?post=26198"}],"version-history":[{"count":1,"href":"https:\/\/elfederalmendoza.com.ar\/index.php\/wp-json\/wp\/v2\/posts\/26198\/revisions"}],"predecessor-version":[{"id":26200,"href":"https:\/\/elfederalmendoza.com.ar\/index.php\/wp-json\/wp\/v2\/posts\/26198\/revisions\/26200"}],"wp:featuredmedia":[{"embeddable":true,"href":"https:\/\/elfederalmendoza.com.ar\/index.php\/wp-json\/wp\/v2\/media\/26199"}],"wp:attachment":[{"href":"https:\/\/elfederalmendoza.com.ar\/index.php\/wp-json\/wp\/v2\/media?parent=26198"}],"wp:term":[{"taxonomy":"category","embeddable":true,"href":"https:\/\/elfederalmendoza.com.ar\/index.php\/wp-json\/wp\/v2\/categories?post=26198"},{"taxonomy":"post_tag","embeddable":true,"href":"https:\/\/elfederalmendoza.com.ar\/index.php\/wp-json\/wp\/v2\/tags?post=26198"}],"curies":[{"name":"wp","href":"https:\/\/api.w.org\/{rel}","templated":true}]}}