{"id":26228,"date":"2023-08-11T11:37:57","date_gmt":"2023-08-11T14:37:57","guid":{"rendered":"https:\/\/elfederalmendoza.com\/?p=26228"},"modified":"2023-08-11T11:37:58","modified_gmt":"2023-08-11T14:37:58","slug":"audio-desgarrador-relato-de-la-hermana-del-medico-asesinado-el-salvaba-a-los-chorros-baleados-y-estos-hijos-de-puta-lo-mataron","status":"publish","type":"post","link":"https:\/\/elfederalmendoza.com.ar\/index.php\/2023\/08\/11\/audio-desgarrador-relato-de-la-hermana-del-medico-asesinado-el-salvaba-a-los-chorros-baleados-y-estos-hijos-de-puta-lo-mataron\/","title":{"rendered":"-AUDIO- Desgarrador relato de la hermana del m\u00e9dico asesinado: \u00ab\u00c9l salvaba a los chorros baleados y estos hijos de puta lo mataron\u00bb"},"content":{"rendered":"\n<p>Victoria, la hermana del m\u00e9dico<strong> Juan Carlos Cruz<\/strong>, asesinado por tres delincuentes que lo balearon en la cabeza para\u00a0<strong>robarle el auto en Mor\u00f3n<\/strong>, est\u00e1 destruida. No encuentra respuesta para lo que le hicieron a su familia. En medio de una fuerte congoja, la mujer intent\u00f3 resumir sus sentimientos mientras la Polic\u00eda a\u00fan busca a los responsables del crimen.<\/p>\n\n\n\n<blockquote class=\"twitter-tweet\"><p lang=\"es\" dir=\"ltr\">[AHORA] Doloroso testimonio de la hermana del m\u00e9dico asesinado en Mor\u00f3n: &quot;Salv\u00f3 a muchos ladrones baleados y estos hijos de puta se lo llevaron&quot;. <a href=\"https:\/\/t.co\/vHZLS1u9DJ\">https:\/\/t.co\/vHZLS1u9DJ<\/a> <a href=\"https:\/\/t.co\/26RUVGTz0W\">pic.twitter.com\/26RUVGTz0W<\/a><\/p>&mdash; ElCanciller.com (@elcancillercom) <a href=\"https:\/\/twitter.com\/elcancillercom\/status\/1689977613756837888?ref_src=twsrc%5Etfw\">August 11, 2023<\/a><\/blockquote> <script async src=\"https:\/\/platform.twitter.com\/widgets.js\" charset=\"utf-8\"><\/script>\n\n\n\n<p>\u201cLa ley es una mierda, la Justicia es una mierda, los derechos humanos son solamente para ellos, mi hermano no tuvo derecho a defenderse, no tuvo chance a nada&#8230; Lo mataron sin mediar nada, pobrecito.&nbsp;<strong>\u00c9l salv\u00f3 a cu\u00e1ntos chorros baleados de Fuerte Apache y estos hijos de puta se lo llevaron ahora<\/strong>\u201d, asegur\u00f3 en di\u00e1logo con el periodista Eduardo Feinmann en&nbsp;<em>radio Mitre<\/em>.<\/p>\n\n\n\n<p>Y continu\u00f3: \u201c<strong>\u00c9l ten\u00eda un compromiso con la sociedad por su profesi\u00f3n. \u00bfQu\u00e9 mierda de compromiso tiene el Estado con esto? \u00bfD\u00f3nde mierda est\u00e1n el gobernador y el intendente? Ahora quieren pagar el velorio, \u00bfpara qu\u00e9 mierda? No necesito plata, necesito justicia, necesito a mi hermano<\/strong>\u201d.<\/p>\n\n\n\n<p>Antes, en otros reportajes televisivos, Victoria hab\u00eda contado la historia de esfuerzo y trabajo de la familia. \u201cVenimos desde abajo, muy abajo\u201d, revel\u00f3.<\/p>\n\n\n\n<p><img loading=\"lazy\" decoding=\"async\" alt=\"La casa de Juan Carlos Cruz, donde ayer fue asesinado (Foto: Adri\u00e1n Escandar)\" height=\"1080\" width=\"1920\" src=\"https:\/\/www.infobae.com\/new-resizer\/kBNxIBzfHgvw7UF7tP2wkvKEPjU=\/arc-anglerfish-arc2-prod-infobae\/public\/ADFRZO6BCJHTXE6WNSPPC5NN2E.jpg\" srcset=\"https:\/\/www.infobae.com\/new-resizer\/bMz9_FwXt3CTmlDpUR917GfOtD4=\/420x236\/filters:format(webp):quality(85)\/cloudfront-us-east-1.images.arcpublishing.com\/infobae\/ADFRZO6BCJHTXE6WNSPPC5NN2E.jpg 420w,https:\/\/www.infobae.com\/new-resizer\/65N6sC6VS32NrjLnZpczY3Aa0yQ=\/768x432\/filters:format(webp):quality(85)\/cloudfront-us-east-1.images.arcpublishing.com\/infobae\/ADFRZO6BCJHTXE6WNSPPC5NN2E.jpg 768w,https:\/\/www.infobae.com\/new-resizer\/_0tRLHIt8niN4c24cExQxEkO7Mc=\/992x558\/filters:format(webp):quality(85)\/cloudfront-us-east-1.images.arcpublishing.com\/infobae\/ADFRZO6BCJHTXE6WNSPPC5NN2E.jpg 992w,https:\/\/www.infobae.com\/new-resizer\/J5xEvE5f6APXrXSMWARYjS0TOMM=\/1200x675\/filters:format(webp):quality(85)\/cloudfront-us-east-1.images.arcpublishing.com\/infobae\/ADFRZO6BCJHTXE6WNSPPC5NN2E.jpg 1200w,https:\/\/www.infobae.com\/new-resizer\/pk9zdL5Jf_eBblB3537lE5LuYLA=\/1440x810\/filters:format(webp):quality(85)\/cloudfront-us-east-1.images.arcpublishing.com\/infobae\/ADFRZO6BCJHTXE6WNSPPC5NN2E.jpg 1440w\">La casa de Juan Carlos Cruz, donde ayer fue asesinado (Foto: Adri\u00e1n Escandar)<\/p>\n\n\n\n<p>El crimen ocurri\u00f3 ayer a las 16:59 en la puerta de la casa de la v\u00edctima, ubicada a metros de la esquina de&nbsp;<strong>Gregorio P\u00e9rez y Lan\u00fas<\/strong>, en la zona Oeste del Conurbano, donde una c\u00e1mara de seguridad registr\u00f3 lo ocurrido. Los delincuentes&nbsp;<strong>tardaron menos de 20 segundos en abordar y asesinar a Cruz<\/strong>.<\/p>\n\n\n\n<p>Durante el reportaje ante medios televisivos, Victoria aprovech\u00f3 para expresar sus cr\u00edticas hacia las leyes, que seg\u00fan ella favorecen a los delincuentes. \u201cEn este pa\u00eds no hay hambre, hay vagos de mierda. En este pa\u00eds tienen que cambiar las leyes. A ver a qui\u00e9n tienen que favorecer\u201d, asegur\u00f3 la mujer.<\/p>\n\n\n\n<p>Tambi\u00e9n record\u00f3 que poco antes del asesinato de su hermano habl\u00f3 con \u00e9l acerca del crimen de Morena, la nena de 11 a\u00f1os asesinada por motochorros en Lan\u00fas. Dijo que a partir de este hecho, le coment\u00f3 a su hermano que de ahora en adelante no dejar\u00eda salir solo a su hijo de 14.<\/p>\n\n\n\n<p>Fuentes del caso informaron a este medio que&nbsp;<strong>el auto de la v\u00edctima, marca Fiat, apareci\u00f3 a unas 40 cuadras&nbsp;<\/strong>del lugar del crimen, en el cruce de Andrade y Aguirre, en la localidad de Rafael Castillo, en el partido de La Matanza: ten\u00eda un neum\u00e1tico pinchado y una puerta abierta.<\/p>\n\n\n\n<p>La causa es investigada por la Fiscal\u00eda N\u00ba 7 de Mor\u00f3n, a cargo de<strong>&nbsp;Mat\u00edas Rappazzo<\/strong>, quien trabaj\u00f3 en la zona del hecho junto a los peritos de la Polic\u00eda Cient\u00edfica; mientras buscan intensamente a los homicidas. Esta ma\u00f1ana, fuentes de la causa dijeron a este medio que buscan a los sospechosos a trav\u00e9s de las c\u00e1maras de seguridad y que no hay testigos.<\/p>\n\n\n\n<p>\u201cEs una pesadilla. Nunca en la ma\u00f1ana de ayer habr\u00eda so\u00f1ado pasar por esto hoy. Es una pesadilla que no tiene remedio. Vuelvo a repetir, si no hay justicia y no cambian las leyes, nos est\u00e1n matando uno a uno. As\u00ed de sencillo. Salvaba vidas todos los d\u00edas. Todos los d\u00edas salvaba a estas lacras y estas lacras se llevaron su vida, sin mediar nada. Era un auto de mierda\u201d, dijo la hermana a su turno en&nbsp;<strong>Infobae<\/strong>.<\/p>\n\n\n\n<p>Las c\u00e1maras del municipio de Mor\u00f3n&nbsp;<strong>captaron a los tres sospechosos del crimen en una plaza&nbsp;<\/strong>cercana al lugar del hecho. Eran las 16.54, seg\u00fan el registro del video, cuando pasaron caminando los tres juntos mientras los ni\u00f1os jugaban en los juegos.<\/p>\n\n\n\n<p>Tras el crimen, tambi\u00e9n desde el centro de monitoreo del municipio se divis\u00f3&nbsp;<strong>la fuga del Fiat de la v\u00edctima<\/strong>, a las 17.08, en el cruce de<strong>&nbsp;Stevenson y Avenida Eva Per\u00f3n<\/strong>, justo en el l\u00edmite de Mor\u00f3n y Rafael Castillo y unas cuadras de donde luego quedar\u00eda descartado el coche.<\/p>\n\n\n\n<p>Finalmente Victoria record\u00f3 que el objetivo de Juan Carlos, adem\u00e1s de haberse convertido en cirujano, era ense\u00f1ar lo que sab\u00eda a nuevos m\u00e9dicos. \u201c\u00c9l quer\u00eda dejar un legado\u201d, finaliz\u00f3 la mujer.<\/p>\n","protected":false},"excerpt":{"rendered":"<p>Victoria, la hermana del m\u00e9dico Juan Carlos Cruz, asesinado por tres delincuentes que lo balearon en la cabeza para\u00a0robarle el auto en Mor\u00f3n, est\u00e1 destruida. No encuentra respuesta para lo que le hicieron a su familia. En medio de una fuerte congoja, la mujer intent\u00f3 resumir sus sentimientos mientras la Polic\u00eda a\u00fan busca a los<a class=\"read-more\" href=\"https:\/\/elfederalmendoza.com.ar\/index.php\/2023\/08\/11\/audio-desgarrador-relato-de-la-hermana-del-medico-asesinado-el-salvaba-a-los-chorros-baleados-y-estos-hijos-de-puta-lo-mataron\/\"> [&hellip;]<\/a><\/p>\n","protected":false},"author":2,"featured_media":26236,"comment_status":"open","ping_status":"open","sticky":false,"template":"","format":"standard","meta":{"footnotes":""},"categories":[5618],"tags":[],"class_list":["post-26228","post","type-post","status-publish","format-standard","has-post-thumbnail","hentry","category-arg"],"rttpg_featured_image_url":{"full":["https:\/\/elfederalmendoza.com.ar\/wp-content\/uploads\/2023\/08\/MEDICO-MORON.jpg",1000,602,false],"landscape":["https:\/\/elfederalmendoza.com.ar\/wp-content\/uploads\/2023\/08\/MEDICO-MORON.jpg",1000,602,false],"portraits":["https:\/\/elfederalmendoza.com.ar\/wp-content\/uploads\/2023\/08\/MEDICO-MORON.jpg",1000,602,false],"thumbnail":["https:\/\/elfederalmendoza.com.ar\/wp-content\/uploads\/2023\/08\/MEDICO-MORON-150x150.jpg",150,150,true],"medium":["https:\/\/elfederalmendoza.com.ar\/wp-content\/uploads\/2023\/08\/MEDICO-MORON-300x181.jpg",300,181,true],"large":["https:\/\/elfederalmendoza.com.ar\/wp-content\/uploads\/2023\/08\/MEDICO-MORON.jpg",640,385,false],"1536x1536":["https:\/\/elfederalmendoza.com.ar\/wp-content\/uploads\/2023\/08\/MEDICO-MORON.jpg",1000,602,false],"2048x2048":["https:\/\/elfederalmendoza.com.ar\/wp-content\/uploads\/2023\/08\/MEDICO-MORON.jpg",1000,602,false],"ultp_layout_landscape_large":["https:\/\/elfederalmendoza.com.ar\/wp-content\/uploads\/2023\/08\/MEDICO-MORON.jpg",1000,602,false],"ultp_layout_landscape":["https:\/\/elfederalmendoza.com.ar\/wp-content\/uploads\/2023\/08\/MEDICO-MORON-870x570.jpg",870,570,true],"ultp_layout_portrait":["https:\/\/elfederalmendoza.com.ar\/wp-content\/uploads\/2023\/08\/MEDICO-MORON-600x602.jpg",600,602,true],"ultp_layout_square":["https:\/\/elfederalmendoza.com.ar\/wp-content\/uploads\/2023\/08\/MEDICO-MORON-600x600.jpg",600,600,true],"rpwe-thumbnail":["https:\/\/elfederalmendoza.com.ar\/wp-content\/uploads\/2023\/08\/MEDICO-MORON-45x45.jpg",45,45,true],"advps-thumb-one":["https:\/\/elfederalmendoza.com.ar\/wp-content\/uploads\/2023\/08\/MEDICO-MORON-1000x420.jpg",1000,420,true]},"rttpg_author":{"display_name":"Redacci\u00f3n El Federal","author_link":"https:\/\/elfederalmendoza.com.ar\/index.php\/author\/angelflores\/"},"rttpg_comment":0,"rttpg_category":"<a href=\"https:\/\/elfederalmendoza.com.ar\/index.php\/category\/arg\/\" rel=\"category tag\">Argentina<\/a>","rttpg_excerpt":"Victoria, la hermana del m\u00e9dico Juan Carlos Cruz, asesinado por tres delincuentes que lo balearon en la cabeza para\u00a0robarle el auto en Mor\u00f3n, est\u00e1 destruida. No encuentra respuesta para lo que le hicieron a su familia. En medio de una fuerte congoja, la mujer intent\u00f3 resumir sus sentimientos mientras la Polic\u00eda a\u00fan busca a los&hellip;","_links":{"self":[{"href":"https:\/\/elfederalmendoza.com.ar\/index.php\/wp-json\/wp\/v2\/posts\/26228","targetHints":{"allow":["GET"]}}],"collection":[{"href":"https:\/\/elfederalmendoza.com.ar\/index.php\/wp-json\/wp\/v2\/posts"}],"about":[{"href":"https:\/\/elfederalmendoza.com.ar\/index.php\/wp-json\/wp\/v2\/types\/post"}],"author":[{"embeddable":true,"href":"https:\/\/elfederalmendoza.com.ar\/index.php\/wp-json\/wp\/v2\/users\/2"}],"replies":[{"embeddable":true,"href":"https:\/\/elfederalmendoza.com.ar\/index.php\/wp-json\/wp\/v2\/comments?post=26228"}],"version-history":[{"count":2,"href":"https:\/\/elfederalmendoza.com.ar\/index.php\/wp-json\/wp\/v2\/posts\/26228\/revisions"}],"predecessor-version":[{"id":26241,"href":"https:\/\/elfederalmendoza.com.ar\/index.php\/wp-json\/wp\/v2\/posts\/26228\/revisions\/26241"}],"wp:featuredmedia":[{"embeddable":true,"href":"https:\/\/elfederalmendoza.com.ar\/index.php\/wp-json\/wp\/v2\/media\/26236"}],"wp:attachment":[{"href":"https:\/\/elfederalmendoza.com.ar\/index.php\/wp-json\/wp\/v2\/media?parent=26228"}],"wp:term":[{"taxonomy":"category","embeddable":true,"href":"https:\/\/elfederalmendoza.com.ar\/index.php\/wp-json\/wp\/v2\/categories?post=26228"},{"taxonomy":"post_tag","embeddable":true,"href":"https:\/\/elfederalmendoza.com.ar\/index.php\/wp-json\/wp\/v2\/tags?post=26228"}],"curies":[{"name":"wp","href":"https:\/\/api.w.org\/{rel}","templated":true}]}}