{"id":26247,"date":"2023-08-11T11:57:02","date_gmt":"2023-08-11T14:57:02","guid":{"rendered":"https:\/\/elfederalmendoza.com\/?p=26247"},"modified":"2023-08-11T11:57:03","modified_gmt":"2023-08-11T14:57:03","slug":"otro-brutal-crimen-en-el-conurbano-mataron-a-un-profesor-de-educacion-fisica-en-un-asalto-lo-acribillaron-con-varios-disparos","status":"publish","type":"post","link":"https:\/\/elfederalmendoza.com.ar\/index.php\/2023\/08\/11\/otro-brutal-crimen-en-el-conurbano-mataron-a-un-profesor-de-educacion-fisica-en-un-asalto-lo-acribillaron-con-varios-disparos\/","title":{"rendered":"Otro brutal crimen en el conurbano: mataron a un profesor de educaci\u00f3n f\u00edsica en un asalto, lo acribillaron con varios disparos"},"content":{"rendered":"\n<p>La violencia asesina y la inseguridad no se detienen en el conurbano. Tras los asesinatos de Morena Dom\u00ednguez y el m\u00e9dico Juan Carlos Cruz en Mor\u00f3n,\u00a0<strong>un nuevo homicidio se suma a la lista.<\/strong><a href=\"https:\/\/www.infobae.com\/sociedad\/policiales\/2023\/08\/11\/video-asi-se-fugaron-los-ladrones-que-asesinaron-a-un-medico-en-moron-para-robarle-el-auto\/\" target=\"_blank\" rel=\"noreferrer noopener\"><\/a><a href=\"https:\/\/www.infobae.com\/sociedad\/policiales\/2023\/08\/11\/comenzo-el-velatorio-del-medico-asesinado-en-moron-entre-el-dolor-de-sus-companeros-del-hospital-carrillo\/\" target=\"_blank\" rel=\"noreferrer noopener\"><\/a><\/p>\n\n\n\n<p>El hecho ocurri\u00f3 en Guernica, departamento judicial de La Plata. La v\u00edctima fue identificada como&nbsp;<strong>Nelson Daniel Peralta, profesor de educaci\u00f3n f\u00edsica, de 56 a\u00f1os.<\/strong><\/p>\n\n\n\n<p>Tres delincuentes entraron a su casa de la calle Alaska para robarle. Al resistirse, lo mataron a tiros. La autopsia a\u00fan no fue realizada, pero&nbsp;<strong>los peritos determinaron que Peralta recibi\u00f3 al menos cuatro tiros en los brazos y en el t\u00f3rax con dos calibres distintos<\/strong>, 9 mil\u00edmetros y .22.<\/p>\n\n\n\n<p>El fiscal<strong>&nbsp;Juan Cruz Condom\u00ed Alcorta, titular de la UFI N\u00b01 descentralizada de Presidente Per\u00f3n<\/strong>,investiga el hecho bajo la calificaci\u00f3n de tentativa de robo y homicidio.<\/p>\n\n\n\n<p>El hecho fue reportado tras un llamado al 911, donde se alert\u00f3 de un ingreso de delincuentes y un herido con arma de fuego. As\u00ed, fue enviado al lugar un patrullero de la Comisar\u00eda 2\u00b0 de la zona, seg\u00fan datos policiales a los que accedi\u00f3&nbsp;<strong>Infobae.&nbsp;<\/strong>All\u00ed, se encontraron con Peralta, baleado y sangrando. Con la fuerza que le quedaba, relat\u00f3 a los efectivos que tres ladrones intentaron entrar por la ventana de su dormitorio.<\/p>\n\n\n\n<p>As\u00ed,&nbsp;<strong>comenz\u00f3 a luchar con uno de ellos, que le dispar\u00f3 varias veces.&nbsp;<\/strong>Los tres escaparon.<\/p>\n\n\n\n<p>Una ambulancia&nbsp;<strong>lo traslad\u00f3 luego a un hospital zonal, donde sufri\u00f3 un paro cardiorrespiratorio<\/strong>&nbsp;y falleci\u00f3.<\/p>\n\n\n\n<p>Seg\u00fan sus registros, Peralta ten\u00eda otro domicilio en Quilmes Oeste&nbsp;<strong>-hab\u00eda trabajado desde 1997 hasta 2018 en una escuela de esa zona-&nbsp;<\/strong>y hasta su muerte era empleado del Instituto de Previsi\u00f3n Social bonaerense.<\/p>\n\n\n\n<p><em>NOTICIA EN DESARROLLO<\/em><\/p>\n","protected":false},"excerpt":{"rendered":"<p>La violencia asesina y la inseguridad no se detienen en el conurbano. Tras los asesinatos de Morena Dom\u00ednguez y el m\u00e9dico Juan Carlos Cruz en Mor\u00f3n,\u00a0un nuevo homicidio se suma a la lista. El hecho ocurri\u00f3 en Guernica, departamento judicial de La Plata. La v\u00edctima fue identificada como&nbsp;Nelson Daniel Peralta, profesor de educaci\u00f3n f\u00edsica, de<a class=\"read-more\" href=\"https:\/\/elfederalmendoza.com.ar\/index.php\/2023\/08\/11\/otro-brutal-crimen-en-el-conurbano-mataron-a-un-profesor-de-educacion-fisica-en-un-asalto-lo-acribillaron-con-varios-disparos\/\"> [&hellip;]<\/a><\/p>\n","protected":false},"author":2,"featured_media":26249,"comment_status":"open","ping_status":"open","sticky":false,"template":"","format":"standard","meta":{"footnotes":""},"categories":[5618],"tags":[],"class_list":["post-26247","post","type-post","status-publish","format-standard","has-post-thumbnail","hentry","category-arg"],"rttpg_featured_image_url":{"full":["https:\/\/elfederalmendoza.com.ar\/wp-content\/uploads\/2023\/08\/profe.jpg",1156,644,false],"landscape":["https:\/\/elfederalmendoza.com.ar\/wp-content\/uploads\/2023\/08\/profe.jpg",1156,644,false],"portraits":["https:\/\/elfederalmendoza.com.ar\/wp-content\/uploads\/2023\/08\/profe.jpg",1156,644,false],"thumbnail":["https:\/\/elfederalmendoza.com.ar\/wp-content\/uploads\/2023\/08\/profe-150x150.jpg",150,150,true],"medium":["https:\/\/elfederalmendoza.com.ar\/wp-content\/uploads\/2023\/08\/profe-300x167.jpg",300,167,true],"large":["https:\/\/elfederalmendoza.com.ar\/wp-content\/uploads\/2023\/08\/profe-1024x570.jpg",640,356,true],"1536x1536":["https:\/\/elfederalmendoza.com.ar\/wp-content\/uploads\/2023\/08\/profe.jpg",1156,644,false],"2048x2048":["https:\/\/elfederalmendoza.com.ar\/wp-content\/uploads\/2023\/08\/profe.jpg",1156,644,false],"ultp_layout_landscape_large":["https:\/\/elfederalmendoza.com.ar\/wp-content\/uploads\/2023\/08\/profe.jpg",1156,644,false],"ultp_layout_landscape":["https:\/\/elfederalmendoza.com.ar\/wp-content\/uploads\/2023\/08\/profe-870x570.jpg",870,570,true],"ultp_layout_portrait":["https:\/\/elfederalmendoza.com.ar\/wp-content\/uploads\/2023\/08\/profe-600x644.jpg",600,644,true],"ultp_layout_square":["https:\/\/elfederalmendoza.com.ar\/wp-content\/uploads\/2023\/08\/profe-600x600.jpg",600,600,true],"rpwe-thumbnail":["https:\/\/elfederalmendoza.com.ar\/wp-content\/uploads\/2023\/08\/profe-45x45.jpg",45,45,true],"advps-thumb-one":["https:\/\/elfederalmendoza.com.ar\/wp-content\/uploads\/2023\/08\/profe-1156x420.jpg",1156,420,true]},"rttpg_author":{"display_name":"Redacci\u00f3n El Federal","author_link":"https:\/\/elfederalmendoza.com.ar\/index.php\/author\/angelflores\/"},"rttpg_comment":0,"rttpg_category":"<a href=\"https:\/\/elfederalmendoza.com.ar\/index.php\/category\/arg\/\" rel=\"category tag\">Argentina<\/a>","rttpg_excerpt":"La violencia asesina y la inseguridad no se detienen en el conurbano. Tras los asesinatos de Morena Dom\u00ednguez y el m\u00e9dico Juan Carlos Cruz en Mor\u00f3n,\u00a0un nuevo homicidio se suma a la lista. El hecho ocurri\u00f3 en Guernica, departamento judicial de La Plata. La v\u00edctima fue identificada como&nbsp;Nelson Daniel Peralta, profesor de educaci\u00f3n f\u00edsica, de&hellip;","_links":{"self":[{"href":"https:\/\/elfederalmendoza.com.ar\/index.php\/wp-json\/wp\/v2\/posts\/26247","targetHints":{"allow":["GET"]}}],"collection":[{"href":"https:\/\/elfederalmendoza.com.ar\/index.php\/wp-json\/wp\/v2\/posts"}],"about":[{"href":"https:\/\/elfederalmendoza.com.ar\/index.php\/wp-json\/wp\/v2\/types\/post"}],"author":[{"embeddable":true,"href":"https:\/\/elfederalmendoza.com.ar\/index.php\/wp-json\/wp\/v2\/users\/2"}],"replies":[{"embeddable":true,"href":"https:\/\/elfederalmendoza.com.ar\/index.php\/wp-json\/wp\/v2\/comments?post=26247"}],"version-history":[{"count":1,"href":"https:\/\/elfederalmendoza.com.ar\/index.php\/wp-json\/wp\/v2\/posts\/26247\/revisions"}],"predecessor-version":[{"id":26250,"href":"https:\/\/elfederalmendoza.com.ar\/index.php\/wp-json\/wp\/v2\/posts\/26247\/revisions\/26250"}],"wp:featuredmedia":[{"embeddable":true,"href":"https:\/\/elfederalmendoza.com.ar\/index.php\/wp-json\/wp\/v2\/media\/26249"}],"wp:attachment":[{"href":"https:\/\/elfederalmendoza.com.ar\/index.php\/wp-json\/wp\/v2\/media?parent=26247"}],"wp:term":[{"taxonomy":"category","embeddable":true,"href":"https:\/\/elfederalmendoza.com.ar\/index.php\/wp-json\/wp\/v2\/categories?post=26247"},{"taxonomy":"post_tag","embeddable":true,"href":"https:\/\/elfederalmendoza.com.ar\/index.php\/wp-json\/wp\/v2\/tags?post=26247"}],"curies":[{"name":"wp","href":"https:\/\/api.w.org\/{rel}","templated":true}]}}