{"id":26253,"date":"2023-08-12T09:29:54","date_gmt":"2023-08-12T12:29:54","guid":{"rendered":"https:\/\/elfederalmendoza.com\/?p=26253"},"modified":"2023-08-12T09:29:55","modified_gmt":"2023-08-12T12:29:55","slug":"la-autopsia-al-manifestante-muerto-en-el-obelisco-concluyo-que-no-recibio-lesiones-y-que-murio-de-una-hemorragia-pulmonar","status":"publish","type":"post","link":"https:\/\/elfederalmendoza.com.ar\/index.php\/2023\/08\/12\/la-autopsia-al-manifestante-muerto-en-el-obelisco-concluyo-que-no-recibio-lesiones-y-que-murio-de-una-hemorragia-pulmonar\/","title":{"rendered":"La autopsia al manifestante muerto en el Obelisco concluy\u00f3 que no recibi\u00f3 lesiones y que muri\u00f3 de una hemorragia pulmonar"},"content":{"rendered":"\n<p>Los primeros resultados del estudio arrojaron que la causa de muerte de Facundo Molares fue \u201ccongesti\u00f3n, edema, hemorragia pulmonar-cardiopat\u00eda dilatada\u201d. Adem\u00e1s, indic\u00f3 que \u201cno se observaron lesiones traum\u00e1ticas con caracter\u00edsticas punzantes, cortantes o penetrante\u201d.<\/p>\n\n\n\n<p>Los primeros resultados de la autopsia a<strong>\u00a0Facundo Molares<\/strong>, el manifestante que muri\u00f3 tras los incidentes del Obelisco el jueves de esta semana, indicaron que la causa del fallecimiento fue\u00a0<strong>\u201ccongesti\u00f3n, edema, hemorragia pulmonar-cardiopat\u00eda dilatada\u201d.<\/strong>\u00a0Adem\u00e1s, otra de las conclusiones fue que el hombre de 47 a\u00f1os\u00a0<strong>no recibi\u00f3 lesiones en el cuerpo.<\/strong><\/p>\n\n\n\n<p><strong>\u201cNo se observaron lesiones traum\u00e1ticas con caracter\u00edsticas punzantes, cortantes o penetrante sobre la superficie corporal ni sobre los \u00f3rganos internos salvo las mencionadas como injurias m\u00e9dicas en regi\u00f3n inguinal derecha;<\/strong>\u00a0las fracturas costales e infiltrados hem\u00e1ticos en t\u00f3rax descriptas, podr\u00edan ser compatibles con las maniobras de Reanimaci\u00f3n Cardio Pulmonar consignada en la Historia Cl\u00ednica del Hospital Ramos Mej\u00eda\u201d, indic\u00f3 el informe al que accedi\u00f3\u00a0<strong>Infobae.<\/strong><\/p>\n\n\n\n<p><img loading=\"lazy\" decoding=\"async\" alt=\"Molares es el \u00fanico integrante argentino de la guerrilla colombiana del que se tiene registro\n\" height=\"1080\" width=\"1920\" src=\"https:\/\/www.infobae.com\/new-resizer\/sKSmlONe95mXfcKlnFqjY0vRK7Q=\/arc-anglerfish-arc2-prod-infobae\/public\/JN36J77YXNDZNLY45V2JOJ7V6A.jpg\" srcset=\"https:\/\/www.infobae.com\/new-resizer\/BcM78pYPJTgAAnhoj2mQh28R-94=\/420x236\/filters:format(webp):quality(85)\/cloudfront-us-east-1.images.arcpublishing.com\/infobae\/JN36J77YXNDZNLY45V2JOJ7V6A.jpg 420w,https:\/\/www.infobae.com\/new-resizer\/nxPQzKBb9TMJn3g4BKqj8LCpE8Q=\/768x432\/filters:format(webp):quality(85)\/cloudfront-us-east-1.images.arcpublishing.com\/infobae\/JN36J77YXNDZNLY45V2JOJ7V6A.jpg 768w,https:\/\/www.infobae.com\/new-resizer\/NPHSnfI8dMIXMuFkUoKhIF50VBE=\/992x558\/filters:format(webp):quality(85)\/cloudfront-us-east-1.images.arcpublishing.com\/infobae\/JN36J77YXNDZNLY45V2JOJ7V6A.jpg 992w,https:\/\/www.infobae.com\/new-resizer\/Hyj2iBFVjsS2QDroRvnNSubn0Qg=\/1200x675\/filters:format(webp):quality(85)\/cloudfront-us-east-1.images.arcpublishing.com\/infobae\/JN36J77YXNDZNLY45V2JOJ7V6A.jpg 1200w,https:\/\/www.infobae.com\/new-resizer\/4HTQZsMRna9L-BU6uyHv7yYTEcs=\/1440x810\/filters:format(webp):quality(85)\/cloudfront-us-east-1.images.arcpublishing.com\/infobae\/JN36J77YXNDZNLY45V2JOJ7V6A.jpg 1440w\">Molares es el \u00fanico integrante argentino de la guerrilla colombiana del que se tiene registro<\/p>\n\n\n\n<p>Molares, vale recordar, muri\u00f3 durante la tarde de ayer y tras ser hospitalizado en el marco de una jornada en la cual el hombre formaba parte de una manifestaci\u00f3n de la izquierda. Militante, fotoperiodista y&nbsp;<strong>ex combatiente de las FARC<\/strong>, hab\u00eda estado un a\u00f1o preso en Bolivia y ocho meses en la Unidad Penitenciaria Federal N\u00ba 6 de Ezeiza. Durante m\u00e1s de media hora se le realizaron maniobras de reanimaci\u00f3n hasta que se constat\u00f3 el fallecimiento en el&nbsp;<strong>Hospital Ramos Mej\u00eda<\/strong>.<\/p>\n\n\n\n<p>Esta ma\u00f1ana, durante una marcha de la izquierda en el Obelisco en reclamo por la muerte de Molares, un grupo de&nbsp;<strong>encapuchados&nbsp;<\/strong>comenz\u00f3 a tirar piedras e intent\u00f3&nbsp;<strong>incendiar&nbsp;<\/strong>un puesto de monitoreo de la Polic\u00eda de la Ciudad.<\/p>\n\n\n\n<p><img loading=\"lazy\" decoding=\"async\" alt=\"Incidentes durante la marcha de este mediod\u00eda en el microcentro porte\u00f1o\" height=\"1278\" width=\"1920\" src=\"https:\/\/www.infobae.com\/new-resizer\/c0FYy5QsLECJrZEUVRAM10gS5sc=\/arc-anglerfish-arc2-prod-infobae\/public\/ENO4BEW3FJH7DPPSNACD62COMU.jpg\" srcset=\"https:\/\/www.infobae.com\/new-resizer\/Gq-ucwGrULFTAke90Aog2MZm5Nc=\/420x280\/filters:format(webp):quality(85)\/cloudfront-us-east-1.images.arcpublishing.com\/infobae\/ENO4BEW3FJH7DPPSNACD62COMU.jpg 420w,https:\/\/www.infobae.com\/new-resizer\/-Dw5hgLa3CUPNOlObOR8mJInkMU=\/768x512\/filters:format(webp):quality(85)\/cloudfront-us-east-1.images.arcpublishing.com\/infobae\/ENO4BEW3FJH7DPPSNACD62COMU.jpg 768w,https:\/\/www.infobae.com\/new-resizer\/_0gHjihnO1iIvNo3b33g5FAtkbc=\/992x661\/filters:format(webp):quality(85)\/cloudfront-us-east-1.images.arcpublishing.com\/infobae\/ENO4BEW3FJH7DPPSNACD62COMU.jpg 992w,https:\/\/www.infobae.com\/new-resizer\/Jmp-ZvRuB9V3Ru6prH9vCHZRe4I=\/1200x800\/filters:format(webp):quality(85)\/cloudfront-us-east-1.images.arcpublishing.com\/infobae\/ENO4BEW3FJH7DPPSNACD62COMU.jpg 1200w,https:\/\/www.infobae.com\/new-resizer\/uGRTTKKS5eeFPIDJP7Eqvm9iGBo=\/1440x960\/filters:format(webp):quality(85)\/cloudfront-us-east-1.images.arcpublishing.com\/infobae\/ENO4BEW3FJH7DPPSNACD62COMU.jpg 1440w\">Incidentes durante la marcha de este mediod\u00eda en el microcentro porte\u00f1o<\/p>\n\n\n\n<p>Hubo&nbsp;<strong>destrozos&nbsp;<\/strong>de vidrios y uno de los sectores de la estructura ardi\u00f3 producto del estallido de varias&nbsp;<strong>bombas molotov<\/strong>. Un cord\u00f3n de efectivos de la Guarda de Infanter\u00eda lleg\u00f3 de inmediato hasta el lugar y se ubic\u00f3 frente al edificio, mientras crec\u00eda la tensi\u00f3n con los manifestantes que recog\u00edan piedras de un volquete lleno de escombros.<\/p>\n\n\n\n<p>En el marco de la autopsia, tambi\u00e9n se tuvieron en cuenta los antecedentes m\u00e9dicos de Molares y se precis\u00f3 que contaba con antecedentes de hipertensi\u00f3n arterial, insuficiencia cardiaca y pericarditis constrictiva. Tambi\u00e9n, con el registro de una internaci\u00f3n en el Hospital de Cl\u00ednica \u2014en la Ciudad de La Paz, Bolivia\u2014 y se desprende que el hombre padeci\u00f3 \u201csucesivos cuadros de Insuficiencia Card\u00edaca Congestiva, Insuficiencia Renal Aguda, Hipertensi\u00f3n Pulmonar, Hipertensi\u00f3n arterial, Infecci\u00f3n respiratoria por COVID-19 y una cardiopat\u00eda dilatada en tratamiento\u201d.<\/p>\n\n\n\n<p><img loading=\"lazy\" decoding=\"async\" alt=\"La marcha por la muerte de Facundo Molares termin\u00f3 con incidentes\" height=\"1278\" width=\"1920\" src=\"https:\/\/www.infobae.com\/new-resizer\/33L73vsFsl6mGPPBlfOc_7KO53k=\/arc-anglerfish-arc2-prod-infobae\/public\/EN6FVSGVYZC2VNDTW6MHB2FAGI.jpg\" srcset=\"https:\/\/www.infobae.com\/new-resizer\/66TGroqD5sXx_bXV5qEAj6rbTAE=\/420x280\/filters:format(webp):quality(85)\/cloudfront-us-east-1.images.arcpublishing.com\/infobae\/EN6FVSGVYZC2VNDTW6MHB2FAGI.jpg 420w,https:\/\/www.infobae.com\/new-resizer\/6bj9GKKRwhp2FgaT52a19De0-3k=\/768x512\/filters:format(webp):quality(85)\/cloudfront-us-east-1.images.arcpublishing.com\/infobae\/EN6FVSGVYZC2VNDTW6MHB2FAGI.jpg 768w,https:\/\/www.infobae.com\/new-resizer\/G1hd8GyZ_maNtfRWpuXZEFY6Tlg=\/992x661\/filters:format(webp):quality(85)\/cloudfront-us-east-1.images.arcpublishing.com\/infobae\/EN6FVSGVYZC2VNDTW6MHB2FAGI.jpg 992w,https:\/\/www.infobae.com\/new-resizer\/gmGvtD8uBrpQT3amuAZp1YUuj0k=\/1200x800\/filters:format(webp):quality(85)\/cloudfront-us-east-1.images.arcpublishing.com\/infobae\/EN6FVSGVYZC2VNDTW6MHB2FAGI.jpg 1200w,https:\/\/www.infobae.com\/new-resizer\/3iYyW_J3P_GzuQpfU7CH0zrJixk=\/1440x960\/filters:format(webp):quality(85)\/cloudfront-us-east-1.images.arcpublishing.com\/infobae\/EN6FVSGVYZC2VNDTW6MHB2FAGI.jpg 1440w\">La marcha por la muerte de Facundo Molares termin\u00f3 con incidentes<\/p>\n\n\n\n<p>Molares Schoenfeld se cri\u00f3 y vivi\u00f3 en la localidad bonaerense de&nbsp;<strong>Jos\u00e9 C. Paz<\/strong>, hasta que en su adolescencia su familia decidi\u00f3 instalarse en Trevelin, en la provincia de&nbsp;<strong>Chubut<\/strong>, donde termin\u00f3 la escuela secundaria. Seg\u00fan cont\u00f3 su padre,&nbsp;<strong>Hugo Molares<\/strong>, juez de Paz de Trevelin, dec\u00eda que&nbsp;<strong>quer\u00eda ser como Ernesto Che Guevara<\/strong>. Comenz\u00f3 a militar en la Juventud Comunista, y su actividad lo llev\u00f3 a recorrer Ecuador, Cuba, Paraguay, Brasil, Per\u00fa, Chile y Bolivia, hasta llegar a Colombia. All\u00ed se sum\u00f3 a las filas de las&nbsp;<strong>FARC<\/strong>, donde sus compa\u00f1eros lo apodaron \u201c<strong>Camilo el Argentino<\/strong>\u201d.<\/p>\n\n\n\n<p>El contacto con las FARC se habr\u00eda dado desde el 2000, cuando ten\u00eda 25, pues hab\u00eda establecido comunicaci\u00f3n con un miembro de la guerrilla que lo inst\u00f3 a viajar a Colombia, aunque no pensaba en internarse en la selva. En su llegada a territorio cafetero, Molares Schoenfeld desarroll\u00f3 tareas de cooperaci\u00f3n con la poblaci\u00f3n rural, pero su vinculaci\u00f3n con el grupo subversivo tom\u00f3 mayor fuerza con la ayuda de sus compa\u00f1eros de causa armada, cuando decidieron buscarle un alias.<\/p>\n","protected":false},"excerpt":{"rendered":"<p>Los primeros resultados del estudio arrojaron que la causa de muerte de Facundo Molares fue \u201ccongesti\u00f3n, edema, hemorragia pulmonar-cardiopat\u00eda dilatada\u201d. Adem\u00e1s, indic\u00f3 que \u201cno se observaron lesiones traum\u00e1ticas con caracter\u00edsticas punzantes, cortantes o penetrante\u201d. Los primeros resultados de la autopsia a\u00a0Facundo Molares, el manifestante que muri\u00f3 tras los incidentes del Obelisco el jueves de esta<a class=\"read-more\" href=\"https:\/\/elfederalmendoza.com.ar\/index.php\/2023\/08\/12\/la-autopsia-al-manifestante-muerto-en-el-obelisco-concluyo-que-no-recibio-lesiones-y-que-murio-de-una-hemorragia-pulmonar\/\"> [&hellip;]<\/a><\/p>\n","protected":false},"author":2,"featured_media":26255,"comment_status":"open","ping_status":"open","sticky":false,"template":"","format":"standard","meta":{"footnotes":""},"categories":[5618],"tags":[],"class_list":["post-26253","post","type-post","status-publish","format-standard","has-post-thumbnail","hentry","category-arg"],"rttpg_featured_image_url":{"full":["https:\/\/elfederalmendoza.com.ar\/wp-content\/uploads\/2023\/08\/molares.jpg",1044,585,false],"landscape":["https:\/\/elfederalmendoza.com.ar\/wp-content\/uploads\/2023\/08\/molares.jpg",1044,585,false],"portraits":["https:\/\/elfederalmendoza.com.ar\/wp-content\/uploads\/2023\/08\/molares.jpg",1044,585,false],"thumbnail":["https:\/\/elfederalmendoza.com.ar\/wp-content\/uploads\/2023\/08\/molares-150x150.jpg",150,150,true],"medium":["https:\/\/elfederalmendoza.com.ar\/wp-content\/uploads\/2023\/08\/molares-300x168.jpg",300,168,true],"large":["https:\/\/elfederalmendoza.com.ar\/wp-content\/uploads\/2023\/08\/molares-1024x574.jpg",640,359,true],"1536x1536":["https:\/\/elfederalmendoza.com.ar\/wp-content\/uploads\/2023\/08\/molares.jpg",1044,585,false],"2048x2048":["https:\/\/elfederalmendoza.com.ar\/wp-content\/uploads\/2023\/08\/molares.jpg",1044,585,false],"ultp_layout_landscape_large":["https:\/\/elfederalmendoza.com.ar\/wp-content\/uploads\/2023\/08\/molares.jpg",1044,585,false],"ultp_layout_landscape":["https:\/\/elfederalmendoza.com.ar\/wp-content\/uploads\/2023\/08\/molares-870x570.jpg",870,570,true],"ultp_layout_portrait":["https:\/\/elfederalmendoza.com.ar\/wp-content\/uploads\/2023\/08\/molares-600x585.jpg",600,585,true],"ultp_layout_square":["https:\/\/elfederalmendoza.com.ar\/wp-content\/uploads\/2023\/08\/molares-600x585.jpg",600,585,true],"rpwe-thumbnail":["https:\/\/elfederalmendoza.com.ar\/wp-content\/uploads\/2023\/08\/molares-45x45.jpg",45,45,true],"advps-thumb-one":["https:\/\/elfederalmendoza.com.ar\/wp-content\/uploads\/2023\/08\/molares-1044x420.jpg",1044,420,true]},"rttpg_author":{"display_name":"Redacci\u00f3n El Federal","author_link":"https:\/\/elfederalmendoza.com.ar\/index.php\/author\/angelflores\/"},"rttpg_comment":0,"rttpg_category":"<a href=\"https:\/\/elfederalmendoza.com.ar\/index.php\/category\/arg\/\" rel=\"category tag\">Argentina<\/a>","rttpg_excerpt":"Los primeros resultados del estudio arrojaron que la causa de muerte de Facundo Molares fue \u201ccongesti\u00f3n, edema, hemorragia pulmonar-cardiopat\u00eda dilatada\u201d. Adem\u00e1s, indic\u00f3 que \u201cno se observaron lesiones traum\u00e1ticas con caracter\u00edsticas punzantes, cortantes o penetrante\u201d. Los primeros resultados de la autopsia a\u00a0Facundo Molares, el manifestante que muri\u00f3 tras los incidentes del Obelisco el jueves de esta&hellip;","_links":{"self":[{"href":"https:\/\/elfederalmendoza.com.ar\/index.php\/wp-json\/wp\/v2\/posts\/26253","targetHints":{"allow":["GET"]}}],"collection":[{"href":"https:\/\/elfederalmendoza.com.ar\/index.php\/wp-json\/wp\/v2\/posts"}],"about":[{"href":"https:\/\/elfederalmendoza.com.ar\/index.php\/wp-json\/wp\/v2\/types\/post"}],"author":[{"embeddable":true,"href":"https:\/\/elfederalmendoza.com.ar\/index.php\/wp-json\/wp\/v2\/users\/2"}],"replies":[{"embeddable":true,"href":"https:\/\/elfederalmendoza.com.ar\/index.php\/wp-json\/wp\/v2\/comments?post=26253"}],"version-history":[{"count":1,"href":"https:\/\/elfederalmendoza.com.ar\/index.php\/wp-json\/wp\/v2\/posts\/26253\/revisions"}],"predecessor-version":[{"id":26256,"href":"https:\/\/elfederalmendoza.com.ar\/index.php\/wp-json\/wp\/v2\/posts\/26253\/revisions\/26256"}],"wp:featuredmedia":[{"embeddable":true,"href":"https:\/\/elfederalmendoza.com.ar\/index.php\/wp-json\/wp\/v2\/media\/26255"}],"wp:attachment":[{"href":"https:\/\/elfederalmendoza.com.ar\/index.php\/wp-json\/wp\/v2\/media?parent=26253"}],"wp:term":[{"taxonomy":"category","embeddable":true,"href":"https:\/\/elfederalmendoza.com.ar\/index.php\/wp-json\/wp\/v2\/categories?post=26253"},{"taxonomy":"post_tag","embeddable":true,"href":"https:\/\/elfederalmendoza.com.ar\/index.php\/wp-json\/wp\/v2\/tags?post=26253"}],"curies":[{"name":"wp","href":"https:\/\/api.w.org\/{rel}","templated":true}]}}