{"id":26259,"date":"2023-08-12T11:26:21","date_gmt":"2023-08-12T14:26:21","guid":{"rendered":"https:\/\/elfederalmendoza.com\/?p=26259"},"modified":"2023-08-12T11:26:22","modified_gmt":"2023-08-12T14:26:22","slug":"el-crimen-de-morena-destapo-la-bronca-social-y-abrio-un-escenario-incierto-en-las-paso","status":"publish","type":"post","link":"https:\/\/elfederalmendoza.com.ar\/index.php\/2023\/08\/12\/el-crimen-de-morena-destapo-la-bronca-social-y-abrio-un-escenario-incierto-en-las-paso\/","title":{"rendered":"El crimen de Morena destap\u00f3 la \u00abbronca social\u00bb y abri\u00f3 un escenario incierto en las PASO"},"content":{"rendered":"\n<p>El\u00a0<strong>crimen<\/strong>\u00a0de\u00a0<strong>Morena<\/strong>\u00a0inaugur\u00f3 una tr\u00e1gica seguidilla de homicidios vinculados a robos en el\u00a0<strong>Gran Buenos Aires<\/strong>\u00a0que conmocionaron al pa\u00eds, paralizaron la recta final de la campa\u00f1a electoral y habilitaron un escenario incierto de cara a las elecciones del pr\u00f3ximo domingo.<\/p>\n\n\n\n<p>El 9 de agosto la ni\u00f1a\u00a0de\u00a011 a\u00f1os\u00a0fue asesinada por motochorros mientras se dirig\u00eda a la escuela en el partido bonaerense Lan\u00fas. El caso\u00a0sensibiliz\u00f3 a la opini\u00f3n p\u00fablica nacional y\u00a0forz\u00f3 a todos los\u00a0candidatos a suspender actos proselitistas, sin importar el color pol\u00edtico. En los d\u00edas siguientes fueron asesinados un\u00a0<strong>cirujano de Mor\u00f3n<\/strong>\u00a0y un\u00a0<strong>jubilado de Guernica<\/strong>, al oeste y sur del conurbano bonaerense,\u00a0respectivamente. Las marchas autoconvocadas proliferaron en distintos puntos de ese distrito bajo\u00a0las mismas consignas:\u00a0\u00abjusticia\u00bb y \u00abseguridad\u00bb.\u00a0<\/p>\n\n\n\n<p>En la previa a los comicios primarios del 13 de agosto, la&nbsp;<strong>inseguridad<\/strong>&nbsp;volvi\u00f3&nbsp;a escalar al primer lugar de los problemas m\u00e1s urgentes que registran los argentinos, una variable que se sostiene hace d\u00e9cadas en el podio de las preocupaciones. Y&nbsp;con ella&nbsp;la&nbsp;<strong>incertidumbre<\/strong>&nbsp;respecto a su&nbsp;<strong>impacto<\/strong>&nbsp;en el escenario&nbsp;del domingo, que pocos se animan a vaticinar en medio de un<strong>&nbsp;humor social marcado por el pesimismo<\/strong>&nbsp;y<strong>&nbsp;la \u00abbronca\u00bb&nbsp;<\/strong>del&nbsp;que ning\u00fan candidato es ajeno.<\/p>\n\n\n\n<h2 class=\"wp-block-heading\"><strong>\u00abSentimiento de bronca\u00bb<\/strong><\/h2>\n\n\n\n<p>El peso gravitacional de los hechos de inseguridad reciente se vieron reflejados en las redes sociales, un term\u00f3metro que mide el humor social en tiempo real. Un ejemplo de ello es X, ex Twitter, donde en las \u00faltimas 48 horas se registraron m\u00e1s de<strong>&nbsp;420.000 menciones del crimen de Morena&nbsp;<\/strong>en todo el pa\u00eds.<\/p>\n\n\n\n<figure class=\"wp-block-image size-full\"><img loading=\"lazy\" decoding=\"async\" width=\"810\" height=\"453\" src=\"https:\/\/elfederalmendoza.com\/wp-content\/uploads\/2023\/08\/morena1.jpg\" alt=\"\" class=\"wp-image-26263\" srcset=\"https:\/\/elfederalmendoza.com.ar\/wp-content\/uploads\/2023\/08\/morena1.jpg 810w, https:\/\/elfederalmendoza.com.ar\/wp-content\/uploads\/2023\/08\/morena1-300x168.jpg 300w, https:\/\/elfederalmendoza.com.ar\/wp-content\/uploads\/2023\/08\/morena1-768x430.jpg 768w\" sizes=\"auto, (max-width: 810px) 100vw, 810px\" \/><figcaption class=\"wp-element-caption\">El asesinato de Morena Dom\u00ednguez de 11 a\u00f1os en manos de motochorros conmocion\u00f3 a la opini\u00f3n p\u00fablica<\/figcaption><\/figure>\n\n\n\n<p><a href=\"https:\/\/www.msn.com\/es-ar\/noticias\/argentina\/la-inseguridad-en-clave-electoral-el-crimen-de-morena-destap%C3%B3-la-bronca-social-y-abri%C3%B3-un-escenario-incierto\/ar-AA1f9P2H?fullscreen=true#image=1\"><\/a><a href=\"https:\/\/www.msn.com\/es-ar\/noticias\/argentina\/la-inseguridad-en-clave-electoral-el-crimen-de-morena-destap%C3%B3-la-bronca-social-y-abri%C3%B3-un-escenario-incierto\/ar-AA1f9P2H?fullscreen=true#image=1\"><\/a><a href=\"https:\/\/www.msn.com\/es-ar\/noticias\/argentina\/la-inseguridad-en-clave-electoral-el-crimen-de-morena-destap%C3%B3-la-bronca-social-y-abri%C3%B3-un-escenario-incierto\/ar-AA1f9P2H?fullscreen=true#image=1\"><\/a>\u201cEl crimen de Morena golpea a toda la sociedad y queda evidenciado en el enorme volumen de conversaciones e interacciones registradas en las plataformas de redes sociales y portales de noticias\u201d, explic\u00f3 a PERFIL\u00a0<strong>Guillermo Vagni,<\/strong>\u00a0asesor de comunicaci\u00f3n digital\u00a0y director de\u00a0<em>Pol\u00edticos en Redes<\/em>, una consultora que monitorea\u00a0y analiza el universo virtual. \u00ab<strong>Predomina un sentimiento de bronca<\/strong>\u00ab, agreg\u00f3.<a href=\"https:\/\/www.zemanta.com\/privacy\/\" target=\"_blank\" rel=\"noreferrer noopener\"><\/a><\/p>\n\n\n\n<p>Otro aspecto a tener en cuenta son las menciones a los pol\u00edticos apuntados por los hechos de inseguridad. Seg\u00fan Vagni, el mayor impacto lo recibieron\u00a0<strong>\u00ablos que est\u00e1n gobernando\u00bb<\/strong>: en primer lugar el oficialismo provincial. \u00ab<strong>Axel Kicillof\u00a0<\/strong>es el referente m\u00e1s presente en la conversaci\u00f3n y<strong>\u00a0Sergio Berni\u00a0<\/strong>el m\u00e1s cuestionado\u00bb, detall\u00f3. Tampoco se salva el oficialismo provincial a cargo de\u00a0<strong>N\u00e9stor Grindetti<\/strong>, precandidato a gobernador bonaerense por La Fuerza del Cambio. \u00abLa\u00a0<strong>participaci\u00f3n electoral es una inc\u00f3gnita,<\/strong>\u00a0pero ya se puede ver que\u00a0<strong>la gente va a ir a votar con\u00a0enojo<\/strong>\u00ab, subray\u00f3.<\/p>\n\n\n\n<h2 class=\"wp-block-heading\"><strong>Escenario electoral&nbsp;incierto<\/strong><\/h2>\n\n\n\n<p>Seg\u00fan Vagni, los\u00a0<strong>cr\u00edmenes \u00abfrenaron\u00bb el crecimiento\u00a0<\/strong>registrado po<strong>r algunos precandidatos presidenciales\u00a0<\/strong>de las \u00faltimas semanas, lo que abre un\u00a0<strong>escenario incierto<\/strong>\u00a0de cara al domingo, en lo que ser\u00e1 una jornada que m\u00e1s all\u00e1 del desempe\u00f1o del oficialismo. <\/p>\n\n\n\n<p>Kicillof fue el m\u00e1s mencionado en la nube de palabras en las redes sociales.<\/p>\n\n\n\n<figure class=\"wp-block-image size-full\"><img loading=\"lazy\" decoding=\"async\" width=\"794\" height=\"459\" src=\"https:\/\/elfederalmendoza.com\/wp-content\/uploads\/2023\/08\/nube-kici.jpg\" alt=\"\" class=\"wp-image-26262\" srcset=\"https:\/\/elfederalmendoza.com.ar\/wp-content\/uploads\/2023\/08\/nube-kici.jpg 794w, https:\/\/elfederalmendoza.com.ar\/wp-content\/uploads\/2023\/08\/nube-kici-300x173.jpg 300w, https:\/\/elfederalmendoza.com.ar\/wp-content\/uploads\/2023\/08\/nube-kici-768x444.jpg 768w\" sizes=\"auto, (max-width: 794px) 100vw, 794px\" \/><figcaption class=\"wp-element-caption\">La nube de menciones del crimen de Morena en las redes sociales de los \u00faltimos d\u00edas. Cr\u00e9dito: Pol\u00edticos en Redes<\/figcaption><\/figure>\n\n\n\n<p><a href=\"https:\/\/www.msn.com\/es-ar\/noticias\/argentina\/la-inseguridad-en-clave-electoral-el-crimen-de-morena-destap%C3%B3-la-bronca-social-y-abri%C3%B3-un-escenario-incierto\/ar-AA1f9P2H?fullscreen=true#image=2\"><\/a><a href=\"https:\/\/www.msn.com\/es-ar\/noticias\/argentina\/la-inseguridad-en-clave-electoral-el-crimen-de-morena-destap%C3%B3-la-bronca-social-y-abri%C3%B3-un-escenario-incierto\/ar-AA1f9P2H?fullscreen=true#image=2\"><\/a><a href=\"https:\/\/www.msn.com\/es-ar\/noticias\/argentina\/la-inseguridad-en-clave-electoral-el-crimen-de-morena-destap%C3%B3-la-bronca-social-y-abri%C3%B3-un-escenario-incierto\/ar-AA1f9P2H?fullscreen=true#image=2\"><\/a><\/p>\n\n\n\n<p>\u00abEn un seguimiento diario que hacemos desde el cierre de listas, se puede ver c\u00f3mo se consolidaron algunas posiciones y se frenaron otras\u00bb, dijo, teniendo en cuenta c\u00f3mo midieron los&nbsp;partidos pol\u00edticos&nbsp;en la intenci\u00f3n de voto&nbsp;previa&nbsp;a la veda. \u00abEsto no gener\u00f3 un cambio del posicionamiento que hab\u00edamos registrado sobre los espacios pol\u00edticos, pero&nbsp;<strong>s\u00ed puede haber alguna variaci\u00f3n respecto al de los precandidatos<\/strong>\u00ab, indic\u00f3.<\/p>\n\n\n\n<h2 class=\"wp-block-heading\"><strong>El impacto del crimen de Morena&nbsp;<\/strong><\/h2>\n\n\n\n<p>Por otro lado, de Morena y&nbsp;los otros homicidios vinculados a hechos de inseguridad volvieron a poner el&nbsp;<strong>foco en los pol\u00edticos<\/strong>&nbsp;y en los&nbsp;<strong>discursos de \u201cmano dura\u201d,<\/strong>&nbsp;un debate que prolifer\u00f3&nbsp;en las redes. El director de&nbsp;<em>Amnist\u00eda Internacional Argentina<\/em>,<strong>&nbsp;Rafael Gentili<\/strong>, resalt\u00f3 la \u00abindignaci\u00f3n\u00bb generalizada respecto al crimen de Morena en especial por la \u00abreacci\u00f3n de los pol\u00edticos de<strong>&nbsp;echarse culpas&nbsp;<\/strong>y<strong>&nbsp;desentenderse de sus responsabilidades<\/strong>\u00ab. \u00abEs urgente que todos los niveles del Estado, m\u00e1s all\u00e1 de sus diferencias pol\u00edticas, trabajen en conjunto para brindarnos seguridad al conjunto de la sociedad, en un marco de respeto de la legalidad\u00bb, opin\u00f3 a este medio.&nbsp;<\/p>\n\n\n\n<p>Por su parte, el analista pol\u00edtico\u00a0<strong>Luis Tonelli\u00a0<\/strong>reflexion\u00f3 que \u00abno se puede evaluar\u00bb el impacto de un crimen que \u00abconmociona\u00bb, como lo fue el de Morena, en la contienda electoral que ya de por s\u00ed es incierta. \u00abLa opini\u00f3n p\u00fablica no reacciona linealmente, algo que es consustancial a la incertidumbre de resultados que caracteriza a una democracia\u00bb, dijo en di\u00e1logo con medios nacionales.\u00a0<\/p>\n\n\n\n<p>Un ejemplo de ello es el antecedente de kioskero asesinado en la localidad bonaerense de Ramos Mej\u00eda, en La Matanza. El hecho se dio\u00a0en 2021 en la previa a la elecci\u00f3n legislativa y finalmente no afect\u00f3 revirti\u00f3 la tendencia que dio como ganador al oficialismo peronista.<\/p>\n\n\n\n<figure class=\"wp-block-image size-full\"><img loading=\"lazy\" decoding=\"async\" width=\"805\" height=\"451\" src=\"https:\/\/elfederalmendoza.com\/wp-content\/uploads\/2023\/08\/tres.jpg\" alt=\"\" class=\"wp-image-26261\" srcset=\"https:\/\/elfederalmendoza.com.ar\/wp-content\/uploads\/2023\/08\/tres.jpg 805w, https:\/\/elfederalmendoza.com.ar\/wp-content\/uploads\/2023\/08\/tres-300x168.jpg 300w, https:\/\/elfederalmendoza.com.ar\/wp-content\/uploads\/2023\/08\/tres-768x430.jpg 768w\" sizes=\"auto, (max-width: 805px) 100vw, 805px\" \/><figcaption class=\"wp-element-caption\">Nelson Peralta, Morena y Juan Carlos Cruz son las v\u00edctimas de los hechos de inseguridad de las 48 horas previas a las PASO<\/figcaption><\/figure>\n\n\n\n<p><a href=\"https:\/\/www.msn.com\/es-ar\/noticias\/argentina\/la-inseguridad-en-clave-electoral-el-crimen-de-morena-destap%C3%B3-la-bronca-social-y-abri%C3%B3-un-escenario-incierto\/ar-AA1f9P2H?fullscreen=true#image=3\"><\/a><a href=\"https:\/\/www.msn.com\/es-ar\/noticias\/argentina\/la-inseguridad-en-clave-electoral-el-crimen-de-morena-destap%C3%B3-la-bronca-social-y-abri%C3%B3-un-escenario-incierto\/ar-AA1f9P2H?fullscreen=true#image=3\"><\/a><a href=\"https:\/\/www.msn.com\/es-ar\/noticias\/argentina\/la-inseguridad-en-clave-electoral-el-crimen-de-morena-destap%C3%B3-la-bronca-social-y-abri%C3%B3-un-escenario-incierto\/ar-AA1f9P2H?fullscreen=true#image=3\"><\/a>En cambio, el analista<strong>\u00a0Artemio L\u00f3pez<\/strong>\u00a0evalu\u00f3 que el caso podr\u00eda tener un impacto al menos a nivel local y tambi\u00e9n\u00a0generar una menor participaci\u00f3n a las urnas. \u00abCuando uno mide las responsabilidades, est\u00e1n repartidas. No hay un actor pol\u00edtico que pueda capitalizar esta circunstancia tan penosa. Por lo tanto no me parece que el plexo de preferencias a nivel provincial o dentro de Lan\u00fas vaya a cambiar sustancialmente por el asesinato de Morena\u00bb, opin\u00f3.<\/p>\n\n\n\n<p>Por \u00faltimo, el analista\u00a0destac\u00f3 el tema de la\u00a0<strong>inseguridad<\/strong>\u00a0y concluy\u00f3 que desde hace d\u00e9cadas ocupa el top tres de los problemas m\u00e1s urgentes de los argentinos y que afecta a todos los partidos por igual en t\u00e9rminos de imagen. \u00abLa inseguridad es un tema principal que nadie cree que ninguna de las fuerzas pol\u00edticas y actores implicados lo puedan resolver, incluso la polic\u00eda, que tiene un doble perfil ante la ciudadan\u00eda: por un lado la gente cree que sin polic\u00eda no se resuelve, y por otro lado creen que est\u00e1n implicados. Es una situaci\u00f3n paradojal\u00bb, cerr\u00f3.<\/p>\n\n\n\n<p>Perfil<\/p>\n","protected":false},"excerpt":{"rendered":"<p>El\u00a0crimen\u00a0de\u00a0Morena\u00a0inaugur\u00f3 una tr\u00e1gica seguidilla de homicidios vinculados a robos en el\u00a0Gran Buenos Aires\u00a0que conmocionaron al pa\u00eds, paralizaron la recta final de la campa\u00f1a electoral y habilitaron un escenario incierto de cara a las elecciones del pr\u00f3ximo domingo. El 9 de agosto la ni\u00f1a\u00a0de\u00a011 a\u00f1os\u00a0fue asesinada por motochorros mientras se dirig\u00eda a la escuela en el<a class=\"read-more\" href=\"https:\/\/elfederalmendoza.com.ar\/index.php\/2023\/08\/12\/el-crimen-de-morena-destapo-la-bronca-social-y-abrio-un-escenario-incierto-en-las-paso\/\"> [&hellip;]<\/a><\/p>\n","protected":false},"author":2,"featured_media":26270,"comment_status":"open","ping_status":"open","sticky":false,"template":"","format":"standard","meta":{"footnotes":""},"categories":[5618],"tags":[],"class_list":["post-26259","post","type-post","status-publish","format-standard","has-post-thumbnail","hentry","category-arg"],"rttpg_featured_image_url":{"full":["https:\/\/elfederalmendoza.com.ar\/wp-content\/uploads\/2023\/08\/velorio-morena.jpg",1070,588,false],"landscape":["https:\/\/elfederalmendoza.com.ar\/wp-content\/uploads\/2023\/08\/velorio-morena.jpg",1070,588,false],"portraits":["https:\/\/elfederalmendoza.com.ar\/wp-content\/uploads\/2023\/08\/velorio-morena.jpg",1070,588,false],"thumbnail":["https:\/\/elfederalmendoza.com.ar\/wp-content\/uploads\/2023\/08\/velorio-morena-150x150.jpg",150,150,true],"medium":["https:\/\/elfederalmendoza.com.ar\/wp-content\/uploads\/2023\/08\/velorio-morena-300x165.jpg",300,165,true],"large":["https:\/\/elfederalmendoza.com.ar\/wp-content\/uploads\/2023\/08\/velorio-morena-1024x563.jpg",640,352,true],"1536x1536":["https:\/\/elfederalmendoza.com.ar\/wp-content\/uploads\/2023\/08\/velorio-morena.jpg",1070,588,false],"2048x2048":["https:\/\/elfederalmendoza.com.ar\/wp-content\/uploads\/2023\/08\/velorio-morena.jpg",1070,588,false],"ultp_layout_landscape_large":["https:\/\/elfederalmendoza.com.ar\/wp-content\/uploads\/2023\/08\/velorio-morena.jpg",1070,588,false],"ultp_layout_landscape":["https:\/\/elfederalmendoza.com.ar\/wp-content\/uploads\/2023\/08\/velorio-morena-870x570.jpg",870,570,true],"ultp_layout_portrait":["https:\/\/elfederalmendoza.com.ar\/wp-content\/uploads\/2023\/08\/velorio-morena-600x588.jpg",600,588,true],"ultp_layout_square":["https:\/\/elfederalmendoza.com.ar\/wp-content\/uploads\/2023\/08\/velorio-morena-600x588.jpg",600,588,true],"rpwe-thumbnail":["https:\/\/elfederalmendoza.com.ar\/wp-content\/uploads\/2023\/08\/velorio-morena-45x45.jpg",45,45,true],"advps-thumb-one":["https:\/\/elfederalmendoza.com.ar\/wp-content\/uploads\/2023\/08\/velorio-morena-1070x420.jpg",1070,420,true]},"rttpg_author":{"display_name":"Redacci\u00f3n El Federal","author_link":"https:\/\/elfederalmendoza.com.ar\/index.php\/author\/angelflores\/"},"rttpg_comment":0,"rttpg_category":"<a href=\"https:\/\/elfederalmendoza.com.ar\/index.php\/category\/arg\/\" rel=\"category tag\">Argentina<\/a>","rttpg_excerpt":"El\u00a0crimen\u00a0de\u00a0Morena\u00a0inaugur\u00f3 una tr\u00e1gica seguidilla de homicidios vinculados a robos en el\u00a0Gran Buenos Aires\u00a0que conmocionaron al pa\u00eds, paralizaron la recta final de la campa\u00f1a electoral y habilitaron un escenario incierto de cara a las elecciones del pr\u00f3ximo domingo. El 9 de agosto la ni\u00f1a\u00a0de\u00a011 a\u00f1os\u00a0fue asesinada por motochorros mientras se dirig\u00eda a la escuela en el&hellip;","_links":{"self":[{"href":"https:\/\/elfederalmendoza.com.ar\/index.php\/wp-json\/wp\/v2\/posts\/26259","targetHints":{"allow":["GET"]}}],"collection":[{"href":"https:\/\/elfederalmendoza.com.ar\/index.php\/wp-json\/wp\/v2\/posts"}],"about":[{"href":"https:\/\/elfederalmendoza.com.ar\/index.php\/wp-json\/wp\/v2\/types\/post"}],"author":[{"embeddable":true,"href":"https:\/\/elfederalmendoza.com.ar\/index.php\/wp-json\/wp\/v2\/users\/2"}],"replies":[{"embeddable":true,"href":"https:\/\/elfederalmendoza.com.ar\/index.php\/wp-json\/wp\/v2\/comments?post=26259"}],"version-history":[{"count":1,"href":"https:\/\/elfederalmendoza.com.ar\/index.php\/wp-json\/wp\/v2\/posts\/26259\/revisions"}],"predecessor-version":[{"id":26272,"href":"https:\/\/elfederalmendoza.com.ar\/index.php\/wp-json\/wp\/v2\/posts\/26259\/revisions\/26272"}],"wp:featuredmedia":[{"embeddable":true,"href":"https:\/\/elfederalmendoza.com.ar\/index.php\/wp-json\/wp\/v2\/media\/26270"}],"wp:attachment":[{"href":"https:\/\/elfederalmendoza.com.ar\/index.php\/wp-json\/wp\/v2\/media?parent=26259"}],"wp:term":[{"taxonomy":"category","embeddable":true,"href":"https:\/\/elfederalmendoza.com.ar\/index.php\/wp-json\/wp\/v2\/categories?post=26259"},{"taxonomy":"post_tag","embeddable":true,"href":"https:\/\/elfederalmendoza.com.ar\/index.php\/wp-json\/wp\/v2\/tags?post=26259"}],"curies":[{"name":"wp","href":"https:\/\/api.w.org\/{rel}","templated":true}]}}