{"id":26312,"date":"2023-08-14T05:17:00","date_gmt":"2023-08-14T08:17:00","guid":{"rendered":"https:\/\/elfederalmendoza.com\/?p=26312"},"modified":"2023-08-14T10:25:37","modified_gmt":"2023-08-14T13:25:37","slug":"lali-esposito-opino-sobre-el-triunfo-de-milei-que-peligroso-que-triste","status":"publish","type":"post","link":"https:\/\/elfederalmendoza.com.ar\/index.php\/2023\/08\/14\/lali-esposito-opino-sobre-el-triunfo-de-milei-que-peligroso-que-triste\/","title":{"rendered":"Lali Esp\u00f3sito opin\u00f3 sobre el triunfo de Milei: \u201cQu\u00e9 peligroso. Qu\u00e9 triste\u201d"},"content":{"rendered":"\n<p>La agenda de este \u00faltimo domingo en la Argentina definitivamente estuvo marcada por el devenir de las Elecciones Primarias, Abiertas, Simult\u00e1neas y Obligatorias (PASO) presidenciales. Pese a que est\u00e1 en Espa\u00f1a en el marco de su gira,\u00a0<strong>Lali Esp\u00f3sito<\/strong>\u00a0sigui\u00f3 con atenci\u00f3n lo que estaba pasando en su lugar de origen.\u00a0<strong>\u201c\u00bfYa votaron, che? Cuenten\u201d<\/strong>, pregunt\u00f3 en Twitter a sus seguidores. Entre las cientos de respuestas recibi\u00f3 la de\u00a0<strong>Moria Cas\u00e1n<\/strong>. \u201cPor votar con ganas de penetrar la urna. Aguante la democracia. Loven reina\u201d, le escribi\u00f3 la diva con su habitual desenfado.<\/p>\n\n\n\n<p>Y horas m\u00e1s tarde, cuando se conocieron los primeros resultados que dieron como contundente ganador a&nbsp;<strong>Javier Milei<\/strong>, Lali volvi\u00f3 a expresarse. \u201c<strong>Qu\u00e9 peligroso. Qu\u00e9 triste<\/strong>\u201d, plante\u00f3 la tambi\u00e9n actriz en la misma red social, manifestando cierta preocupaci\u00f3n ante el nuevo panorama que se abre a partir de ahora en la pol\u00edtica nacional.<\/p>\n\n\n\n<p><img loading=\"lazy\" decoding=\"async\" alt=\"El mensaje de Lali Esp\u00f3sito tras los primeros resultados de las PASO celebradas en Argentina (Twitter)\" height=\"280\" width=\"1080\" src=\"https:\/\/www.infobae.com\/new-resizer\/VjWCSe1el7-KCBV52vLpjN0Z2Rs=\/arc-anglerfish-arc2-prod-infobae\/public\/CCGX7RV4WVCKXFHCJP2H5KIBWM.jpg\">El mensaje de Lali Esp\u00f3sito tras los primeros resultados de las PASO celebradas en Argentina (Twitter)<\/p>\n\n\n\n<p>El mensaje gener\u00f3 una fuerte reacci\u00f3n de sus seguidores y acumul\u00f3 en pocas horas m\u00e1s de 16 mil comentarios.<\/p>\n\n\n\n<p>\u201cLali,&nbsp;<strong>se ve que est\u00e1s muy lejos de una casa de familia normal argentina<\/strong>. Donde el trabajo de cada d\u00eda es lo que pone el pan en la mesa y donde el modelo pol\u00edtico de las \u00faltimas d\u00e9cadas los empobrece cada d\u00eda m\u00e1s. Lo peligroso es que tus hijos no coman\u201d, plante\u00f3 un usuario llamado Manu Bisiglia, que tambi\u00e9n le recomend\u00f3 que \u201csiga cantando\u201d.<\/p>\n\n\n\n<p>En la misma l\u00ednea, Nicol\u00e1s Raffo agreg\u00f3: \u201c<strong>Peligroso es cualquier cambio, pero triste es la gente que muere de hambre<\/strong>. Triste es que te maten por un celular y salgan en 12 horas. Triste es como entran las drogas al pa\u00eds. Triste es lo que se vive todos los d\u00edas en el pa\u00eds\u201d.<\/p>\n\n\n\n<figure class=\"wp-block-image is-resized\"><img loading=\"lazy\" decoding=\"async\" src=\"https:\/\/www.infobae.com\/new-resizer\/wuDjmkGdcNd02xeRlQPt6YRxZME=\/arc-anglerfish-arc2-prod-infobae\/public\/APEME6YXGNAULJ4C7JU3DFJ75A.jpg\" alt=\"infobae\" width=\"867\" height=\"278\"\/><\/figure>\n\n\n\n<p>Otros seguidores le recriminaron no haber sentado posici\u00f3n en repudio de los niveles de&nbsp;<strong>pobreza&nbsp;<\/strong>o por la alta tasa de&nbsp;<strong>inflaci\u00f3n<\/strong>.<\/p>\n\n\n\n<p>\u201cNo te vi decir nada ni&nbsp;<strong>por Cecilia cuando la descuartizaron<\/strong>&nbsp;los representantes del gobierno actual, ni cuando el delincuente defendido por una diputada K mat\u00f3 a una nena de 11 a\u00f1os de una pi\u00f1a en la panza.<strong>&nbsp;Peligrosos son ustedes mirando para el costado&nbsp;<\/strong>mientras la gente se caga de hambre y es asesinada en la calle yendo a laburar o a estudiar\u201d, le recrimin\u00f3 una persona identificada con el nombre @GordoInsuista.<\/p>\n\n\n\n<figure class=\"wp-block-image\"><img decoding=\"async\" src=\"https:\/\/www.infobae.com\/new-resizer\/FsHx4xibL8IIoBEKxjhBF75ZiaI=\/arc-anglerfish-arc2-prod-infobae\/public\/SH75SLTCABDANO2LVERW5DMFGM.jpg\" alt=\"infobae\"\/><\/figure>\n\n\n\n<figure class=\"wp-block-image\"><img decoding=\"async\" src=\"https:\/\/www.infobae.com\/new-resizer\/szo0qBeRmnFim_G1BrwyZfuDMA8=\/arc-anglerfish-arc2-prod-infobae\/public\/S2TDRPYIOZGENEOGHN3B5PDSKA.jpg\" alt=\"infobae\"\/><\/figure>\n\n\n\n<p>Otras cr\u00edticas repetidas por varios de sus seguidores giraban en torno a su falta de conexi\u00f3n con la realidad argentina y se\u00f1alaban que Lali vive mucho tiempo fuera del pa\u00eds.<\/p>\n\n\n\n<figure class=\"wp-block-image\"><img decoding=\"async\" src=\"https:\/\/www.infobae.com\/new-resizer\/JNlISisjgzgOWY7ZHs5aEguhR4A=\/arc-anglerfish-arc2-prod-infobae\/public\/IS6JRFNDSVCXNA6Y5SHTQ7SJL4.jpg\" alt=\"infobae\"\/><\/figure>\n\n\n\n<figure class=\"wp-block-image\"><img decoding=\"async\" src=\"https:\/\/www.infobae.com\/new-resizer\/rniqtPT7yRbr4z14BxgPrqvHDTg=\/arc-anglerfish-arc2-prod-infobae\/public\/2P3I4AL6RFCQZECUGQKGOKDQSI.jpg\" alt=\"infobae\"\/><\/figure>\n\n\n\n<p>\u201cMilita un gobierno que liber\u00f3 violadores en pandemia, pero Lali le tiene miedo a Milei\u201d, ironiz\u00f3 otro de sus seguidores y poste\u00f3 una foto de la cantante junto a la legisladores de Uni\u00f3n por la Patria<strong>&nbsp;Ofelia Fern\u00e1ndez.<\/strong><\/p>\n\n\n\n<figure class=\"wp-block-image\"><img decoding=\"async\" src=\"https:\/\/www.infobae.com\/new-resizer\/LCPufclmCnKKHdoqmm3s9sP0cEs=\/arc-anglerfish-arc2-prod-infobae\/public\/5QTBRRWJYJHS7ARHFOO23EWTRI.jpg\" alt=\"infobae\"\/><\/figure>\n\n\n\n<figure class=\"wp-block-image\"><img decoding=\"async\" src=\"https:\/\/www.infobae.com\/new-resizer\/7ISIELqP4tPkzQ6i3H5ByC6FDwk=\/arc-anglerfish-arc2-prod-infobae\/public\/U5BCA5ED2JGRHIXA6NBJKIACVE.jpg\" alt=\"infobae\"\/><\/figure>\n\n\n\n<p>Lali fue de las pocas figuras del espect\u00e1culo que se manifestaron sobre el resultado de las PASO a minutos de haberse difundido. En las ant\u00edpodas de su pensamiento,&nbsp;<strong>Alex Caniggia dej\u00f3 en claro su respaldo al triunfo de Milei<\/strong>.<\/p>\n\n\n\n<figure class=\"wp-block-image\"><img decoding=\"async\" src=\"https:\/\/www.infobae.com\/new-resizer\/SJN1KhyZDKkAX8YKjGbbu0tt9To=\/arc-anglerfish-arc2-prod-infobae\/public\/QUVGVC6BMVACRM3HLMBQR7JZHQ.jpg\" alt=\"infobae\"\/><\/figure>\n\n\n\n<figure class=\"wp-block-image\"><img decoding=\"async\" src=\"https:\/\/www.infobae.com\/new-resizer\/svy-5qKqnc8HwhMESafGbe7Kf2Q=\/arc-anglerfish-arc2-prod-infobae\/public\/K7XJ7CI3NRG65KXL464VWSKZIM.jpg\" alt=\"infobae\"\/><\/figure>\n\n\n\n<p>En tanto,\u00a0Dady Brieva habl\u00f3 desde C5N, donde form\u00f3 parte del panel de\u00a0una emisi\u00f3n especial del canal, que alcanz\u00f3 un gran n\u00famero en el rating. \u201cVolvamos a esto de la grieta&#8230;Porque si no, repetimos y sumamos, y yo hago: \u2018Wow, wow, wow\u2019. \u00a1Como dice\u00a0<strong>Esmeralda Mitre<\/strong>! Yo digo:\u00a0<strong>Cristina (Fern\u00e1ndez)\u00a0<\/strong>no est\u00e1 m\u00e1s y<strong>\u00a0M\u00e1ximo (Kirchner)<\/strong>\u00a0debe estar en Holanda, no s\u00e9, no lo vi.<strong>\u00a0A Wado (De Pedro)\u00a0<\/strong>tampoco. Saquemos de la agenda el tema de la grieta ya. Lo venimos arrastrando como mochila y me parece que lo tendr\u00edamos que descartar ya.\u00a0<strong>Yo creo que la grieta ya no existe<\/strong>\u201d, dijo el Midachi.<\/p>\n\n\n\n<p>En el plano personal, d\u00edas atr\u00e1s y en medio de esta misma gira europea, Lali hab\u00eda revivido su romance con&nbsp;<strong>Miguel \u00c1ngel Silvestre<\/strong>&nbsp;luego de que el actor espa\u00f1ol la besara en el escenario mientras ella cantaba. Un video que capt\u00f3 el momento se volvi\u00f3 viral y la propia argentina lo comparti\u00f3 en sus&nbsp;<em>Instagram Stories<\/em>. \u201cQuedate con quien haga b\u00edceps para darte un beso\u201d, escribi\u00f3 sobre las im\u00e1genes.<\/p>\n\n\n\n<p><img loading=\"lazy\" decoding=\"async\" alt=\"El beso de Lali y Miguel \u00c1ngel Silvestre (Instagram)\" height=\"1080\" width=\"1920\" src=\"https:\/\/www.infobae.com\/new-resizer\/eEXoicXdgJ3r9bFRY4HA8KHjNWo=\/arc-anglerfish-arc2-prod-infobae\/public\/L3N3HTO7FZCVPOVR3TZUBI3AWU.jpg\" srcset=\"https:\/\/www.infobae.com\/new-resizer\/QC2eFGPgkMBuW7NGWLiOsODH5Rw=\/420x236\/filters:format(webp):quality(85)\/cloudfront-us-east-1.images.arcpublishing.com\/infobae\/L3N3HTO7FZCVPOVR3TZUBI3AWU.jpg 420w,https:\/\/www.infobae.com\/new-resizer\/6ncLlOF4ECjmZujEfax4LLbYshI=\/768x432\/filters:format(webp):quality(85)\/cloudfront-us-east-1.images.arcpublishing.com\/infobae\/L3N3HTO7FZCVPOVR3TZUBI3AWU.jpg 768w,https:\/\/www.infobae.com\/new-resizer\/el-fQV3R7x7SRm0yEFtc5lgmGPg=\/992x558\/filters:format(webp):quality(85)\/cloudfront-us-east-1.images.arcpublishing.com\/infobae\/L3N3HTO7FZCVPOVR3TZUBI3AWU.jpg 992w,https:\/\/www.infobae.com\/new-resizer\/MsTV-VZifMBPo_B2ghpF9N_Q37Y=\/1200x675\/filters:format(webp):quality(85)\/cloudfront-us-east-1.images.arcpublishing.com\/infobae\/L3N3HTO7FZCVPOVR3TZUBI3AWU.jpg 1200w,https:\/\/www.infobae.com\/new-resizer\/wmWdlwe6pe7d0zmj9T9aRUeszC4=\/1440x810\/filters:format(webp):quality(85)\/cloudfront-us-east-1.images.arcpublishing.com\/infobae\/L3N3HTO7FZCVPOVR3TZUBI3AWU.jpg 1440w\">El beso de Lali y Miguel \u00c1ngel Silvestre (Instagram)<\/p>\n","protected":false},"excerpt":{"rendered":"<p>La agenda de este \u00faltimo domingo en la Argentina definitivamente estuvo marcada por el devenir de las Elecciones Primarias, Abiertas, Simult\u00e1neas y Obligatorias (PASO) presidenciales. Pese a que est\u00e1 en Espa\u00f1a en el marco de su gira,\u00a0Lali Esp\u00f3sito\u00a0sigui\u00f3 con atenci\u00f3n lo que estaba pasando en su lugar de origen.\u00a0\u201c\u00bfYa votaron, che? Cuenten\u201d, pregunt\u00f3 en Twitter<a class=\"read-more\" href=\"https:\/\/elfederalmendoza.com.ar\/index.php\/2023\/08\/14\/lali-esposito-opino-sobre-el-triunfo-de-milei-que-peligroso-que-triste\/\"> [&hellip;]<\/a><\/p>\n","protected":false},"author":2,"featured_media":26314,"comment_status":"open","ping_status":"open","sticky":false,"template":"","format":"standard","meta":{"footnotes":""},"categories":[5618],"tags":[],"class_list":["post-26312","post","type-post","status-publish","format-standard","has-post-thumbnail","hentry","category-arg"],"rttpg_featured_image_url":{"full":["https:\/\/elfederalmendoza.com.ar\/wp-content\/uploads\/2023\/08\/lali-esposito.jpg",1107,669,false],"landscape":["https:\/\/elfederalmendoza.com.ar\/wp-content\/uploads\/2023\/08\/lali-esposito.jpg",1107,669,false],"portraits":["https:\/\/elfederalmendoza.com.ar\/wp-content\/uploads\/2023\/08\/lali-esposito.jpg",1107,669,false],"thumbnail":["https:\/\/elfederalmendoza.com.ar\/wp-content\/uploads\/2023\/08\/lali-esposito-150x150.jpg",150,150,true],"medium":["https:\/\/elfederalmendoza.com.ar\/wp-content\/uploads\/2023\/08\/lali-esposito-300x181.jpg",300,181,true],"large":["https:\/\/elfederalmendoza.com.ar\/wp-content\/uploads\/2023\/08\/lali-esposito-1024x619.jpg",640,387,true],"1536x1536":["https:\/\/elfederalmendoza.com.ar\/wp-content\/uploads\/2023\/08\/lali-esposito.jpg",1107,669,false],"2048x2048":["https:\/\/elfederalmendoza.com.ar\/wp-content\/uploads\/2023\/08\/lali-esposito.jpg",1107,669,false],"ultp_layout_landscape_large":["https:\/\/elfederalmendoza.com.ar\/wp-content\/uploads\/2023\/08\/lali-esposito.jpg",1107,669,false],"ultp_layout_landscape":["https:\/\/elfederalmendoza.com.ar\/wp-content\/uploads\/2023\/08\/lali-esposito-870x570.jpg",870,570,true],"ultp_layout_portrait":["https:\/\/elfederalmendoza.com.ar\/wp-content\/uploads\/2023\/08\/lali-esposito-600x669.jpg",600,669,true],"ultp_layout_square":["https:\/\/elfederalmendoza.com.ar\/wp-content\/uploads\/2023\/08\/lali-esposito-600x600.jpg",600,600,true],"rpwe-thumbnail":["https:\/\/elfederalmendoza.com.ar\/wp-content\/uploads\/2023\/08\/lali-esposito-45x45.jpg",45,45,true],"advps-thumb-one":["https:\/\/elfederalmendoza.com.ar\/wp-content\/uploads\/2023\/08\/lali-esposito-1107x420.jpg",1107,420,true]},"rttpg_author":{"display_name":"Redacci\u00f3n El Federal","author_link":"https:\/\/elfederalmendoza.com.ar\/index.php\/author\/angelflores\/"},"rttpg_comment":0,"rttpg_category":"<a href=\"https:\/\/elfederalmendoza.com.ar\/index.php\/category\/arg\/\" rel=\"category tag\">Argentina<\/a>","rttpg_excerpt":"La agenda de este \u00faltimo domingo en la Argentina definitivamente estuvo marcada por el devenir de las Elecciones Primarias, Abiertas, Simult\u00e1neas y Obligatorias (PASO) presidenciales. Pese a que est\u00e1 en Espa\u00f1a en el marco de su gira,\u00a0Lali Esp\u00f3sito\u00a0sigui\u00f3 con atenci\u00f3n lo que estaba pasando en su lugar de origen.\u00a0\u201c\u00bfYa votaron, che? Cuenten\u201d, pregunt\u00f3 en Twitter&hellip;","_links":{"self":[{"href":"https:\/\/elfederalmendoza.com.ar\/index.php\/wp-json\/wp\/v2\/posts\/26312","targetHints":{"allow":["GET"]}}],"collection":[{"href":"https:\/\/elfederalmendoza.com.ar\/index.php\/wp-json\/wp\/v2\/posts"}],"about":[{"href":"https:\/\/elfederalmendoza.com.ar\/index.php\/wp-json\/wp\/v2\/types\/post"}],"author":[{"embeddable":true,"href":"https:\/\/elfederalmendoza.com.ar\/index.php\/wp-json\/wp\/v2\/users\/2"}],"replies":[{"embeddable":true,"href":"https:\/\/elfederalmendoza.com.ar\/index.php\/wp-json\/wp\/v2\/comments?post=26312"}],"version-history":[{"count":1,"href":"https:\/\/elfederalmendoza.com.ar\/index.php\/wp-json\/wp\/v2\/posts\/26312\/revisions"}],"predecessor-version":[{"id":26315,"href":"https:\/\/elfederalmendoza.com.ar\/index.php\/wp-json\/wp\/v2\/posts\/26312\/revisions\/26315"}],"wp:featuredmedia":[{"embeddable":true,"href":"https:\/\/elfederalmendoza.com.ar\/index.php\/wp-json\/wp\/v2\/media\/26314"}],"wp:attachment":[{"href":"https:\/\/elfederalmendoza.com.ar\/index.php\/wp-json\/wp\/v2\/media?parent=26312"}],"wp:term":[{"taxonomy":"category","embeddable":true,"href":"https:\/\/elfederalmendoza.com.ar\/index.php\/wp-json\/wp\/v2\/categories?post=26312"},{"taxonomy":"post_tag","embeddable":true,"href":"https:\/\/elfederalmendoza.com.ar\/index.php\/wp-json\/wp\/v2\/tags?post=26312"}],"curies":[{"name":"wp","href":"https:\/\/api.w.org\/{rel}","templated":true}]}}