{"id":26324,"date":"2023-08-14T10:52:00","date_gmt":"2023-08-14T13:52:00","guid":{"rendered":"https:\/\/elfederalmendoza.com\/?p=26324"},"modified":"2023-08-14T10:52:00","modified_gmt":"2023-08-14T13:52:00","slug":"el-kirchnerismo-perdio-la-gobernacion-en-santa-cruz-despues-de-32-anos","status":"publish","type":"post","link":"https:\/\/elfederalmendoza.com.ar\/index.php\/2023\/08\/14\/el-kirchnerismo-perdio-la-gobernacion-en-santa-cruz-despues-de-32-anos\/","title":{"rendered":"El kirchnerismo perdi\u00f3 la gobernaci\u00f3n en Santa Cruz despu\u00e9s de 32 a\u00f1os"},"content":{"rendered":"\n<p>El lema Por Santa Cruz cosecha el 46,48% y supera a Uni\u00f3n por la Patria, que tiene el 43,82%. El nuevo administrador de la provincia ser\u00e1 Claudio Vidal, secretario general del sindicato de petroleros. A nivel nacional, <strong>Milei obtuvo casi el 30% y fue el candidato a Presidente m\u00e1s votado.<\/strong><\/p>\n\n\n\n<p>El diputado nacional y secretario general del sindicato de petroleros, Claudio Vidal, ser\u00e1 gobernador de Santa Cruz a partir del 10 de diciembre. <strong>Suceder\u00e1 a Alicia Kirchner y pondr\u00e1 fin a una sucesi\u00f3n de gobiernos afines al kirchnerismo, que se inici\u00f3 en 1991 <\/strong>con el triunfo del por entonces intendente de R\u00edo Gallegos, N\u00e9stor Kirchner.<\/p>\n\n\n\n<p>Vidal fue el candidato m\u00e1s importante del lema&nbsp;<strong>Por Santa Cruz, que llevaba seis candidatos. Con el 98,9% de las mesas escrutadas, superaba a Uni\u00f3n por la Patria por menos de 5.000 votos<\/strong>. Fue suficiente para arrebatarle el poder despu\u00e9s de 32 a\u00f1os. El legislador, nacido en Comodoro Rivadavia, Chubut hace 44 a\u00f1os, pero criado en R\u00edo Gallegos, fue el m\u00e1s votado: cosech\u00f3 53.692 de los 75.270 votos de su frente.<\/p>\n\n\n\n<p><strong>\u201cVengo a dar vuelta una p\u00e1gina, hab\u00eda aires de renovaci\u00f3n, se termin\u00f3 un modelo que no ten\u00eda m\u00e1s nada que ofrecer a los santacruce\u00f1os\u201d<\/strong>, anunci\u00f3 a&nbsp;<strong>Infobae<\/strong>&nbsp;Vidal, que lleg\u00f3 a su bunker en el centro de Gallegos diez minutos antes de las 4 de la madrugada. Lo esperaban cientos de militantes en la calle, sobre todo el sector petrolero, con una temperatura bajo cero, que festejaban con m\u00fasica y haciendo sonar los escapes de las motos. \u201cSolo me llam\u00f3 Belloni\u201d, advirti\u00f3, respecto de la actitud de sus contrincantes.<\/p>\n\n\n\n<p><img loading=\"lazy\" decoding=\"async\" alt=\"Vidal fund\u00f3 su propio partido Somos Energ\u00eda en 2019, cuando compiti\u00f3 como sublema dentro del Frente de Todos, pero en 2021 se abri\u00f3 del kirchnerismo y se consolid\u00f3 como alternativa\" height=\"1152\" width=\"2048\" src=\"https:\/\/www.infobae.com\/new-resizer\/-HnzSpRI3gH6fouybi2Zme1rPPU=\/arc-anglerfish-arc2-prod-infobae\/public\/NCNBMNM33BBEZBQEYDK3HFOS4E.JPG\" srcset=\"https:\/\/www.infobae.com\/new-resizer\/6ZXN9YWJyi0_qeHpoCJicByUiIo=\/420x236\/filters:format(webp):quality(85)\/cloudfront-us-east-1.images.arcpublishing.com\/infobae\/NCNBMNM33BBEZBQEYDK3HFOS4E.JPG 420w,https:\/\/www.infobae.com\/new-resizer\/ffUxy7zN-_82OZjt7ktNP7XvJ70=\/768x432\/filters:format(webp):quality(85)\/cloudfront-us-east-1.images.arcpublishing.com\/infobae\/NCNBMNM33BBEZBQEYDK3HFOS4E.JPG 768w,https:\/\/www.infobae.com\/new-resizer\/9mmPCn2uSHOwqsB6a35PlVLd8xo=\/992x558\/filters:format(webp):quality(85)\/cloudfront-us-east-1.images.arcpublishing.com\/infobae\/NCNBMNM33BBEZBQEYDK3HFOS4E.JPG 992w,https:\/\/www.infobae.com\/new-resizer\/Hr9Sjt96kWe1hpec3yt4emJwqpk=\/1200x675\/filters:format(webp):quality(85)\/cloudfront-us-east-1.images.arcpublishing.com\/infobae\/NCNBMNM33BBEZBQEYDK3HFOS4E.JPG 1200w,https:\/\/www.infobae.com\/new-resizer\/Fw6BktQOCiH5-4eJ3pEzGyN1hh0=\/1440x810\/filters:format(webp):quality(85)\/cloudfront-us-east-1.images.arcpublishing.com\/infobae\/NCNBMNM33BBEZBQEYDK3HFOS4E.JPG 1440w\">Vidal fund\u00f3 su propio partido Somos Energ\u00eda en 2019, cuando compiti\u00f3 como sublema dentro del Frente de Todos, pero en 2021 se abri\u00f3 del kirchnerismo y se consolid\u00f3 como alternativa<\/p>\n\n\n\n<p>Unos minutos antes, la gobernadora en ejercicio, Alicia Kirchner, salud\u00f3 y felicit\u00f3 a los tres candidatos de su frente,&nbsp;<strong>H\u00e9ctor Javier Belloni<\/strong>, intendente de El Calafate,&nbsp;<strong>Pablo Grasso<\/strong>, jefe comunal de R\u00edo Gallegos, y el empresario<strong>&nbsp;Guillermo Polke<\/strong>. Entre los tres sumaron 70.969 votos en toda la provincia.<\/p>\n\n\n\n<p>\u201cGracias a los vecinos y las vecinas de mi querida provincia por la participaci\u00f3n en este d\u00eda que celebra nuestros 40 a\u00f1os de democracia; a las autoridades de mesa, fiscales y fuerzas de seguridad por el esfuerzo, en esta larga jornada, puesto en cuidar cada voto; y el abrazo m\u00e1s c\u00e1lido para Javier Belloni, Pablo Grasso, Guillermo Polke y mi compa\u00f1eros y compa\u00f1eras militantes por no bajar los brazos en la defensa de nuestro proyecto de desarrollo con inclusi\u00f3n\u201d, escribi\u00f3 la gobernadora en la red social Twitter (ahora X) a las 3.33 de la madrugada. Habr\u00e1 sido una jornada dura: desde que su hermano N\u00e9stor asumi\u00f3 la Presidencia de la Naci\u00f3n en 2003, es la primera vez que su movimiento pierde una elecci\u00f3n en Santa Cruz.<\/p>\n\n\n\n<figure class=\"wp-block-image\"><img decoding=\"async\" src=\"https:\/\/www.infobae.com\/new-resizer\/btGWP2JMQ_DhURA6-S0ZO7mONVY=\/arc-anglerfish-arc2-prod-infobae\/public\/WFHOOZOI5BCOPPSPHVAOOS2QGA.PNG\" alt=\"infobae\"\/><\/figure>\n\n\n\n<p>Kirchner jug\u00f3 en esta elecci\u00f3n como postulante a una banca en el&nbsp;<strong>Senado<\/strong>&nbsp;nacional y result\u00f3 la m\u00e1s votada en un cap\u00edtulo extravagante de esta votaci\u00f3n.&nbsp;<strong>Gan\u00f3 las PASO con apenas el 17,68% de los votos&nbsp;<\/strong>(31.394). Lo llamativo fue que<strong>&nbsp;el voto en blanco sum\u00f3 62,07% de las adhesiones<\/strong>. Y eso se explica, en gran parte, por la elecci\u00f3n de Javier Milei, que no llevaba candidatos para la C\u00e1mara Alta y tampoco para la gobernaci\u00f3n. Un integrante del lema de Vidal, Rub\u00e9n Ferrara, intent\u00f3 una \u201ctrampita\u201d y le puso \u201cMILEI\u201d a su sublema. A decir de los n\u00fameros,&nbsp;<strong>no confundi\u00f3 a nadie<\/strong>: apenas lo votaron 2.133 ciudadanos.<\/p>\n\n\n\n<p><img loading=\"lazy\" decoding=\"async\" alt=\"Alicia Kirchner fue la precandidata a senadora m\u00e1s votada pero con un 62% de votos en blanco para la cateogr\u00eda\" height=\"1080\" width=\"1920\" src=\"https:\/\/www.infobae.com\/new-resizer\/GPHeIqigmUnOQpqGmAcfM7B2PaE=\/arc-anglerfish-arc2-prod-infobae\/public\/DJ7LUVNBNBCYPKHSDOOBSS2ECA.jpg\" srcset=\"https:\/\/www.infobae.com\/new-resizer\/JyywBWmcMjqiCw5cvbvDbJuc93s=\/420x236\/filters:format(webp):quality(85)\/cloudfront-us-east-1.images.arcpublishing.com\/infobae\/DJ7LUVNBNBCYPKHSDOOBSS2ECA.jpg 420w,https:\/\/www.infobae.com\/new-resizer\/KsVig58bLT0Do7yg8OqK84j98hE=\/768x432\/filters:format(webp):quality(85)\/cloudfront-us-east-1.images.arcpublishing.com\/infobae\/DJ7LUVNBNBCYPKHSDOOBSS2ECA.jpg 768w,https:\/\/www.infobae.com\/new-resizer\/R_GanvgMQOBxt0PmYH7Wu42kUc0=\/992x558\/filters:format(webp):quality(85)\/cloudfront-us-east-1.images.arcpublishing.com\/infobae\/DJ7LUVNBNBCYPKHSDOOBSS2ECA.jpg 992w,https:\/\/www.infobae.com\/new-resizer\/zWSsgZMk9QxEqHtUSn5-pD1TwBw=\/1200x675\/filters:format(webp):quality(85)\/cloudfront-us-east-1.images.arcpublishing.com\/infobae\/DJ7LUVNBNBCYPKHSDOOBSS2ECA.jpg 1200w,https:\/\/www.infobae.com\/new-resizer\/Mru89-Vt54IiYdCQE4Xzb1xcV4s=\/1440x810\/filters:format(webp):quality(85)\/cloudfront-us-east-1.images.arcpublishing.com\/infobae\/DJ7LUVNBNBCYPKHSDOOBSS2ECA.jpg 1440w\">Alicia Kirchner fue la precandidata a senadora m\u00e1s votada pero con un 62% de votos en blanco para la cateogr\u00eda<\/p>\n\n\n\n<p>El conteo en Santa Cruz fue muy lento. En parte tuvo que ver con que se eleg\u00eda con dos boletas: una para las PASO y otra para las provinciales. Y ambas iban en el mismo sobre.&nbsp;<strong>El voto en blanco para la elecci\u00f3n provincial tambi\u00e9n tuvo bastantes adhesiones, sum\u00f3 el 10%<\/strong>&nbsp;(17.446 votos).<\/p>\n\n\n\n<h2 class=\"wp-block-heading\">Para presidente, Milei<\/h2>\n\n\n\n<p>En la elecci\u00f3n PASO para presidente,&nbsp;<strong>Javier Milei result\u00f3 candidato m\u00e1s votado en Santa Cruz<\/strong>, con el 28,96% de los votos. Lo sigue&nbsp;<strong>Uni\u00f3n por la Patria, con el 21,35%<\/strong>. En el frente oficialista, Sergio Massa recibi\u00f3 29.622 votos y Juan Grabois, 8.857. La alianza&nbsp;<strong>Juntos por el Cambio<\/strong>&nbsp;sum\u00f3 el 15,60% (28.111) y dentro del frente opositor, Patricia Bullrich le sac\u00f3 6.000 votos de ventaja a Horacio Rodr\u00edguez Larreta.<\/p>\n\n\n\n<p>El resto de los participantes juntaron votos de manera marginal. El gobernador de C\u00f3rdoba, Ricardo Schiaretti, por ahora consigui\u00f3 el 1,82% de los votos y la referente del Frente de Izquierda, Myriam Bregman, 1,78%. La provincia representa el 0,75% del total de votos del pa\u00eds. Si bien no influy\u00f3 en el resultado nacional, representa fielmente lo que ocurri\u00f3 en casi todo el pa\u00eds, especialmente con la sorpresa en la elecci\u00f3n del libertario.<\/p>\n","protected":false},"excerpt":{"rendered":"<p>El lema Por Santa Cruz cosecha el 46,48% y supera a Uni\u00f3n por la Patria, que tiene el 43,82%. El nuevo administrador de la provincia ser\u00e1 Claudio Vidal, secretario general del sindicato de petroleros. A nivel nacional, Milei obtuvo casi el 30% y fue el candidato a Presidente m\u00e1s votado. El diputado nacional y secretario<a class=\"read-more\" href=\"https:\/\/elfederalmendoza.com.ar\/index.php\/2023\/08\/14\/el-kirchnerismo-perdio-la-gobernacion-en-santa-cruz-despues-de-32-anos\/\"> [&hellip;]<\/a><\/p>\n","protected":false},"author":2,"featured_media":26326,"comment_status":"open","ping_status":"open","sticky":false,"template":"","format":"standard","meta":{"footnotes":""},"categories":[5618],"tags":[],"class_list":["post-26324","post","type-post","status-publish","format-standard","has-post-thumbnail","hentry","category-arg"],"rttpg_featured_image_url":{"full":["https:\/\/elfederalmendoza.com.ar\/wp-content\/uploads\/2023\/08\/claudio-vidal.jpg",978,645,false],"landscape":["https:\/\/elfederalmendoza.com.ar\/wp-content\/uploads\/2023\/08\/claudio-vidal.jpg",978,645,false],"portraits":["https:\/\/elfederalmendoza.com.ar\/wp-content\/uploads\/2023\/08\/claudio-vidal.jpg",978,645,false],"thumbnail":["https:\/\/elfederalmendoza.com.ar\/wp-content\/uploads\/2023\/08\/claudio-vidal-150x150.jpg",150,150,true],"medium":["https:\/\/elfederalmendoza.com.ar\/wp-content\/uploads\/2023\/08\/claudio-vidal-300x198.jpg",300,198,true],"large":["https:\/\/elfederalmendoza.com.ar\/wp-content\/uploads\/2023\/08\/claudio-vidal.jpg",640,422,false],"1536x1536":["https:\/\/elfederalmendoza.com.ar\/wp-content\/uploads\/2023\/08\/claudio-vidal.jpg",978,645,false],"2048x2048":["https:\/\/elfederalmendoza.com.ar\/wp-content\/uploads\/2023\/08\/claudio-vidal.jpg",978,645,false],"ultp_layout_landscape_large":["https:\/\/elfederalmendoza.com.ar\/wp-content\/uploads\/2023\/08\/claudio-vidal.jpg",978,645,false],"ultp_layout_landscape":["https:\/\/elfederalmendoza.com.ar\/wp-content\/uploads\/2023\/08\/claudio-vidal-870x570.jpg",870,570,true],"ultp_layout_portrait":["https:\/\/elfederalmendoza.com.ar\/wp-content\/uploads\/2023\/08\/claudio-vidal-600x645.jpg",600,645,true],"ultp_layout_square":["https:\/\/elfederalmendoza.com.ar\/wp-content\/uploads\/2023\/08\/claudio-vidal-600x600.jpg",600,600,true],"rpwe-thumbnail":["https:\/\/elfederalmendoza.com.ar\/wp-content\/uploads\/2023\/08\/claudio-vidal-45x45.jpg",45,45,true],"advps-thumb-one":["https:\/\/elfederalmendoza.com.ar\/wp-content\/uploads\/2023\/08\/claudio-vidal-978x420.jpg",978,420,true]},"rttpg_author":{"display_name":"Redacci\u00f3n El Federal","author_link":"https:\/\/elfederalmendoza.com.ar\/index.php\/author\/angelflores\/"},"rttpg_comment":0,"rttpg_category":"<a href=\"https:\/\/elfederalmendoza.com.ar\/index.php\/category\/arg\/\" rel=\"category tag\">Argentina<\/a>","rttpg_excerpt":"El lema Por Santa Cruz cosecha el 46,48% y supera a Uni\u00f3n por la Patria, que tiene el 43,82%. El nuevo administrador de la provincia ser\u00e1 Claudio Vidal, secretario general del sindicato de petroleros. A nivel nacional, Milei obtuvo casi el 30% y fue el candidato a Presidente m\u00e1s votado. El diputado nacional y secretario&hellip;","_links":{"self":[{"href":"https:\/\/elfederalmendoza.com.ar\/index.php\/wp-json\/wp\/v2\/posts\/26324","targetHints":{"allow":["GET"]}}],"collection":[{"href":"https:\/\/elfederalmendoza.com.ar\/index.php\/wp-json\/wp\/v2\/posts"}],"about":[{"href":"https:\/\/elfederalmendoza.com.ar\/index.php\/wp-json\/wp\/v2\/types\/post"}],"author":[{"embeddable":true,"href":"https:\/\/elfederalmendoza.com.ar\/index.php\/wp-json\/wp\/v2\/users\/2"}],"replies":[{"embeddable":true,"href":"https:\/\/elfederalmendoza.com.ar\/index.php\/wp-json\/wp\/v2\/comments?post=26324"}],"version-history":[{"count":1,"href":"https:\/\/elfederalmendoza.com.ar\/index.php\/wp-json\/wp\/v2\/posts\/26324\/revisions"}],"predecessor-version":[{"id":26327,"href":"https:\/\/elfederalmendoza.com.ar\/index.php\/wp-json\/wp\/v2\/posts\/26324\/revisions\/26327"}],"wp:featuredmedia":[{"embeddable":true,"href":"https:\/\/elfederalmendoza.com.ar\/index.php\/wp-json\/wp\/v2\/media\/26326"}],"wp:attachment":[{"href":"https:\/\/elfederalmendoza.com.ar\/index.php\/wp-json\/wp\/v2\/media?parent=26324"}],"wp:term":[{"taxonomy":"category","embeddable":true,"href":"https:\/\/elfederalmendoza.com.ar\/index.php\/wp-json\/wp\/v2\/categories?post=26324"},{"taxonomy":"post_tag","embeddable":true,"href":"https:\/\/elfederalmendoza.com.ar\/index.php\/wp-json\/wp\/v2\/tags?post=26324"}],"curies":[{"name":"wp","href":"https:\/\/api.w.org\/{rel}","templated":true}]}}