{"id":26330,"date":"2023-08-14T15:37:13","date_gmt":"2023-08-14T18:37:13","guid":{"rendered":"https:\/\/elfederalmendoza.com\/?p=26330"},"modified":"2023-08-14T15:37:13","modified_gmt":"2023-08-14T18:37:13","slug":"milei-culpo-al-kirchnerismo-por-la-suba-del-dolar-estan-terminados","status":"publish","type":"post","link":"https:\/\/elfederalmendoza.com.ar\/index.php\/2023\/08\/14\/milei-culpo-al-kirchnerismo-por-la-suba-del-dolar-estan-terminados\/","title":{"rendered":"Milei culp\u00f3 al kirchnerismo por la suba del d\u00f3lar: \u00abEst\u00e1n terminados\u00bb"},"content":{"rendered":"\n<p><strong>Javier Milei, el l\u00edder libertario que sorprendi\u00f3 con un triunfo el domingo en las Primarias Abiertas Simult\u00e1neas y Obligatorias habl\u00f3 respecto a la apertura de los mercados este lunes con una devaluaci\u00f3n del d\u00f3lar oficial y la suba del blue.<\/strong><\/p>\n\n\n\n<p>\u00ab\u00bfYo emit\u00ed pesos? \u00bfLa Libertad Avanza tiene un programa que implica aumentar la emisi\u00f3n de pesos? No es que sube el d\u00f3lar, pierde poder adquisitivo el peso, cuando gener\u00e1s exceso de oferta porque emit\u00eds, cae la demanda de dinero y el peso pierde valor\u00bb, detall\u00f3 en di\u00e1logo con radio Rivadavia.<\/p>\n\n\n\n<p>El tambi\u00e9n economista y diputado nacional realiz\u00f3 lo que denomin\u00f3 una lectura a corto plazo de lo que ocurre en el arranque de la semana, pos elecciones Primarias, y se\u00f1al\u00f3 que es consecuencia de que \u00abel Gobierno se acaba de comer un cachetazo enorme\u00bb.<\/p>\n\n\n\n<p><strong>\u00abEl kirchnerismo est\u00e1 terminado y consecuentemente, \u00bfc\u00f3mo van a hacer para manejar la transici\u00f3n hasta diciembre, donde su hombre fuerte de la Econom\u00eda es el candidato a presidente de esa fuerza?\u00bb, se pregunt\u00f3.<\/strong><br>Al tiempo que sostuvo que todos los problemas de desequilibrio monetario \u00abflagrante\u00bb que existen en la Argentina son producto de la emisi\u00f3n del pasado, la del presente y la del futuro a trav\u00e9s de las Lelics, que genera \u00abun problema furioso de exceso de pesos\u00bb.<\/p>\n\n\n\n<p>\u00abEn este contexto con una ca\u00edda del respaldo pol\u00edtico sobre esa fuerza, esto te puede detonar una ca\u00edda de la demanda de dinero y hacerte saltar todos los precios y el tipo de cambio es uno m\u00e1s\u00bb, sentenci\u00f3.<\/p>\n\n\n\n<p>Al ser consultado respecto a si Sergio Massa debe renunciar al Ministerio de Econom\u00eda, respondi\u00f3 que \u00abser\u00eda algo absolutamente explosivo\u00bb para la econom\u00eda argentina, que una vez m\u00e1s sufre el impacto de la devaluaci\u00f3n y la suba de la divisa norteamericana paralela.<\/p>\n\n\n\n<p>Adem\u00e1s, se deslig\u00f3 por completo que su triunfo en las Primarias haya tenido impacto en la reacci\u00f3n del mercado. \u00ab\u00bfAlguien es m\u00e1s promercado que yo? Es un ox\u00edmoron decir que el mercado sube porque yo soy promercado\u00bb, manifest\u00f3.<\/p>\n","protected":false},"excerpt":{"rendered":"<p>Javier Milei, el l\u00edder libertario que sorprendi\u00f3 con un triunfo el domingo en las Primarias Abiertas Simult\u00e1neas y Obligatorias habl\u00f3 respecto a la apertura de los mercados este lunes con una devaluaci\u00f3n del d\u00f3lar oficial y la suba del blue. \u00ab\u00bfYo emit\u00ed pesos? \u00bfLa Libertad Avanza tiene un programa que implica aumentar la emisi\u00f3n de<a class=\"read-more\" href=\"https:\/\/elfederalmendoza.com.ar\/index.php\/2023\/08\/14\/milei-culpo-al-kirchnerismo-por-la-suba-del-dolar-estan-terminados\/\"> [&hellip;]<\/a><\/p>\n","protected":false},"author":2,"featured_media":26077,"comment_status":"open","ping_status":"open","sticky":false,"template":"","format":"standard","meta":{"footnotes":""},"categories":[5618],"tags":[],"class_list":["post-26330","post","type-post","status-publish","format-standard","has-post-thumbnail","hentry","category-arg"],"rttpg_featured_image_url":{"full":["https:\/\/elfederalmendoza.com.ar\/wp-content\/uploads\/2023\/08\/milei-cierre.jpg",1014,600,false],"landscape":["https:\/\/elfederalmendoza.com.ar\/wp-content\/uploads\/2023\/08\/milei-cierre.jpg",1014,600,false],"portraits":["https:\/\/elfederalmendoza.com.ar\/wp-content\/uploads\/2023\/08\/milei-cierre.jpg",1014,600,false],"thumbnail":["https:\/\/elfederalmendoza.com.ar\/wp-content\/uploads\/2023\/08\/milei-cierre-150x150.jpg",150,150,true],"medium":["https:\/\/elfederalmendoza.com.ar\/wp-content\/uploads\/2023\/08\/milei-cierre-300x178.jpg",300,178,true],"large":["https:\/\/elfederalmendoza.com.ar\/wp-content\/uploads\/2023\/08\/milei-cierre.jpg",640,379,false],"1536x1536":["https:\/\/elfederalmendoza.com.ar\/wp-content\/uploads\/2023\/08\/milei-cierre.jpg",1014,600,false],"2048x2048":["https:\/\/elfederalmendoza.com.ar\/wp-content\/uploads\/2023\/08\/milei-cierre.jpg",1014,600,false],"ultp_layout_landscape_large":["https:\/\/elfederalmendoza.com.ar\/wp-content\/uploads\/2023\/08\/milei-cierre.jpg",1014,600,false],"ultp_layout_landscape":["https:\/\/elfederalmendoza.com.ar\/wp-content\/uploads\/2023\/08\/milei-cierre-870x570.jpg",870,570,true],"ultp_layout_portrait":["https:\/\/elfederalmendoza.com.ar\/wp-content\/uploads\/2023\/08\/milei-cierre-600x600.jpg",600,600,true],"ultp_layout_square":["https:\/\/elfederalmendoza.com.ar\/wp-content\/uploads\/2023\/08\/milei-cierre-600x600.jpg",600,600,true],"rpwe-thumbnail":["https:\/\/elfederalmendoza.com.ar\/wp-content\/uploads\/2023\/08\/milei-cierre-45x45.jpg",45,45,true],"advps-thumb-one":["https:\/\/elfederalmendoza.com.ar\/wp-content\/uploads\/2023\/08\/milei-cierre-1014x420.jpg",1014,420,true]},"rttpg_author":{"display_name":"Redacci\u00f3n El Federal","author_link":"https:\/\/elfederalmendoza.com.ar\/index.php\/author\/angelflores\/"},"rttpg_comment":0,"rttpg_category":"<a href=\"https:\/\/elfederalmendoza.com.ar\/index.php\/category\/arg\/\" rel=\"category tag\">Argentina<\/a>","rttpg_excerpt":"Javier Milei, el l\u00edder libertario que sorprendi\u00f3 con un triunfo el domingo en las Primarias Abiertas Simult\u00e1neas y Obligatorias habl\u00f3 respecto a la apertura de los mercados este lunes con una devaluaci\u00f3n del d\u00f3lar oficial y la suba del blue. \u00ab\u00bfYo emit\u00ed pesos? \u00bfLa Libertad Avanza tiene un programa que implica aumentar la emisi\u00f3n de&hellip;","_links":{"self":[{"href":"https:\/\/elfederalmendoza.com.ar\/index.php\/wp-json\/wp\/v2\/posts\/26330","targetHints":{"allow":["GET"]}}],"collection":[{"href":"https:\/\/elfederalmendoza.com.ar\/index.php\/wp-json\/wp\/v2\/posts"}],"about":[{"href":"https:\/\/elfederalmendoza.com.ar\/index.php\/wp-json\/wp\/v2\/types\/post"}],"author":[{"embeddable":true,"href":"https:\/\/elfederalmendoza.com.ar\/index.php\/wp-json\/wp\/v2\/users\/2"}],"replies":[{"embeddable":true,"href":"https:\/\/elfederalmendoza.com.ar\/index.php\/wp-json\/wp\/v2\/comments?post=26330"}],"version-history":[{"count":1,"href":"https:\/\/elfederalmendoza.com.ar\/index.php\/wp-json\/wp\/v2\/posts\/26330\/revisions"}],"predecessor-version":[{"id":26332,"href":"https:\/\/elfederalmendoza.com.ar\/index.php\/wp-json\/wp\/v2\/posts\/26330\/revisions\/26332"}],"wp:featuredmedia":[{"embeddable":true,"href":"https:\/\/elfederalmendoza.com.ar\/index.php\/wp-json\/wp\/v2\/media\/26077"}],"wp:attachment":[{"href":"https:\/\/elfederalmendoza.com.ar\/index.php\/wp-json\/wp\/v2\/media?parent=26330"}],"wp:term":[{"taxonomy":"category","embeddable":true,"href":"https:\/\/elfederalmendoza.com.ar\/index.php\/wp-json\/wp\/v2\/categories?post=26330"},{"taxonomy":"post_tag","embeddable":true,"href":"https:\/\/elfederalmendoza.com.ar\/index.php\/wp-json\/wp\/v2\/tags?post=26330"}],"curies":[{"name":"wp","href":"https:\/\/api.w.org\/{rel}","templated":true}]}}