{"id":26382,"date":"2023-08-16T09:27:53","date_gmt":"2023-08-16T12:27:53","guid":{"rendered":"https:\/\/elfederalmendoza.com\/?p=26382"},"modified":"2023-08-16T09:27:54","modified_gmt":"2023-08-16T12:27:54","slug":"video-el-preocupante-mensaje-de-javier-milei-si-el-gobierno-no-termina-la-gestion-estoy-en-condiciones-de-asumir-manana","status":"publish","type":"post","link":"https:\/\/elfederalmendoza.com.ar\/index.php\/2023\/08\/16\/video-el-preocupante-mensaje-de-javier-milei-si-el-gobierno-no-termina-la-gestion-estoy-en-condiciones-de-asumir-manana\/","title":{"rendered":"-VIDEO- El preocupante mensaje de Javier Milei: \u201cSi el Gobierno no termina la gesti\u00f3n, estoy en condiciones de asumir ma\u00f1ana\u201d"},"content":{"rendered":"\n<p>El l\u00edder de La Libertad Avanza y ganador de las PASO advirti\u00f3 que la crisis \u201cest\u00e1 a la vuelta de la esquina\u201d y que, con su desempe\u00f1o, est\u00e1 \u201cen condiciones de ganar la primera vuelta.<\/p>\n\n\n\n<p>Javier Milei visit\u00f3 el programa&nbsp;<em>Somos buenos<\/em>&nbsp;tres d\u00edas despu\u00e9s de convertirse en la gran sorpresa de las PASO. \u201c<strong>Si el Gobierno no termina la gesti\u00f3n, estoy en condiciones de asumir ma\u00f1ana si fuera necesario<\/strong>\u201d, asegur\u00f3. \u201cTenemos que estar preparados para cualquier escenario\u201d, sum\u00f3.<\/p>\n\n\n\n<p>El candidato a presidente por La Libertad Avanza insisti\u00f3 en que su gobierno ser\u00eda la soluci\u00f3n para que se \u201ctermine el kirchnerismo\u201d. \u201cTenemos elementos propios de la crisis del Rodrigazo del 75 en t\u00e9rminos de desequilibrio monetario; en t\u00e9rminos del Banco Central, ten\u00e9s una posici\u00f3n que la hiper de Alfons\u00edn y ten\u00e9s indicadores sociales peores que en el 2001. Por lo tanto,\u00a0<strong>estamos frente a la madre de todas las bombas<\/strong>\u201d, se\u00f1al\u00f3.<\/p>\n\n\n\n<figure class=\"wp-block-embed is-type-video is-provider-youtube wp-block-embed-youtube wp-embed-aspect-16-9 wp-has-aspect-ratio\"><div class=\"wp-block-embed__wrapper\">\n<iframe loading=\"lazy\" title=\"JAVIER MILEI I &quot;Puede pasar que el gobierno termine antes&quot;\" width=\"640\" height=\"360\" src=\"https:\/\/www.youtube.com\/embed\/8Rr_RZtbUNM?feature=oembed\" frameborder=\"0\" allow=\"accelerometer; autoplay; clipboard-write; encrypted-media; gyroscope; picture-in-picture; web-share\" referrerpolicy=\"strict-origin-when-cross-origin\" allowfullscreen><\/iframe>\n<\/div><\/figure>\n\n\n\n<p>En el momento en que el periodista Santiago Fioriti repregunt\u00f3 si es posible que el Gobierno actual llegue a su final de manera anticipada, Milei ratific\u00f3: \u201cPodr\u00eda llegar a pasar. Si se precipita una crisis pol\u00edtica que haga que se derrumbe la demanda de dinero,<strong>&nbsp;la crisis est\u00e1 a la vuelta de la esquina<\/strong>\u201d.<\/p>\n\n\n\n<p>\u201cYo estoy en condiciones de asumir, obviamente, falta ir a las elecciones\u201d, aclar\u00f3 despu\u00e9s de la intervenci\u00f3n del periodista Nicol\u00e1s Wi\u00f1aski, pero pronostic\u00f3:&nbsp;<strong>\u201cEstamos en condiciones de ganar en primera vuelta\u201d.<\/strong><\/p>\n","protected":false},"excerpt":{"rendered":"<p>El l\u00edder de La Libertad Avanza y ganador de las PASO advirti\u00f3 que la crisis \u201cest\u00e1 a la vuelta de la esquina\u201d y que, con su desempe\u00f1o, est\u00e1 \u201cen condiciones de ganar la primera vuelta. Javier Milei visit\u00f3 el programa&nbsp;Somos buenos&nbsp;tres d\u00edas despu\u00e9s de convertirse en la gran sorpresa de las PASO. \u201cSi el Gobierno<a class=\"read-more\" href=\"https:\/\/elfederalmendoza.com.ar\/index.php\/2023\/08\/16\/video-el-preocupante-mensaje-de-javier-milei-si-el-gobierno-no-termina-la-gestion-estoy-en-condiciones-de-asumir-manana\/\"> [&hellip;]<\/a><\/p>\n","protected":false},"author":2,"featured_media":26384,"comment_status":"open","ping_status":"open","sticky":false,"template":"","format":"standard","meta":{"footnotes":""},"categories":[5618],"tags":[],"class_list":["post-26382","post","type-post","status-publish","format-standard","has-post-thumbnail","hentry","category-arg"],"rttpg_featured_image_url":{"full":["https:\/\/elfederalmendoza.com.ar\/wp-content\/uploads\/2023\/08\/milei-mensaje.jpg",1113,650,false],"landscape":["https:\/\/elfederalmendoza.com.ar\/wp-content\/uploads\/2023\/08\/milei-mensaje.jpg",1113,650,false],"portraits":["https:\/\/elfederalmendoza.com.ar\/wp-content\/uploads\/2023\/08\/milei-mensaje.jpg",1113,650,false],"thumbnail":["https:\/\/elfederalmendoza.com.ar\/wp-content\/uploads\/2023\/08\/milei-mensaje-150x150.jpg",150,150,true],"medium":["https:\/\/elfederalmendoza.com.ar\/wp-content\/uploads\/2023\/08\/milei-mensaje-300x175.jpg",300,175,true],"large":["https:\/\/elfederalmendoza.com.ar\/wp-content\/uploads\/2023\/08\/milei-mensaje-1024x598.jpg",640,374,true],"1536x1536":["https:\/\/elfederalmendoza.com.ar\/wp-content\/uploads\/2023\/08\/milei-mensaje.jpg",1113,650,false],"2048x2048":["https:\/\/elfederalmendoza.com.ar\/wp-content\/uploads\/2023\/08\/milei-mensaje.jpg",1113,650,false],"ultp_layout_landscape_large":["https:\/\/elfederalmendoza.com.ar\/wp-content\/uploads\/2023\/08\/milei-mensaje.jpg",1113,650,false],"ultp_layout_landscape":["https:\/\/elfederalmendoza.com.ar\/wp-content\/uploads\/2023\/08\/milei-mensaje-870x570.jpg",870,570,true],"ultp_layout_portrait":["https:\/\/elfederalmendoza.com.ar\/wp-content\/uploads\/2023\/08\/milei-mensaje-600x650.jpg",600,650,true],"ultp_layout_square":["https:\/\/elfederalmendoza.com.ar\/wp-content\/uploads\/2023\/08\/milei-mensaje-600x600.jpg",600,600,true],"rpwe-thumbnail":["https:\/\/elfederalmendoza.com.ar\/wp-content\/uploads\/2023\/08\/milei-mensaje-45x45.jpg",45,45,true],"advps-thumb-one":["https:\/\/elfederalmendoza.com.ar\/wp-content\/uploads\/2023\/08\/milei-mensaje-1113x420.jpg",1113,420,true]},"rttpg_author":{"display_name":"Redacci\u00f3n El Federal","author_link":"https:\/\/elfederalmendoza.com.ar\/index.php\/author\/angelflores\/"},"rttpg_comment":0,"rttpg_category":"<a href=\"https:\/\/elfederalmendoza.com.ar\/index.php\/category\/arg\/\" rel=\"category tag\">Argentina<\/a>","rttpg_excerpt":"El l\u00edder de La Libertad Avanza y ganador de las PASO advirti\u00f3 que la crisis \u201cest\u00e1 a la vuelta de la esquina\u201d y que, con su desempe\u00f1o, est\u00e1 \u201cen condiciones de ganar la primera vuelta. Javier Milei visit\u00f3 el programa&nbsp;Somos buenos&nbsp;tres d\u00edas despu\u00e9s de convertirse en la gran sorpresa de las PASO. \u201cSi el Gobierno&hellip;","_links":{"self":[{"href":"https:\/\/elfederalmendoza.com.ar\/index.php\/wp-json\/wp\/v2\/posts\/26382","targetHints":{"allow":["GET"]}}],"collection":[{"href":"https:\/\/elfederalmendoza.com.ar\/index.php\/wp-json\/wp\/v2\/posts"}],"about":[{"href":"https:\/\/elfederalmendoza.com.ar\/index.php\/wp-json\/wp\/v2\/types\/post"}],"author":[{"embeddable":true,"href":"https:\/\/elfederalmendoza.com.ar\/index.php\/wp-json\/wp\/v2\/users\/2"}],"replies":[{"embeddable":true,"href":"https:\/\/elfederalmendoza.com.ar\/index.php\/wp-json\/wp\/v2\/comments?post=26382"}],"version-history":[{"count":1,"href":"https:\/\/elfederalmendoza.com.ar\/index.php\/wp-json\/wp\/v2\/posts\/26382\/revisions"}],"predecessor-version":[{"id":26385,"href":"https:\/\/elfederalmendoza.com.ar\/index.php\/wp-json\/wp\/v2\/posts\/26382\/revisions\/26385"}],"wp:featuredmedia":[{"embeddable":true,"href":"https:\/\/elfederalmendoza.com.ar\/index.php\/wp-json\/wp\/v2\/media\/26384"}],"wp:attachment":[{"href":"https:\/\/elfederalmendoza.com.ar\/index.php\/wp-json\/wp\/v2\/media?parent=26382"}],"wp:term":[{"taxonomy":"category","embeddable":true,"href":"https:\/\/elfederalmendoza.com.ar\/index.php\/wp-json\/wp\/v2\/categories?post=26382"},{"taxonomy":"post_tag","embeddable":true,"href":"https:\/\/elfederalmendoza.com.ar\/index.php\/wp-json\/wp\/v2\/tags?post=26382"}],"curies":[{"name":"wp","href":"https:\/\/api.w.org\/{rel}","templated":true}]}}