{"id":26394,"date":"2023-08-16T08:59:00","date_gmt":"2023-08-16T11:59:00","guid":{"rendered":"https:\/\/elfederalmendoza.com\/?p=26394"},"modified":"2023-08-16T12:18:34","modified_gmt":"2023-08-16T15:18:34","slug":"me-puedo-permitir-un-churrasco-una-vez-por-semana-el-crudo-relato-de-un-jubilado-en-un-canal-kirchnerista","status":"publish","type":"post","link":"https:\/\/elfederalmendoza.com.ar\/index.php\/2023\/08\/16\/me-puedo-permitir-un-churrasco-una-vez-por-semana-el-crudo-relato-de-un-jubilado-en-un-canal-kirchnerista\/","title":{"rendered":"\u00abMe puedo permitir un churrasco una vez por semana\u00bb: el crudo relato de un jubilado en un canal kirchnerista"},"content":{"rendered":"\n<p><strong>Menos de una hora despu\u00e9s de que el INDEC diera a conocer que la inflaci\u00f3n de julio fue del 6,3 por ciento, consumidores expresaron a trav\u00e9s de distintos medios su opini\u00f3n y preocupaci\u00f3n acerca de la suba de los precios de distintos productos de uso cotidiano, impulsada por el alza de un d\u00f3lar imparable.<\/strong><\/p>\n\n\n\n<p>Por caso, en Balvanera, un cronista de C5N se aproxim\u00f3 a un jubilado que estaba dentro de un almac\u00e9n para obtener su testimonio. \u00ab\u00bfHa comprado carne en los \u00faltimos d\u00edas?\u00bb, le pregunt\u00f3.<\/p>\n\n\n\n<p>El hombre, de cabello totalmente blanco, lentes de marco oscuro, campera del mismo color y camisa beige respondi\u00f3 que s\u00ed, que reci\u00e9n lo hab\u00eda hecho.<\/p>\n\n\n\n<p>Fue entonces que revis\u00f3 su abrigo y le mostr\u00f3 al periodista una peque\u00f1a bolsa de polietileno, cerrada con un sencillo nudo con un austero churrasco dentro. \u00abEs muy chiquitito, 600 pesos\u00bb, respondi\u00f3 con sorpresa el periodista, quien revel\u00f3 el precio exacto: $532.<\/p>\n\n\n\n<p>Luego, atin\u00f3 a preguntarle si es jubilado, a lo que el se\u00f1or asinti\u00f3 sin dudarlo. \u00abBusca muchos precios, imagino \u00bfno?\u00bb, repregunt\u00f3 el cronista.<\/p>\n\n\n\n<p>El jubilado, con la mirada baja, escuch\u00f3 la pregunta. Posteriormente la levant\u00f3 hacia su interlocutor y respondi\u00f3: \u00abNaturalmente\u00bb.<\/p>\n\n\n\n<p>El fondo de la escena, un mostrador repleto de alimentos. Salamines colgando, quesos de diversas variedades y otros productos.<\/p>\n\n\n\n<p><strong>Pero el se\u00f1or quiso dar m\u00e1s detalles de su situaci\u00f3n precarizada. \u00abMe puedo permitir un churrasco una vez por semana. Por ejemplo&#8230; \u00bfTe das cuenta?\u00bb.<\/strong><\/p>\n\n\n\n<p>Unos breves segundos dur\u00f3 el silencio que se adue\u00f1\u00f3 de la desgarradora escena en vivo a trav\u00e9s de la pantalla del canal oficialista.<\/p>\n\n\n\n<p>El periodista se despidi\u00f3 de su entrevistado, sali\u00f3 del local y sigui\u00f3 recorriendo el mercadito, que cuenta con otros puestos de comida.<\/p>\n\n\n\n<p>Caminando para atr\u00e1s, mirando a la c\u00e1mara que lo sigue y recordando que Mario, el jubilado que entrevist\u00f3, volvi\u00f3 a su casa con un churrasquito de $532. \u00abNo s\u00e9 cu\u00e1nto pesaba, pero una vez por semana es el gusto que se puede dar\u00bb, esboz\u00f3.<\/p>\n\n\n\n<p>Nuevamente se gener\u00f3 un silencio inc\u00f3modo, que esta vez fue interrumpido por la voz del periodista Diego Brancatelli, quien le pidi\u00f3 a su compa\u00f1ero que contin\u00fae con su informe.<\/p>\n\n\n\n<p>\u00c9ste no respondi\u00f3 y Brancatelli, desde el estudio, aport\u00f3: \u00abEst\u00e1 muy bien el informe y es una realidad, chicos&#8230; Nos duele, bueno&#8230; no s\u00e9&#8230; Es lo que pasa\u00bb.<\/p>\n\n\n\n<p>1 minuto y 2 segundos dura el video que se viraliz\u00f3 en las redes y que resume el impacto de la crisis inflacionaria en medio de la disputa electoral a definirse entre octubre y noviembre.\u00a0<\/p>\n\n\n\n<p>MIR\u00c1 EL VIDEO:<\/p>\n\n\n\n<figure class=\"wp-block-embed is-type-video is-provider-youtube wp-block-embed-youtube wp-embed-aspect-4-3 wp-has-aspect-ratio\"><div class=\"wp-block-embed__wrapper\">\n<iframe loading=\"lazy\" title=\"&quot;Soy jubilado, me puedo permitir un churrasco una vez por semana&quot;\" width=\"640\" height=\"480\" src=\"https:\/\/www.youtube.com\/embed\/7pMysW1qV4M?feature=oembed\" frameborder=\"0\" allow=\"accelerometer; autoplay; clipboard-write; encrypted-media; gyroscope; picture-in-picture; web-share\" referrerpolicy=\"strict-origin-when-cross-origin\" allowfullscreen><\/iframe>\n<\/div><\/figure>\n","protected":false},"excerpt":{"rendered":"<p>Menos de una hora despu\u00e9s de que el INDEC diera a conocer que la inflaci\u00f3n de julio fue del 6,3 por ciento, consumidores expresaron a trav\u00e9s de distintos medios su opini\u00f3n y preocupaci\u00f3n acerca de la suba de los precios de distintos productos de uso cotidiano, impulsada por el alza de un d\u00f3lar imparable. Por<a class=\"read-more\" href=\"https:\/\/elfederalmendoza.com.ar\/index.php\/2023\/08\/16\/me-puedo-permitir-un-churrasco-una-vez-por-semana-el-crudo-relato-de-un-jubilado-en-un-canal-kirchnerista\/\"> [&hellip;]<\/a><\/p>\n","protected":false},"author":2,"featured_media":26396,"comment_status":"open","ping_status":"open","sticky":false,"template":"","format":"standard","meta":{"footnotes":""},"categories":[5618],"tags":[],"class_list":["post-26394","post","type-post","status-publish","format-standard","has-post-thumbnail","hentry","category-arg"],"rttpg_featured_image_url":{"full":["https:\/\/elfederalmendoza.com.ar\/wp-content\/uploads\/2023\/08\/me-puedo-permitir-un-churrasco-una-vez-por-semana-de-que-v0-OGExa2NiMXZ3Y2liMTD2PDAjydZLKSVjN_27JnU4vvgPo_jxB3zD6XjvNWZZ.webp",1080,662,false],"landscape":["https:\/\/elfederalmendoza.com.ar\/wp-content\/uploads\/2023\/08\/me-puedo-permitir-un-churrasco-una-vez-por-semana-de-que-v0-OGExa2NiMXZ3Y2liMTD2PDAjydZLKSVjN_27JnU4vvgPo_jxB3zD6XjvNWZZ.webp",1080,662,false],"portraits":["https:\/\/elfederalmendoza.com.ar\/wp-content\/uploads\/2023\/08\/me-puedo-permitir-un-churrasco-una-vez-por-semana-de-que-v0-OGExa2NiMXZ3Y2liMTD2PDAjydZLKSVjN_27JnU4vvgPo_jxB3zD6XjvNWZZ.webp",1080,662,false],"thumbnail":["https:\/\/elfederalmendoza.com.ar\/wp-content\/uploads\/2023\/08\/me-puedo-permitir-un-churrasco-una-vez-por-semana-de-que-v0-OGExa2NiMXZ3Y2liMTD2PDAjydZLKSVjN_27JnU4vvgPo_jxB3zD6XjvNWZZ-150x150.webp",150,150,true],"medium":["https:\/\/elfederalmendoza.com.ar\/wp-content\/uploads\/2023\/08\/me-puedo-permitir-un-churrasco-una-vez-por-semana-de-que-v0-OGExa2NiMXZ3Y2liMTD2PDAjydZLKSVjN_27JnU4vvgPo_jxB3zD6XjvNWZZ-300x184.webp",300,184,true],"large":["https:\/\/elfederalmendoza.com.ar\/wp-content\/uploads\/2023\/08\/me-puedo-permitir-un-churrasco-una-vez-por-semana-de-que-v0-OGExa2NiMXZ3Y2liMTD2PDAjydZLKSVjN_27JnU4vvgPo_jxB3zD6XjvNWZZ-1024x628.webp",640,393,true],"1536x1536":["https:\/\/elfederalmendoza.com.ar\/wp-content\/uploads\/2023\/08\/me-puedo-permitir-un-churrasco-una-vez-por-semana-de-que-v0-OGExa2NiMXZ3Y2liMTD2PDAjydZLKSVjN_27JnU4vvgPo_jxB3zD6XjvNWZZ.webp",1080,662,false],"2048x2048":["https:\/\/elfederalmendoza.com.ar\/wp-content\/uploads\/2023\/08\/me-puedo-permitir-un-churrasco-una-vez-por-semana-de-que-v0-OGExa2NiMXZ3Y2liMTD2PDAjydZLKSVjN_27JnU4vvgPo_jxB3zD6XjvNWZZ.webp",1080,662,false],"ultp_layout_landscape_large":["https:\/\/elfederalmendoza.com.ar\/wp-content\/uploads\/2023\/08\/me-puedo-permitir-un-churrasco-una-vez-por-semana-de-que-v0-OGExa2NiMXZ3Y2liMTD2PDAjydZLKSVjN_27JnU4vvgPo_jxB3zD6XjvNWZZ.webp",1080,662,false],"ultp_layout_landscape":["https:\/\/elfederalmendoza.com.ar\/wp-content\/uploads\/2023\/08\/me-puedo-permitir-un-churrasco-una-vez-por-semana-de-que-v0-OGExa2NiMXZ3Y2liMTD2PDAjydZLKSVjN_27JnU4vvgPo_jxB3zD6XjvNWZZ-870x570.webp",870,570,true],"ultp_layout_portrait":["https:\/\/elfederalmendoza.com.ar\/wp-content\/uploads\/2023\/08\/me-puedo-permitir-un-churrasco-una-vez-por-semana-de-que-v0-OGExa2NiMXZ3Y2liMTD2PDAjydZLKSVjN_27JnU4vvgPo_jxB3zD6XjvNWZZ-600x662.webp",600,662,true],"ultp_layout_square":["https:\/\/elfederalmendoza.com.ar\/wp-content\/uploads\/2023\/08\/me-puedo-permitir-un-churrasco-una-vez-por-semana-de-que-v0-OGExa2NiMXZ3Y2liMTD2PDAjydZLKSVjN_27JnU4vvgPo_jxB3zD6XjvNWZZ-600x600.webp",600,600,true],"rpwe-thumbnail":["https:\/\/elfederalmendoza.com.ar\/wp-content\/uploads\/2023\/08\/me-puedo-permitir-un-churrasco-una-vez-por-semana-de-que-v0-OGExa2NiMXZ3Y2liMTD2PDAjydZLKSVjN_27JnU4vvgPo_jxB3zD6XjvNWZZ-45x45.webp",45,45,true],"advps-thumb-one":["https:\/\/elfederalmendoza.com.ar\/wp-content\/uploads\/2023\/08\/me-puedo-permitir-un-churrasco-una-vez-por-semana-de-que-v0-OGExa2NiMXZ3Y2liMTD2PDAjydZLKSVjN_27JnU4vvgPo_jxB3zD6XjvNWZZ-1080x420.webp",1080,420,true]},"rttpg_author":{"display_name":"Redacci\u00f3n El Federal","author_link":"https:\/\/elfederalmendoza.com.ar\/index.php\/author\/angelflores\/"},"rttpg_comment":0,"rttpg_category":"<a href=\"https:\/\/elfederalmendoza.com.ar\/index.php\/category\/arg\/\" rel=\"category tag\">Argentina<\/a>","rttpg_excerpt":"Menos de una hora despu\u00e9s de que el INDEC diera a conocer que la inflaci\u00f3n de julio fue del 6,3 por ciento, consumidores expresaron a trav\u00e9s de distintos medios su opini\u00f3n y preocupaci\u00f3n acerca de la suba de los precios de distintos productos de uso cotidiano, impulsada por el alza de un d\u00f3lar imparable. Por&hellip;","_links":{"self":[{"href":"https:\/\/elfederalmendoza.com.ar\/index.php\/wp-json\/wp\/v2\/posts\/26394","targetHints":{"allow":["GET"]}}],"collection":[{"href":"https:\/\/elfederalmendoza.com.ar\/index.php\/wp-json\/wp\/v2\/posts"}],"about":[{"href":"https:\/\/elfederalmendoza.com.ar\/index.php\/wp-json\/wp\/v2\/types\/post"}],"author":[{"embeddable":true,"href":"https:\/\/elfederalmendoza.com.ar\/index.php\/wp-json\/wp\/v2\/users\/2"}],"replies":[{"embeddable":true,"href":"https:\/\/elfederalmendoza.com.ar\/index.php\/wp-json\/wp\/v2\/comments?post=26394"}],"version-history":[{"count":1,"href":"https:\/\/elfederalmendoza.com.ar\/index.php\/wp-json\/wp\/v2\/posts\/26394\/revisions"}],"predecessor-version":[{"id":26397,"href":"https:\/\/elfederalmendoza.com.ar\/index.php\/wp-json\/wp\/v2\/posts\/26394\/revisions\/26397"}],"wp:featuredmedia":[{"embeddable":true,"href":"https:\/\/elfederalmendoza.com.ar\/index.php\/wp-json\/wp\/v2\/media\/26396"}],"wp:attachment":[{"href":"https:\/\/elfederalmendoza.com.ar\/index.php\/wp-json\/wp\/v2\/media?parent=26394"}],"wp:term":[{"taxonomy":"category","embeddable":true,"href":"https:\/\/elfederalmendoza.com.ar\/index.php\/wp-json\/wp\/v2\/categories?post=26394"},{"taxonomy":"post_tag","embeddable":true,"href":"https:\/\/elfederalmendoza.com.ar\/index.php\/wp-json\/wp\/v2\/tags?post=26394"}],"curies":[{"name":"wp","href":"https:\/\/api.w.org\/{rel}","templated":true}]}}