{"id":26406,"date":"2023-08-16T18:33:43","date_gmt":"2023-08-16T21:33:43","guid":{"rendered":"https:\/\/elfederalmendoza.com\/?p=26406"},"modified":"2023-08-16T18:33:44","modified_gmt":"2023-08-16T21:33:44","slug":"sergio-massa-en-la-mira-ante-la-subida-del-dolar-y-la-grave-crisis-legisladores-k-le-piden-su-renuncia","status":"publish","type":"post","link":"https:\/\/elfederalmendoza.com.ar\/index.php\/2023\/08\/16\/sergio-massa-en-la-mira-ante-la-subida-del-dolar-y-la-grave-crisis-legisladores-k-le-piden-su-renuncia\/","title":{"rendered":"Sergio Massa en la mira: ante la subida del d\u00f3lar y la grave crisis, legisladores K le piden su renuncia"},"content":{"rendered":"\n<p>Luego de la derrota de Uni\u00f3n por la Patria en las PASO, dos legisladores le pidieron a Sergio Massa que deje el Ministerio. El pedido despert\u00f3 la furia del massismo.<\/p>\n\n\n\n<p>Al menos dos dirigentes del peronismo pidieron la renuncia de\u00a0<strong>Sergio Massa<\/strong>\u00a0a cargo del\u00a0<strong>Ministro de Econom\u00eda,<\/strong>\u00a0luego de la derrota en las elecciones. En el\u00a0<strong>Frente Renovador<\/strong>\u00a0no escondieron su malestar con los dichos y aclararon que se trata de algunas opiniones individuales.\u00a0\u00abAlgunos nos dedicamos a gobernar y otros a declarar\u00bb, dijo un funcionario cercano al tigrense.<\/p>\n\n\n\n<p>Una de las declaraciones que m\u00e1s llam\u00f3 la atenci\u00f3n fue la del diputado Eduardo Vald\u00e9s (Frente de Todos), que debe renovar su banca&nbsp;y va segundo en la lista de diputados, por debajo de la camporista Paula Penacca.<\/p>\n\n\n\n<p>\u201cLe voy a pedir a&nbsp;<strong>Sergio Massa&nbsp;<\/strong>que termine su&nbsp;viaje y baje al llano y deje el Ministerio de Econom\u00eda en manos de otros\u201d, afirm\u00f3 ayer el legislador del oficialismo. \u201cA veces habla por la Casa Rosada, a veces habla por Wi\u00f1azki (periodista del diario Clar\u00edn y la se\u00f1al TN)\u201d, contestaron de forma informal los voceros del macrismo ante la consulta de MDZ. El diputado fue consultado sobre sus declaraciones por este medio, pero no consigui\u00f3 respuesta.<\/p>\n\n\n\n<p>\u201cNosotros llegamos a la elecci\u00f3n en un momento de ascenso en la imagen de&nbsp;<strong>Sergio (Massa)<\/strong>, y logramos estar entre los tres que pueden pelear la Presidencia. Esas declaraciones en este contexto, no aportan en nada\u201d, agregaron desde el entorno del massimo. Adem\u00e1s, insistieron que se trat\u00f3 de \u201cuna declaraci\u00f3n propia, que no tiene ning\u00fan tipo de peso en la coalici\u00f3n\u201d.<\/p>\n\n\n\n<figure class=\"wp-block-image is-resized\"><img loading=\"lazy\" decoding=\"async\" src=\"https:\/\/www.mdzol.com\/u\/fotografias\/m\/2022\/2\/21\/f768x556-1180480_1241499_4128.jpg\" alt=\"\" width=\"838\" height=\"607\"\/><figcaption class=\"wp-element-caption\">PLAINI: \u201cMASSA TENDR\u00cdA QUE DARLE AL MINISTERIO DE ECONOM\u00cdA UNA PERSONA DE CONFIANZA\u201d. CR\u00c9DITO: TWITTER<\/figcaption><\/figure>\n\n\n\n<p>\u201cNecesitamos un candidato que no tenga la responsabilidad todos los d\u00edas del Ministerio de Econom\u00eda. Hizo lo inimaginable para sacar todos los puntos que sacamos\u201d, coment\u00f3 Vald\u00e9s en C5N. Sin embargo, sostuvo que le pide \u201cal ministro que cuando vuelva de Estados Unidos sea candidato\u201d.<\/p>\n\n\n\n<p>Otro de los dirigentes que sugiri\u00f3 que&nbsp;<strong>Massa<\/strong>&nbsp;no es adecuado para estar a cargo del Palacio de Hacienda fue Omar Plaini. \u201c<strong>Massa&nbsp;<\/strong>tendr\u00eda que darle al<strong>&nbsp;Ministerio de Econom\u00eda<\/strong>&nbsp;una persona de confianza\u201d, coment\u00f3 en una entrevista con la radio AM530.<\/p>\n\n\n\n<p>En un hilo de tuits, el l\u00edder canillita aclar\u00f3 que en ning\u00fan momento pidi\u00f3 la renuncia de&nbsp;<strong>Massa<\/strong>. \u201cLo que plante\u00e9 como opini\u00f3n es sugerir que pueda dejar a alguien de su extrema confianza, para que pueda recorrer el pa\u00eds llevando la propuesta de Uni\u00f3n por la Patria a cada rinc\u00f3n\u201d.<\/p>\n\n\n\n<p>La intenci\u00f3n de Plaini es que&nbsp;<strong>Massa&nbsp;<\/strong>\u201cpueda tener esa libertad de realizar la campa\u00f1a a lo largo y a lo ancho, no es pedir la renuncia\u201d. \u201cLa urgencia es llevar tranquilidad a los mercados y frenar a los especuladores. La importancia es que&nbsp;<strong>Sergio Massa<\/strong>&nbsp;lleve la propuesta a toda la Argentina de Uni\u00f3n por la Patria\u00bb.TEMAS<\/p>\n","protected":false},"excerpt":{"rendered":"<p>Luego de la derrota de Uni\u00f3n por la Patria en las PASO, dos legisladores le pidieron a Sergio Massa que deje el Ministerio. El pedido despert\u00f3 la furia del massismo. Al menos dos dirigentes del peronismo pidieron la renuncia de\u00a0Sergio Massa\u00a0a cargo del\u00a0Ministro de Econom\u00eda,\u00a0luego de la derrota en las elecciones. En el\u00a0Frente Renovador\u00a0no escondieron<a class=\"read-more\" href=\"https:\/\/elfederalmendoza.com.ar\/index.php\/2023\/08\/16\/sergio-massa-en-la-mira-ante-la-subida-del-dolar-y-la-grave-crisis-legisladores-k-le-piden-su-renuncia\/\"> [&hellip;]<\/a><\/p>\n","protected":false},"author":2,"featured_media":26408,"comment_status":"open","ping_status":"open","sticky":false,"template":"","format":"standard","meta":{"footnotes":""},"categories":[5618],"tags":[],"class_list":["post-26406","post","type-post","status-publish","format-standard","has-post-thumbnail","hentry","category-arg"],"rttpg_featured_image_url":{"full":["https:\/\/elfederalmendoza.com.ar\/wp-content\/uploads\/2023\/08\/en-la-mira1.jpg",1199,670,false],"landscape":["https:\/\/elfederalmendoza.com.ar\/wp-content\/uploads\/2023\/08\/en-la-mira1.jpg",1199,670,false],"portraits":["https:\/\/elfederalmendoza.com.ar\/wp-content\/uploads\/2023\/08\/en-la-mira1.jpg",1199,670,false],"thumbnail":["https:\/\/elfederalmendoza.com.ar\/wp-content\/uploads\/2023\/08\/en-la-mira1-150x150.jpg",150,150,true],"medium":["https:\/\/elfederalmendoza.com.ar\/wp-content\/uploads\/2023\/08\/en-la-mira1-300x168.jpg",300,168,true],"large":["https:\/\/elfederalmendoza.com.ar\/wp-content\/uploads\/2023\/08\/en-la-mira1-1024x572.jpg",640,358,true],"1536x1536":["https:\/\/elfederalmendoza.com.ar\/wp-content\/uploads\/2023\/08\/en-la-mira1.jpg",1199,670,false],"2048x2048":["https:\/\/elfederalmendoza.com.ar\/wp-content\/uploads\/2023\/08\/en-la-mira1.jpg",1199,670,false],"ultp_layout_landscape_large":["https:\/\/elfederalmendoza.com.ar\/wp-content\/uploads\/2023\/08\/en-la-mira1.jpg",1199,670,false],"ultp_layout_landscape":["https:\/\/elfederalmendoza.com.ar\/wp-content\/uploads\/2023\/08\/en-la-mira1-870x570.jpg",870,570,true],"ultp_layout_portrait":["https:\/\/elfederalmendoza.com.ar\/wp-content\/uploads\/2023\/08\/en-la-mira1-600x670.jpg",600,670,true],"ultp_layout_square":["https:\/\/elfederalmendoza.com.ar\/wp-content\/uploads\/2023\/08\/en-la-mira1-600x600.jpg",600,600,true],"rpwe-thumbnail":["https:\/\/elfederalmendoza.com.ar\/wp-content\/uploads\/2023\/08\/en-la-mira1-45x45.jpg",45,45,true],"advps-thumb-one":["https:\/\/elfederalmendoza.com.ar\/wp-content\/uploads\/2023\/08\/en-la-mira1-1199x420.jpg",1199,420,true]},"rttpg_author":{"display_name":"Redacci\u00f3n El Federal","author_link":"https:\/\/elfederalmendoza.com.ar\/index.php\/author\/angelflores\/"},"rttpg_comment":0,"rttpg_category":"<a href=\"https:\/\/elfederalmendoza.com.ar\/index.php\/category\/arg\/\" rel=\"category tag\">Argentina<\/a>","rttpg_excerpt":"Luego de la derrota de Uni\u00f3n por la Patria en las PASO, dos legisladores le pidieron a Sergio Massa que deje el Ministerio. El pedido despert\u00f3 la furia del massismo. Al menos dos dirigentes del peronismo pidieron la renuncia de\u00a0Sergio Massa\u00a0a cargo del\u00a0Ministro de Econom\u00eda,\u00a0luego de la derrota en las elecciones. En el\u00a0Frente Renovador\u00a0no escondieron&hellip;","_links":{"self":[{"href":"https:\/\/elfederalmendoza.com.ar\/index.php\/wp-json\/wp\/v2\/posts\/26406","targetHints":{"allow":["GET"]}}],"collection":[{"href":"https:\/\/elfederalmendoza.com.ar\/index.php\/wp-json\/wp\/v2\/posts"}],"about":[{"href":"https:\/\/elfederalmendoza.com.ar\/index.php\/wp-json\/wp\/v2\/types\/post"}],"author":[{"embeddable":true,"href":"https:\/\/elfederalmendoza.com.ar\/index.php\/wp-json\/wp\/v2\/users\/2"}],"replies":[{"embeddable":true,"href":"https:\/\/elfederalmendoza.com.ar\/index.php\/wp-json\/wp\/v2\/comments?post=26406"}],"version-history":[{"count":1,"href":"https:\/\/elfederalmendoza.com.ar\/index.php\/wp-json\/wp\/v2\/posts\/26406\/revisions"}],"predecessor-version":[{"id":26409,"href":"https:\/\/elfederalmendoza.com.ar\/index.php\/wp-json\/wp\/v2\/posts\/26406\/revisions\/26409"}],"wp:featuredmedia":[{"embeddable":true,"href":"https:\/\/elfederalmendoza.com.ar\/index.php\/wp-json\/wp\/v2\/media\/26408"}],"wp:attachment":[{"href":"https:\/\/elfederalmendoza.com.ar\/index.php\/wp-json\/wp\/v2\/media?parent=26406"}],"wp:term":[{"taxonomy":"category","embeddable":true,"href":"https:\/\/elfederalmendoza.com.ar\/index.php\/wp-json\/wp\/v2\/categories?post=26406"},{"taxonomy":"post_tag","embeddable":true,"href":"https:\/\/elfederalmendoza.com.ar\/index.php\/wp-json\/wp\/v2\/tags?post=26406"}],"curies":[{"name":"wp","href":"https:\/\/api.w.org\/{rel}","templated":true}]}}