{"id":26433,"date":"2023-08-17T06:47:00","date_gmt":"2023-08-17T09:47:00","guid":{"rendered":"https:\/\/elfederalmendoza.com\/?p=26433"},"modified":"2023-08-17T11:55:59","modified_gmt":"2023-08-17T14:55:59","slug":"empeoro-la-salud-de-silvina-luna-en-terapia-intensiva-y-un-nuevo-problema-agravo-el-cuadro-piden-cadena-de-oracion","status":"publish","type":"post","link":"https:\/\/elfederalmendoza.com.ar\/index.php\/2023\/08\/17\/empeoro-la-salud-de-silvina-luna-en-terapia-intensiva-y-un-nuevo-problema-agravo-el-cuadro-piden-cadena-de-oracion\/","title":{"rendered":"Empeor\u00f3 la salud de Silvina Luna en terapia intensiva y un nuevo problema agrav\u00f3 el cuadro: Piden cadena de oraci\u00f3n"},"content":{"rendered":"\n<p><strong>Silvina Luna<\/strong> se encuentra hospitalizada por problemas de salud causados por una mala praxis y su salud se complic\u00f3 por infecciones intrahospitalarias.<\/p>\n\n\n\n<p><strong>El hermano de Silvina Luna, Ezequiel, es el \u00fanico que\u00a0acompa\u00f1a a la modelo a dos meses de su internaci\u00f3n<\/strong>, luego que decidi\u00f3 dejar de recibir visitas por su d\u00e9bil estado. De esta manera, en distintas oportunidades su familiar directo, de perfil bajo, comunica c\u00f3mo atraviesa este dif\u00edcil momento en el Hospital Italiano de Buenos Aires.\u00a0Silvina Luna contin\u00faa en grave estado de salud<\/p>\n\n\n\n<p>A su vez, Yasmine Abraham detall\u00f3 en\u00a0<em>Mitre Informa Primero<\/em>\u00a0por Radio Mitre, que<strong>\u00a0hubo un retroceso en la salud de Silvina Luna<\/strong>.\u00a0<strong>\u201cAhora su sistema digestivo presenta fallas<\/strong>. A este cuadro, se le suma que<strong>\u00a0ingiere tanta cantidad de antibi\u00f3ticos\u00a0<\/strong>para poder combatir la bacteria,\u00a0<strong>que le provocan fuertes dolores de est\u00f3mago\u201d, detall\u00f3\u00a0<\/strong>la cronista.<\/p>\n\n\n\n<p>Luego,\u00a0<strong>continu\u00f3: \u201cEst\u00e1 consciente. Se comunica poco con su hermano que es quien la acompa\u00f1a desde el primer d\u00eda<\/strong>\u00a0y hasta el momento no la intubaron\u201d.\u00a0<strong>\u201cEl lunes tuvo que volver a terapia intensiva\u00a0<\/strong>porque se lo hab\u00eda infectado un cat\u00e9ter que tiene colocado en el brazo\u201d,\u00a0<strong>concluy\u00f3 sobre las \u00faltimas noticias de la modelo<\/strong>.\u00a0Se agrav\u00f3 la salud de Silvina Luna, tendr\u00e1n que operarla y preocup\u00f3 a todos: \u201cSe infect\u00f3\u201d<\/p>\n\n\n\n<p>Adem\u00e1s,<strong>\u00a0desde el c\u00edrculo \u00edntimo de Silvina Luna\u00a0pidieron reforzar la cadena de oraci\u00f3n en medio del delicado estado de salud<\/strong>que atraviesa. Las oraciones fueron una de las solicitudes m\u00e1s hechas por quienes la acompa\u00f1an, incluso sus amigos se limitaron a hablar de la joven para poder se\u00f1alar la importancia del requerimiento.<\/p>\n","protected":false},"excerpt":{"rendered":"<p>Silvina Luna se encuentra hospitalizada por problemas de salud causados por una mala praxis y su salud se complic\u00f3 por infecciones intrahospitalarias. El hermano de Silvina Luna, Ezequiel, es el \u00fanico que\u00a0acompa\u00f1a a la modelo a dos meses de su internaci\u00f3n, luego que decidi\u00f3 dejar de recibir visitas por su d\u00e9bil estado. De esta manera,<a class=\"read-more\" href=\"https:\/\/elfederalmendoza.com.ar\/index.php\/2023\/08\/17\/empeoro-la-salud-de-silvina-luna-en-terapia-intensiva-y-un-nuevo-problema-agravo-el-cuadro-piden-cadena-de-oracion\/\"> [&hellip;]<\/a><\/p>\n","protected":false},"author":2,"featured_media":26440,"comment_status":"open","ping_status":"open","sticky":false,"template":"","format":"standard","meta":{"footnotes":""},"categories":[5618],"tags":[],"class_list":["post-26433","post","type-post","status-publish","format-standard","has-post-thumbnail","hentry","category-arg"],"rttpg_featured_image_url":{"full":["https:\/\/elfederalmendoza.com.ar\/wp-content\/uploads\/2023\/08\/silvina-luna.jpg",976,580,false],"landscape":["https:\/\/elfederalmendoza.com.ar\/wp-content\/uploads\/2023\/08\/silvina-luna.jpg",976,580,false],"portraits":["https:\/\/elfederalmendoza.com.ar\/wp-content\/uploads\/2023\/08\/silvina-luna.jpg",976,580,false],"thumbnail":["https:\/\/elfederalmendoza.com.ar\/wp-content\/uploads\/2023\/08\/silvina-luna-150x150.jpg",150,150,true],"medium":["https:\/\/elfederalmendoza.com.ar\/wp-content\/uploads\/2023\/08\/silvina-luna-300x178.jpg",300,178,true],"large":["https:\/\/elfederalmendoza.com.ar\/wp-content\/uploads\/2023\/08\/silvina-luna.jpg",640,380,false],"1536x1536":["https:\/\/elfederalmendoza.com.ar\/wp-content\/uploads\/2023\/08\/silvina-luna.jpg",976,580,false],"2048x2048":["https:\/\/elfederalmendoza.com.ar\/wp-content\/uploads\/2023\/08\/silvina-luna.jpg",976,580,false],"ultp_layout_landscape_large":["https:\/\/elfederalmendoza.com.ar\/wp-content\/uploads\/2023\/08\/silvina-luna.jpg",976,580,false],"ultp_layout_landscape":["https:\/\/elfederalmendoza.com.ar\/wp-content\/uploads\/2023\/08\/silvina-luna-870x570.jpg",870,570,true],"ultp_layout_portrait":["https:\/\/elfederalmendoza.com.ar\/wp-content\/uploads\/2023\/08\/silvina-luna-600x580.jpg",600,580,true],"ultp_layout_square":["https:\/\/elfederalmendoza.com.ar\/wp-content\/uploads\/2023\/08\/silvina-luna-600x580.jpg",600,580,true],"rpwe-thumbnail":["https:\/\/elfederalmendoza.com.ar\/wp-content\/uploads\/2023\/08\/silvina-luna-45x45.jpg",45,45,true],"advps-thumb-one":["https:\/\/elfederalmendoza.com.ar\/wp-content\/uploads\/2023\/08\/silvina-luna-976x420.jpg",976,420,true]},"rttpg_author":{"display_name":"Redacci\u00f3n El Federal","author_link":"https:\/\/elfederalmendoza.com.ar\/index.php\/author\/angelflores\/"},"rttpg_comment":0,"rttpg_category":"<a href=\"https:\/\/elfederalmendoza.com.ar\/index.php\/category\/arg\/\" rel=\"category tag\">Argentina<\/a>","rttpg_excerpt":"Silvina Luna se encuentra hospitalizada por problemas de salud causados por una mala praxis y su salud se complic\u00f3 por infecciones intrahospitalarias. El hermano de Silvina Luna, Ezequiel, es el \u00fanico que\u00a0acompa\u00f1a a la modelo a dos meses de su internaci\u00f3n, luego que decidi\u00f3 dejar de recibir visitas por su d\u00e9bil estado. De esta manera,&hellip;","_links":{"self":[{"href":"https:\/\/elfederalmendoza.com.ar\/index.php\/wp-json\/wp\/v2\/posts\/26433","targetHints":{"allow":["GET"]}}],"collection":[{"href":"https:\/\/elfederalmendoza.com.ar\/index.php\/wp-json\/wp\/v2\/posts"}],"about":[{"href":"https:\/\/elfederalmendoza.com.ar\/index.php\/wp-json\/wp\/v2\/types\/post"}],"author":[{"embeddable":true,"href":"https:\/\/elfederalmendoza.com.ar\/index.php\/wp-json\/wp\/v2\/users\/2"}],"replies":[{"embeddable":true,"href":"https:\/\/elfederalmendoza.com.ar\/index.php\/wp-json\/wp\/v2\/comments?post=26433"}],"version-history":[{"count":1,"href":"https:\/\/elfederalmendoza.com.ar\/index.php\/wp-json\/wp\/v2\/posts\/26433\/revisions"}],"predecessor-version":[{"id":26441,"href":"https:\/\/elfederalmendoza.com.ar\/index.php\/wp-json\/wp\/v2\/posts\/26433\/revisions\/26441"}],"wp:featuredmedia":[{"embeddable":true,"href":"https:\/\/elfederalmendoza.com.ar\/index.php\/wp-json\/wp\/v2\/media\/26440"}],"wp:attachment":[{"href":"https:\/\/elfederalmendoza.com.ar\/index.php\/wp-json\/wp\/v2\/media?parent=26433"}],"wp:term":[{"taxonomy":"category","embeddable":true,"href":"https:\/\/elfederalmendoza.com.ar\/index.php\/wp-json\/wp\/v2\/categories?post=26433"},{"taxonomy":"post_tag","embeddable":true,"href":"https:\/\/elfederalmendoza.com.ar\/index.php\/wp-json\/wp\/v2\/tags?post=26433"}],"curies":[{"name":"wp","href":"https:\/\/api.w.org\/{rel}","templated":true}]}}