{"id":26468,"date":"2023-08-18T10:42:07","date_gmt":"2023-08-18T13:42:07","guid":{"rendered":"https:\/\/elfederalmendoza.com\/?p=26468"},"modified":"2023-08-18T10:42:07","modified_gmt":"2023-08-18T13:42:07","slug":"pronostico-del-tiempo-en-mendoza-se-esperan-eventos-exagerados-y-extraordinarios-para-el-fin-de-semana","status":"publish","type":"post","link":"https:\/\/elfederalmendoza.com.ar\/index.php\/2023\/08\/18\/pronostico-del-tiempo-en-mendoza-se-esperan-eventos-exagerados-y-extraordinarios-para-el-fin-de-semana\/","title":{"rendered":"Pron\u00f3stico del tiempo en Mendoza: Se esperan eventos \u00abexagerados y extraordinarios\u00bb para el fin de semana"},"content":{"rendered":"\n<p>Durante este fin de semana largo se esperan\u00a0<strong>eventos clim\u00e1ticos\u00a0que ser\u00e1n \u00abexagerados y extraordinarios\u00bb<\/strong>\u00a0en Mendoza. El meteor\u00f3logo Federico Norte detall\u00f3 que se sentir\u00e1 el impacto del\u00a0<strong>fen\u00f3meno del Ni\u00f1o<\/strong>, que llegar\u00e1 con lluvias fuera de lo com\u00fan e intensas nevadas en la cordillera. Adem\u00e1s, adelant\u00f3 que hay\u00a0<strong>76% de probabilidad que el viento Zonda baje al llano<\/strong>\u00a0entre el domingo y el lunes.<\/p>\n\n\n\n<p>\u00abVa a ser extraordinario este fen\u00f3meno del Ni\u00f1o\u00bb, indic\u00f3 Norte a&nbsp;<em>Radio Nihuil&nbsp;<\/em>y agreg\u00f3: \u00abEn Mendoza el impacto se va a empezar a notar en este fin de semana largo<strong>&nbsp;con gran inestabilidad en la monta\u00f1a con nevadas y viento Zonda exagerados<\/strong>\u00ab.<\/p>\n\n\n\n<p>El temporal en la cordillera comenzar\u00e1 el s\u00e1bado y se extender\u00e1 por lo menos hasta el mi\u00e9rcoles 23: \u00abVa a ser muy intenso y prolongado. Hay modelos que anuncian&nbsp;<strong>lluvias en zonas cordilleranas cercanas a Uspallata y Potrerillos<\/strong>, con&nbsp;<strong>valores fuera de lo com\u00fan&nbsp;<\/strong>durante este fin de semana largo\u00bb, dijo Norte.<\/p>\n\n\n\n<figure class=\"wp-block-image\"><img decoding=\"async\" src=\"https:\/\/media.diariouno.com.ar\/p\/7e8bace1f978568940e7c6fc5d6e51b8\/adjuntos\/298\/imagenes\/009\/212\/0009212754\/1200x0\/smart\/lluvia-las-herasjpg.jpg\" alt=\"En zonas cercanas a Potrerillos y Uspallata se esperan lluvias fuera de lo normal durante este fin de semana largo. Imagen ilustrativa.\" title=\"En zonas cercanas a Potrerillos y Uspallata se esperan lluvias fuera de lo normal durante este fin de semana largo. Imagen ilustrativa.\"\/><\/figure>\n\n\n\n<p>En zonas cercanas a Potrerillos y Uspallata se esperan lluvias fuera de lo normal durante este fin de semana largo<\/p>\n\n\n\n<p>Adem\u00e1s, adelant\u00f3 y alert\u00f3 sobre una situaci\u00f3n que afecta a todos los mendocinos: \u00abPara el&nbsp;<strong>lunes&nbsp;<\/strong>21, que afortunadamente es feriado,&nbsp;<strong>hay 76% de probabilidad que el viento Zonda baje al llano.<\/strong>&nbsp;Podr\u00eda aparecer el domingo en la tarde o en la noche y se mantendr\u00e1 gran parte del lunes\u00bb.<\/p>\n\n\n\n<h2 class=\"wp-block-heading\">El pron\u00f3stico del tiempo en Mendoza d\u00eda por d\u00eda<\/h2>\n\n\n\n<p>Para este viernes habr\u00e1 nubosidad variable y fr\u00edo, y desde el&nbsp;<strong>s\u00e1bado&nbsp;<\/strong>comienzan a cambiar las condiciones: \u00abla temperatura<strong>&nbsp;m\u00ednima ser\u00e1 de 5 grados y la m\u00e1xima llegar\u00eda a los 16 grados<\/strong>&nbsp;con nubosidad variable; y empieza a manifestarse el Zonda en altura, adem\u00e1s de intensificarse las<strong>&nbsp;nevadas en la cordillera<\/strong>\u00ab, expres\u00f3 Norte respecto al inicio del fin de semana.<\/p>\n\n\n\n<p>El&nbsp;<strong>domingo<\/strong>, para cuando habr\u00e1 festejos por el D\u00eda de las Infancias, hay probabilidad de<strong>&nbsp;lluvias durante la ma\u00f1ana, y Zonda en el llano<\/strong>&nbsp;desde la tarde o noche. Adem\u00e1s, en la alta monta\u00f1a, seguir\u00e1n las intensas nevadas.<\/p>\n\n\n\n<p><strong>\u00abEs muy impresionante lo que puede pasar en la monta\u00f1a mendocina\u00bb (Norte)<\/strong><\/p>\n\n\n\n<figure class=\"wp-block-image\"><img decoding=\"async\" src=\"https:\/\/media.diariouno.com.ar\/p\/cda0aa45d0825aa4bc9e3f1d06b3b0c6\/adjuntos\/298\/imagenes\/009\/045\/0009045720\/1200x0\/smart\/viento-zonda-mendoza-2jpeg.jpeg\" alt=\"Hay 76% de probabilidad que el viento Zonda baje al llano entre la tarde del domingo y el lunes. Imagen ilustrativa.\" title=\"Hay 76% de probabilidad que el viento Zonda baje al llano entre la tarde del domingo y el lunes. Imagen ilustrativa.\"\/><\/figure>\n\n\n\n<p>Hay 76% de probabilidad que el viento Zonda baje al llano entre la tarde del domingo y el lunes<\/p>\n\n\n\n<p>Para el&nbsp;<strong>lunes<\/strong>, como consecuencia del viento Zonda, \u00abse espera que la temperatura&nbsp;<strong>m\u00ednima sea elevada entre 12 y 14 grados<\/strong>&nbsp;y la m\u00e1xima depender\u00e1 de la de la intensidad del Zonda, pero&nbsp;<strong>alcanzar\u00eda los 26 o 28 grados<\/strong>. Adem\u00e1s, grandes precipitaciones en la monta\u00f1a\u00bb, se\u00f1al\u00f3 el meteor\u00f3logo.<\/p>\n\n\n\n<p>Y agreg\u00f3: \u00ab<strong>Es muy impresionante lo que puede pasar en la monta\u00f1a mendocina<\/strong>&nbsp;con esta situaci\u00f3n, que&nbsp;<strong>ser\u00eda la primera se\u00f1al del Ni\u00f1o intenso en nuestra regi\u00f3n<\/strong>. Los fen\u00f3menos pueden ser extraordinarios\u00bb.<\/p>\n\n\n\n<figure class=\"wp-block-image\"><img decoding=\"async\" src=\"https:\/\/media.diariouno.com.ar\/p\/d0a0db4dae0b4c02641ca372832c443a\/adjuntos\/298\/imagenes\/009\/202\/0009202728\/1200x0\/smart\/paso-chile-nievejpg.jpg\" alt=\"Algunos modelos indicaron que la acumulaci\u00f3n de nieve en la alta monta\u00f1a puede llegar al 1,5 metros. Imagen ilustrativa.\" title=\"Algunos modelos indicaron que la acumulaci\u00f3n de nieve en la alta monta\u00f1a puede llegar al 1,5 metros. Imagen ilustrativa.\"\/><\/figure>\n\n\n\n<p>Algunos modelos indicaron que la acumulaci\u00f3n de nieve en la alta monta\u00f1a puede llegar al 1,5 metros<\/p>\n","protected":false},"excerpt":{"rendered":"<p>Durante este fin de semana largo se esperan\u00a0eventos clim\u00e1ticos\u00a0que ser\u00e1n \u00abexagerados y extraordinarios\u00bb\u00a0en Mendoza. El meteor\u00f3logo Federico Norte detall\u00f3 que se sentir\u00e1 el impacto del\u00a0fen\u00f3meno del Ni\u00f1o, que llegar\u00e1 con lluvias fuera de lo com\u00fan e intensas nevadas en la cordillera. Adem\u00e1s, adelant\u00f3 que hay\u00a076% de probabilidad que el viento Zonda baje al llano\u00a0entre el<a class=\"read-more\" href=\"https:\/\/elfederalmendoza.com.ar\/index.php\/2023\/08\/18\/pronostico-del-tiempo-en-mendoza-se-esperan-eventos-exagerados-y-extraordinarios-para-el-fin-de-semana\/\"> [&hellip;]<\/a><\/p>\n","protected":false},"author":2,"featured_media":26470,"comment_status":"open","ping_status":"open","sticky":false,"template":"","format":"standard","meta":{"footnotes":""},"categories":[1],"tags":[],"class_list":["post-26468","post","type-post","status-publish","format-standard","has-post-thumbnail","hentry","category-mza"],"rttpg_featured_image_url":{"full":["https:\/\/elfederalmendoza.com.ar\/wp-content\/uploads\/2023\/08\/viento-zonda6.jpg",1262,675,false],"landscape":["https:\/\/elfederalmendoza.com.ar\/wp-content\/uploads\/2023\/08\/viento-zonda6.jpg",1262,675,false],"portraits":["https:\/\/elfederalmendoza.com.ar\/wp-content\/uploads\/2023\/08\/viento-zonda6.jpg",1262,675,false],"thumbnail":["https:\/\/elfederalmendoza.com.ar\/wp-content\/uploads\/2023\/08\/viento-zonda6-150x150.jpg",150,150,true],"medium":["https:\/\/elfederalmendoza.com.ar\/wp-content\/uploads\/2023\/08\/viento-zonda6-300x160.jpg",300,160,true],"large":["https:\/\/elfederalmendoza.com.ar\/wp-content\/uploads\/2023\/08\/viento-zonda6-1024x548.jpg",640,343,true],"1536x1536":["https:\/\/elfederalmendoza.com.ar\/wp-content\/uploads\/2023\/08\/viento-zonda6.jpg",1262,675,false],"2048x2048":["https:\/\/elfederalmendoza.com.ar\/wp-content\/uploads\/2023\/08\/viento-zonda6.jpg",1262,675,false],"ultp_layout_landscape_large":["https:\/\/elfederalmendoza.com.ar\/wp-content\/uploads\/2023\/08\/viento-zonda6-1200x675.jpg",1200,675,true],"ultp_layout_landscape":["https:\/\/elfederalmendoza.com.ar\/wp-content\/uploads\/2023\/08\/viento-zonda6-870x570.jpg",870,570,true],"ultp_layout_portrait":["https:\/\/elfederalmendoza.com.ar\/wp-content\/uploads\/2023\/08\/viento-zonda6-600x675.jpg",600,675,true],"ultp_layout_square":["https:\/\/elfederalmendoza.com.ar\/wp-content\/uploads\/2023\/08\/viento-zonda6-600x600.jpg",600,600,true],"rpwe-thumbnail":["https:\/\/elfederalmendoza.com.ar\/wp-content\/uploads\/2023\/08\/viento-zonda6-45x45.jpg",45,45,true],"advps-thumb-one":["https:\/\/elfederalmendoza.com.ar\/wp-content\/uploads\/2023\/08\/viento-zonda6-1200x420.jpg",1200,420,true]},"rttpg_author":{"display_name":"Redacci\u00f3n El Federal","author_link":"https:\/\/elfederalmendoza.com.ar\/index.php\/author\/angelflores\/"},"rttpg_comment":0,"rttpg_category":"<a href=\"https:\/\/elfederalmendoza.com.ar\/index.php\/category\/mza\/\" rel=\"category tag\">Mendoza<\/a>","rttpg_excerpt":"Durante este fin de semana largo se esperan\u00a0eventos clim\u00e1ticos\u00a0que ser\u00e1n \u00abexagerados y extraordinarios\u00bb\u00a0en Mendoza. El meteor\u00f3logo Federico Norte detall\u00f3 que se sentir\u00e1 el impacto del\u00a0fen\u00f3meno del Ni\u00f1o, que llegar\u00e1 con lluvias fuera de lo com\u00fan e intensas nevadas en la cordillera. Adem\u00e1s, adelant\u00f3 que hay\u00a076% de probabilidad que el viento Zonda baje al llano\u00a0entre el&hellip;","_links":{"self":[{"href":"https:\/\/elfederalmendoza.com.ar\/index.php\/wp-json\/wp\/v2\/posts\/26468","targetHints":{"allow":["GET"]}}],"collection":[{"href":"https:\/\/elfederalmendoza.com.ar\/index.php\/wp-json\/wp\/v2\/posts"}],"about":[{"href":"https:\/\/elfederalmendoza.com.ar\/index.php\/wp-json\/wp\/v2\/types\/post"}],"author":[{"embeddable":true,"href":"https:\/\/elfederalmendoza.com.ar\/index.php\/wp-json\/wp\/v2\/users\/2"}],"replies":[{"embeddable":true,"href":"https:\/\/elfederalmendoza.com.ar\/index.php\/wp-json\/wp\/v2\/comments?post=26468"}],"version-history":[{"count":1,"href":"https:\/\/elfederalmendoza.com.ar\/index.php\/wp-json\/wp\/v2\/posts\/26468\/revisions"}],"predecessor-version":[{"id":26471,"href":"https:\/\/elfederalmendoza.com.ar\/index.php\/wp-json\/wp\/v2\/posts\/26468\/revisions\/26471"}],"wp:featuredmedia":[{"embeddable":true,"href":"https:\/\/elfederalmendoza.com.ar\/index.php\/wp-json\/wp\/v2\/media\/26470"}],"wp:attachment":[{"href":"https:\/\/elfederalmendoza.com.ar\/index.php\/wp-json\/wp\/v2\/media?parent=26468"}],"wp:term":[{"taxonomy":"category","embeddable":true,"href":"https:\/\/elfederalmendoza.com.ar\/index.php\/wp-json\/wp\/v2\/categories?post=26468"},{"taxonomy":"post_tag","embeddable":true,"href":"https:\/\/elfederalmendoza.com.ar\/index.php\/wp-json\/wp\/v2\/tags?post=26468"}],"curies":[{"name":"wp","href":"https:\/\/api.w.org\/{rel}","templated":true}]}}