{"id":26474,"date":"2023-08-18T11:16:13","date_gmt":"2023-08-18T14:16:13","guid":{"rendered":"https:\/\/elfederalmendoza.com\/?p=26474"},"modified":"2023-08-18T11:33:02","modified_gmt":"2023-08-18T14:33:02","slug":"el-gobierno-de-mendoza-oficializo-el-aumento-del-655-para-policias-y-penitenciarios","status":"publish","type":"post","link":"https:\/\/elfederalmendoza.com.ar\/index.php\/2023\/08\/18\/el-gobierno-de-mendoza-oficializo-el-aumento-del-655-para-policias-y-penitenciarios\/","title":{"rendered":"El gobierno de Mendoza oficializ\u00f3 el aumento del 65,5% para polic\u00edas y penitenciarios"},"content":{"rendered":"\n<p>A trav\u00e9s de un decreto publicado este viernes en el Bolet\u00edn Oficial, el Gobierno de\u00a0<strong>Mendoza\u00a0<\/strong>oficializ\u00f3 un\u00a0<mark>aumento de sueldo a polic\u00edas y penitenciarios del 65,5% en tramos.<\/mark><\/p>\n\n\n\n<p>La publicaci\u00f3n se da en un contexto macroecon\u00f3mico complejo en el que unos dos mil polic\u00edas solicitaron un&nbsp;<mark>in\u00e9dito cr\u00e9dito de 50 mil pesos a pagar en 10 cuotas sin inter\u00e9s&nbsp;<\/mark>otorgado por la Asociaci\u00f3n Mutual del Personal Policial (<strong>AMUPPOL<\/strong>). Seg\u00fan public\u00f3 este diario, los efectivos que se acercaron al lugar destacaron la necesidad de una ayuda econ\u00f3mica: \u201c<em>No nos alcanza el sueldo. Cobro casi 200 mil pesos y voy a destinar el dinero para comprar los regalos a mis hijos<\/em>\u201d, dijo un oficial.<\/p>\n\n\n\n<p>Seg\u00fan se detall\u00f3 en el decreto 1543 redactado el pasado 19 de julio, pero publicado este viernes, el incremento&nbsp;<mark>se dar\u00e1 de abril a octubre y \u201clos porcentajes no son acumulables\u201d.<\/mark><\/p>\n\n\n\n<p>El art\u00edculo 1 establece el aumento salarial \u201csobre la asignaci\u00f3n de la Clase del Cargo del Jefe de las Polic\u00edas vigente al 31 de diciembre de 2022\u2033, con el siguiente&nbsp;<strong>cronograma&nbsp;<\/strong>de incremento:<\/p>\n\n\n\n<ul class=\"wp-block-list\">\n<li>5% en abril<\/li>\n\n\n\n<li>12% en mayo<\/li>\n\n\n\n<li>10,5% en junio<\/li>\n\n\n\n<li>8% en julio<\/li>\n\n\n\n<li>14% en agosto<\/li>\n\n\n\n<li>8% en septiembre<\/li>\n\n\n\n<li>8% en octubre<\/li>\n<\/ul>\n\n\n\n<p><em>\u201cTendr\u00e1 vigencia para todo el personal de los reg\u00edmenes salariales, como as\u00ed tambi\u00e9n para los beneficiarios del R\u00e9gimen de Retiros y Pensiones del Personal Policial y del Servicio Penitenciario de la Provincia de Mendoza\u201d<\/em>, informaron.<\/p>\n\n\n\n<p>En el decreto informaron que este aumento en los salarios \u201ctendr\u00e1 su impacto para el incremento de los&nbsp;Servicios Extraordinarios Ley N\u00ba 7120&nbsp;y modificatoria, a partir de los 1\u00ba de cada mes del 2023, siguiente al que correspondiere a su liquidaci\u00f3n, desde el 1\u00ba de Mayo de 2023\u2033.<\/p>\n\n\n\n<p>Por el contexto macroecon\u00f3mico que atraviesa el pa\u00eds, \u201ces oportuno y conveniente otorgar previsibilidad salarial a los agentes policiales y penitenciarios\u201d, sumaron desde el Gobierno provincial en el decreto publicado este viernes.<\/p>\n\n\n\n<p><em>Fuente: El Sol<\/em><\/p>\n\n\n\n<p><\/p>\n","protected":false},"excerpt":{"rendered":"<p>A trav\u00e9s de un decreto publicado este viernes en el Bolet\u00edn Oficial, el Gobierno de\u00a0Mendoza\u00a0oficializ\u00f3 un\u00a0aumento de sueldo a polic\u00edas y penitenciarios del 65,5% en tramos. La publicaci\u00f3n se da en un contexto macroecon\u00f3mico complejo en el que unos dos mil polic\u00edas solicitaron un&nbsp;in\u00e9dito cr\u00e9dito de 50 mil pesos a pagar en 10 cuotas sin<a class=\"read-more\" href=\"https:\/\/elfederalmendoza.com.ar\/index.php\/2023\/08\/18\/el-gobierno-de-mendoza-oficializo-el-aumento-del-655-para-policias-y-penitenciarios\/\"> [&hellip;]<\/a><\/p>\n","protected":false},"author":2,"featured_media":26476,"comment_status":"open","ping_status":"open","sticky":false,"template":"","format":"standard","meta":{"footnotes":""},"categories":[1],"tags":[],"class_list":["post-26474","post","type-post","status-publish","format-standard","has-post-thumbnail","hentry","category-mza"],"rttpg_featured_image_url":{"full":["https:\/\/elfederalmendoza.com.ar\/wp-content\/uploads\/2023\/08\/Efectivo-policia-de-Mendoza-foto-El-Cuco-Digital.jpg",675,420,false],"landscape":["https:\/\/elfederalmendoza.com.ar\/wp-content\/uploads\/2023\/08\/Efectivo-policia-de-Mendoza-foto-El-Cuco-Digital.jpg",675,420,false],"portraits":["https:\/\/elfederalmendoza.com.ar\/wp-content\/uploads\/2023\/08\/Efectivo-policia-de-Mendoza-foto-El-Cuco-Digital.jpg",675,420,false],"thumbnail":["https:\/\/elfederalmendoza.com.ar\/wp-content\/uploads\/2023\/08\/Efectivo-policia-de-Mendoza-foto-El-Cuco-Digital-150x150.jpg",150,150,true],"medium":["https:\/\/elfederalmendoza.com.ar\/wp-content\/uploads\/2023\/08\/Efectivo-policia-de-Mendoza-foto-El-Cuco-Digital-300x187.jpg",300,187,true],"large":["https:\/\/elfederalmendoza.com.ar\/wp-content\/uploads\/2023\/08\/Efectivo-policia-de-Mendoza-foto-El-Cuco-Digital.jpg",640,398,false],"1536x1536":["https:\/\/elfederalmendoza.com.ar\/wp-content\/uploads\/2023\/08\/Efectivo-policia-de-Mendoza-foto-El-Cuco-Digital.jpg",675,420,false],"2048x2048":["https:\/\/elfederalmendoza.com.ar\/wp-content\/uploads\/2023\/08\/Efectivo-policia-de-Mendoza-foto-El-Cuco-Digital.jpg",675,420,false],"ultp_layout_landscape_large":["https:\/\/elfederalmendoza.com.ar\/wp-content\/uploads\/2023\/08\/Efectivo-policia-de-Mendoza-foto-El-Cuco-Digital.jpg",675,420,false],"ultp_layout_landscape":["https:\/\/elfederalmendoza.com.ar\/wp-content\/uploads\/2023\/08\/Efectivo-policia-de-Mendoza-foto-El-Cuco-Digital.jpg",675,420,false],"ultp_layout_portrait":["https:\/\/elfederalmendoza.com.ar\/wp-content\/uploads\/2023\/08\/Efectivo-policia-de-Mendoza-foto-El-Cuco-Digital-600x420.jpg",600,420,true],"ultp_layout_square":["https:\/\/elfederalmendoza.com.ar\/wp-content\/uploads\/2023\/08\/Efectivo-policia-de-Mendoza-foto-El-Cuco-Digital-600x420.jpg",600,420,true],"rpwe-thumbnail":["https:\/\/elfederalmendoza.com.ar\/wp-content\/uploads\/2023\/08\/Efectivo-policia-de-Mendoza-foto-El-Cuco-Digital-45x45.jpg",45,45,true],"advps-thumb-one":["https:\/\/elfederalmendoza.com.ar\/wp-content\/uploads\/2023\/08\/Efectivo-policia-de-Mendoza-foto-El-Cuco-Digital.jpg",675,420,false]},"rttpg_author":{"display_name":"Redacci\u00f3n El Federal","author_link":"https:\/\/elfederalmendoza.com.ar\/index.php\/author\/angelflores\/"},"rttpg_comment":0,"rttpg_category":"<a href=\"https:\/\/elfederalmendoza.com.ar\/index.php\/category\/mza\/\" rel=\"category tag\">Mendoza<\/a>","rttpg_excerpt":"A trav\u00e9s de un decreto publicado este viernes en el Bolet\u00edn Oficial, el Gobierno de\u00a0Mendoza\u00a0oficializ\u00f3 un\u00a0aumento de sueldo a polic\u00edas y penitenciarios del 65,5% en tramos. La publicaci\u00f3n se da en un contexto macroecon\u00f3mico complejo en el que unos dos mil polic\u00edas solicitaron un&nbsp;in\u00e9dito cr\u00e9dito de 50 mil pesos a pagar en 10 cuotas sin&hellip;","_links":{"self":[{"href":"https:\/\/elfederalmendoza.com.ar\/index.php\/wp-json\/wp\/v2\/posts\/26474","targetHints":{"allow":["GET"]}}],"collection":[{"href":"https:\/\/elfederalmendoza.com.ar\/index.php\/wp-json\/wp\/v2\/posts"}],"about":[{"href":"https:\/\/elfederalmendoza.com.ar\/index.php\/wp-json\/wp\/v2\/types\/post"}],"author":[{"embeddable":true,"href":"https:\/\/elfederalmendoza.com.ar\/index.php\/wp-json\/wp\/v2\/users\/2"}],"replies":[{"embeddable":true,"href":"https:\/\/elfederalmendoza.com.ar\/index.php\/wp-json\/wp\/v2\/comments?post=26474"}],"version-history":[{"count":1,"href":"https:\/\/elfederalmendoza.com.ar\/index.php\/wp-json\/wp\/v2\/posts\/26474\/revisions"}],"predecessor-version":[{"id":26477,"href":"https:\/\/elfederalmendoza.com.ar\/index.php\/wp-json\/wp\/v2\/posts\/26474\/revisions\/26477"}],"wp:featuredmedia":[{"embeddable":true,"href":"https:\/\/elfederalmendoza.com.ar\/index.php\/wp-json\/wp\/v2\/media\/26476"}],"wp:attachment":[{"href":"https:\/\/elfederalmendoza.com.ar\/index.php\/wp-json\/wp\/v2\/media?parent=26474"}],"wp:term":[{"taxonomy":"category","embeddable":true,"href":"https:\/\/elfederalmendoza.com.ar\/index.php\/wp-json\/wp\/v2\/categories?post=26474"},{"taxonomy":"post_tag","embeddable":true,"href":"https:\/\/elfederalmendoza.com.ar\/index.php\/wp-json\/wp\/v2\/tags?post=26474"}],"curies":[{"name":"wp","href":"https:\/\/api.w.org\/{rel}","templated":true}]}}