{"id":26487,"date":"2023-08-19T09:00:48","date_gmt":"2023-08-19T12:00:48","guid":{"rendered":"https:\/\/elfederalmendoza.com\/?p=26487"},"modified":"2023-08-19T09:00:48","modified_gmt":"2023-08-19T12:00:48","slug":"video-y-fotos-este-es-tito-el-auto-electrico-argentino-mas-barato-y-que-ya-salio-a-venta","status":"publish","type":"post","link":"https:\/\/elfederalmendoza.com.ar\/index.php\/2023\/08\/19\/video-y-fotos-este-es-tito-el-auto-electrico-argentino-mas-barato-y-que-ya-salio-a-venta\/","title":{"rendered":"-VIDEO Y FOTOS- Este es Tito: el auto el\u00e9ctrico argentino m\u00e1s barato y que ya sali\u00f3 a venta"},"content":{"rendered":"\n<p>Tras una semana de incertidumbres en el rubro del\u00a0<strong>mercado automotriz<\/strong>, donde concesionarios de todo el pa\u00eds y por ende de\u00a0<strong>Mendoza<\/strong>, durante muchos d\u00edas frenaron las ventas a falta de listas de precios por la devaluaci\u00f3n del lunes postelectoral, <strong>se empiezan a conocer los nuevos valores.<\/strong><\/p>\n\n\n\n<p>Con este escenario <strong>aparece un veh\u00edculo que rompe el molde<\/strong>, que no compite con los de las grandes marcas, pero que como se vende a valor d\u00f3lar oficial (Banco Naci\u00f3n) <strong>qued\u00f3 como el m\u00e1s econ\u00f3mico<\/strong>. <\/p>\n\n\n\n<p>Se trata del peque\u00f1o y el\u00e9ctrico\u00a0<a href=\"https:\/\/cuyomotor.com.ar\/2023\/08\/17\/precios-autos-baratos-tito-devaluacion\/\" target=\"_blank\" rel=\"noreferrer noopener\">Tito<\/a>, s\u00ed el conocido como el auto puntano, el que se produce en la vecina provincia de\u00a0<strong>San Luis<\/strong>.<\/p>\n\n\n\n<figure class=\"wp-block-image size-full is-resized\"><img loading=\"lazy\" decoding=\"async\" src=\"https:\/\/elfederalmendoza.com\/wp-content\/uploads\/2023\/08\/tito2.jpg\" alt=\"\" class=\"wp-image-26491\" width=\"839\" height=\"472\" srcset=\"https:\/\/elfederalmendoza.com.ar\/wp-content\/uploads\/2023\/08\/tito2.jpg 768w, https:\/\/elfederalmendoza.com.ar\/wp-content\/uploads\/2023\/08\/tito2-300x169.jpg 300w\" sizes=\"auto, (max-width: 839px) 100vw, 839px\" \/><\/figure>\n\n\n\n<p>De esta manera los productos de&nbsp;<a href=\"https:\/\/cuyomotor.com.ar\/2023\/06\/06\/pickup-tita-doble-cabina-precio\/\" target=\"_blank\" rel=\"noreferrer noopener\">Coradir<\/a>, fabricados en San Luis y 100% sustentables siguen siendo referentes en sus valores.<\/p>\n\n\n\n<p>Desde el aumento por nuevos impuestos del Gobierno y la devaluaci\u00f3n del 20% en el d\u00f3lar oficial, los autos a combusti\u00f3n de marcas generalistas sobrepasan la barrera de los $7.500.000. Sin embargo, el el\u00e9ctrico Tito, fabricado por Coradir S.A., se antepone como una experiencia diferente<strong> a un valor menor real.<\/strong><\/p>\n\n\n\n<p>La caracter\u00edstica principal es que este veh\u00edculo el\u00e9ctrico llega en dos tipos de carrocer\u00eda: la S2 y S5. El primero cuenta con dos puertas, con capacidad para eventualmente 4 ocupantes.<strong> <\/strong><\/p>\n\n\n\n<blockquote class=\"wp-block-quote is-layout-flow wp-block-quote-is-layout-flow\">\n<p><strong>El precio de lista es de 17.250 d\u00f3lares al cambio oficial ($365,50), que se traduce en un precio de $6.304.875,00<\/strong><\/p>\n<\/blockquote>\n\n\n\n<figure class=\"wp-block-image is-resized\"><img loading=\"lazy\" decoding=\"async\" src=\"https:\/\/i0.wp.com\/newspack-elsol.s3.amazonaws.com\/wp-content\/uploads\/2023\/08\/tito-potenciado-1140x570-1-1024x512.jpg?resize=780%2C390&amp;ssl=1\" alt=\"\" class=\"wp-image-1861822\" width=\"838\" height=\"419\"\/><\/figure>\n\n\n\n<h2 class=\"wp-block-heading\" id=\"h-caracteristicos-de-un-citycar-electrico\">Caracter\u00edsticos de un citycar el\u00e9ctrico<\/h2>\n\n\n\n<p>En este caso mide 2,83 metros de largo, dispone de 100 kil\u00f3metros de autonom\u00eda y cuenta con una velocidad m\u00e1xima de 65 km\/h. Por estas caracter\u00edsticas<strong> no puede ser usado en rutas nacionales o autopistas<\/strong>. Entre sus opcionales figura el aire acondicionado.<\/p>\n\n\n\n<figure class=\"wp-block-image size-large\"><img loading=\"lazy\" decoding=\"async\" width=\"1024\" height=\"547\" src=\"https:\/\/elfederalmendoza.com\/wp-content\/uploads\/2023\/08\/tito1-1024x547.jpg\" alt=\"\" class=\"wp-image-26490\" srcset=\"https:\/\/elfederalmendoza.com.ar\/wp-content\/uploads\/2023\/08\/tito1-1024x547.jpg 1024w, https:\/\/elfederalmendoza.com.ar\/wp-content\/uploads\/2023\/08\/tito1-300x160.jpg 300w, https:\/\/elfederalmendoza.com.ar\/wp-content\/uploads\/2023\/08\/tito1-768x410.jpg 768w, https:\/\/elfederalmendoza.com.ar\/wp-content\/uploads\/2023\/08\/tito1.jpg 1280w\" sizes=\"auto, (max-width: 1024px) 100vw, 1024px\" \/><\/figure>\n\n\n\n<p>Por su parte el Tito S5, con 15 cent\u00edmetros extra de largo y 5 puertas, se ofrece en una gama mucho m\u00e1s completa. Para empezar la variante de entrada llega con una propuesta similar a la del S2, contando con 100 kms de autonom\u00eda<strong>, a un precio de 18.750 d\u00f3lares, o $6.853.125,00.<\/strong><\/p>\n\n\n\n<p>Como una alternativa de mayor autonom\u00eda Coradir ofrece el S5 con<strong> 300 kil\u00f3metros de autonom\u00eda<\/strong>, gracias a una bater\u00eda de mayor capacidad. En este caso el precio asciende hasta los<strong> 24.750 d\u00f3lares o $9.046.125,00. marcando el elevado costo de la bater\u00eda de mayor capacidad.<\/strong><\/p>\n\n\n\n<figure class=\"wp-block-image is-resized\"><img loading=\"lazy\" decoding=\"async\" src=\"https:\/\/i0.wp.com\/newspack-elsol.s3.amazonaws.com\/wp-content\/uploads\/2023\/08\/Tito-Cuyomotor-5-rotated-e1684193844732-1024x851.jpg?resize=780%2C648&amp;ssl=1\" alt=\"\" class=\"wp-image-1861825\" width=\"843\" height=\"700\"\/><\/figure>\n\n\n\n<h2 class=\"wp-block-heading\">La versi\u00f3n maxi y potenciada<\/h2>\n\n\n\n<p>Como opci\u00f3n tope de gama sobre la misma carrocer\u00eda se ofrece el S5 potenciado, que cuenta con mayor potencia en el motor, <strong>lo que le permite alcanzar los 95 km\/h de velocidad m\u00e1xima<\/strong>. Adem\u00e1s est\u00e1 configurado con neum\u00e1ticos de 13 pulgadas, y cuenta con homologaci\u00f3n para circular en todo tipo de caminos.<\/p>\n\n\n\n<figure class=\"wp-block-image size-full is-resized\"><img loading=\"lazy\" decoding=\"async\" src=\"https:\/\/elfederalmendoza.com\/wp-content\/uploads\/2023\/08\/tito.png\" alt=\"\" class=\"wp-image-26489\" width=\"841\" height=\"510\" srcset=\"https:\/\/elfederalmendoza.com.ar\/wp-content\/uploads\/2023\/08\/tito.png 660w, https:\/\/elfederalmendoza.com.ar\/wp-content\/uploads\/2023\/08\/tito-300x182.png 300w\" sizes=\"auto, (max-width: 841px) 100vw, 841px\" \/><\/figure>\n\n\n\n<p>Las dos versiones disponibles del Tito S5 Potenciado y con autonom\u00eda extendida a 300 kms eleva su precio hasta los <strong>USD 28.250 o $10.325.375,00<\/strong>. Este ser\u00eda su tope de gama, lo que lo sigue mostrando como uno de los veh\u00edculos m\u00e1s econ\u00f3micos del pa\u00eds.<\/p>\n\n\n\n<figure class=\"wp-block-embed is-type-video is-provider-youtube wp-block-embed-youtube wp-embed-aspect-16-9 wp-has-aspect-ratio\"><div class=\"wp-block-embed__wrapper\">\n<iframe loading=\"lazy\" title=\"Tito es el auto 100% el\u00e9ctrico fabricado en Argentina, San Luis - Ma\u00f1anas P\u00fablicas\" width=\"640\" height=\"360\" src=\"https:\/\/www.youtube.com\/embed\/eYNrIn9uVug?start=1&#038;feature=oembed\" frameborder=\"0\" allow=\"accelerometer; autoplay; clipboard-write; encrypted-media; gyroscope; picture-in-picture; web-share\" referrerpolicy=\"strict-origin-when-cross-origin\" allowfullscreen><\/iframe>\n<\/div><\/figure>\n","protected":false},"excerpt":{"rendered":"<p>Tras una semana de incertidumbres en el rubro del\u00a0mercado automotriz, donde concesionarios de todo el pa\u00eds y por ende de\u00a0Mendoza, durante muchos d\u00edas frenaron las ventas a falta de listas de precios por la devaluaci\u00f3n del lunes postelectoral, se empiezan a conocer los nuevos valores. Con este escenario aparece un veh\u00edculo que rompe el molde,<a class=\"read-more\" href=\"https:\/\/elfederalmendoza.com.ar\/index.php\/2023\/08\/19\/video-y-fotos-este-es-tito-el-auto-electrico-argentino-mas-barato-y-que-ya-salio-a-venta\/\"> [&hellip;]<\/a><\/p>\n","protected":false},"author":2,"featured_media":26492,"comment_status":"open","ping_status":"open","sticky":false,"template":"","format":"standard","meta":{"footnotes":""},"categories":[5618],"tags":[],"class_list":["post-26487","post","type-post","status-publish","format-standard","has-post-thumbnail","hentry","category-arg"],"rttpg_featured_image_url":{"full":["https:\/\/elfederalmendoza.com.ar\/wp-content\/uploads\/2023\/08\/tito3.jpg",1119,628,false],"landscape":["https:\/\/elfederalmendoza.com.ar\/wp-content\/uploads\/2023\/08\/tito3.jpg",1119,628,false],"portraits":["https:\/\/elfederalmendoza.com.ar\/wp-content\/uploads\/2023\/08\/tito3.jpg",1119,628,false],"thumbnail":["https:\/\/elfederalmendoza.com.ar\/wp-content\/uploads\/2023\/08\/tito3-150x150.jpg",150,150,true],"medium":["https:\/\/elfederalmendoza.com.ar\/wp-content\/uploads\/2023\/08\/tito3-300x168.jpg",300,168,true],"large":["https:\/\/elfederalmendoza.com.ar\/wp-content\/uploads\/2023\/08\/tito3-1024x575.jpg",640,359,true],"1536x1536":["https:\/\/elfederalmendoza.com.ar\/wp-content\/uploads\/2023\/08\/tito3.jpg",1119,628,false],"2048x2048":["https:\/\/elfederalmendoza.com.ar\/wp-content\/uploads\/2023\/08\/tito3.jpg",1119,628,false],"ultp_layout_landscape_large":["https:\/\/elfederalmendoza.com.ar\/wp-content\/uploads\/2023\/08\/tito3.jpg",1119,628,false],"ultp_layout_landscape":["https:\/\/elfederalmendoza.com.ar\/wp-content\/uploads\/2023\/08\/tito3-870x570.jpg",870,570,true],"ultp_layout_portrait":["https:\/\/elfederalmendoza.com.ar\/wp-content\/uploads\/2023\/08\/tito3-600x628.jpg",600,628,true],"ultp_layout_square":["https:\/\/elfederalmendoza.com.ar\/wp-content\/uploads\/2023\/08\/tito3-600x600.jpg",600,600,true],"rpwe-thumbnail":["https:\/\/elfederalmendoza.com.ar\/wp-content\/uploads\/2023\/08\/tito3-45x45.jpg",45,45,true],"advps-thumb-one":["https:\/\/elfederalmendoza.com.ar\/wp-content\/uploads\/2023\/08\/tito3-1119x420.jpg",1119,420,true]},"rttpg_author":{"display_name":"Redacci\u00f3n El Federal","author_link":"https:\/\/elfederalmendoza.com.ar\/index.php\/author\/angelflores\/"},"rttpg_comment":0,"rttpg_category":"<a href=\"https:\/\/elfederalmendoza.com.ar\/index.php\/category\/arg\/\" rel=\"category tag\">Argentina<\/a>","rttpg_excerpt":"Tras una semana de incertidumbres en el rubro del\u00a0mercado automotriz, donde concesionarios de todo el pa\u00eds y por ende de\u00a0Mendoza, durante muchos d\u00edas frenaron las ventas a falta de listas de precios por la devaluaci\u00f3n del lunes postelectoral, se empiezan a conocer los nuevos valores. Con este escenario aparece un veh\u00edculo que rompe el molde,&hellip;","_links":{"self":[{"href":"https:\/\/elfederalmendoza.com.ar\/index.php\/wp-json\/wp\/v2\/posts\/26487","targetHints":{"allow":["GET"]}}],"collection":[{"href":"https:\/\/elfederalmendoza.com.ar\/index.php\/wp-json\/wp\/v2\/posts"}],"about":[{"href":"https:\/\/elfederalmendoza.com.ar\/index.php\/wp-json\/wp\/v2\/types\/post"}],"author":[{"embeddable":true,"href":"https:\/\/elfederalmendoza.com.ar\/index.php\/wp-json\/wp\/v2\/users\/2"}],"replies":[{"embeddable":true,"href":"https:\/\/elfederalmendoza.com.ar\/index.php\/wp-json\/wp\/v2\/comments?post=26487"}],"version-history":[{"count":1,"href":"https:\/\/elfederalmendoza.com.ar\/index.php\/wp-json\/wp\/v2\/posts\/26487\/revisions"}],"predecessor-version":[{"id":26493,"href":"https:\/\/elfederalmendoza.com.ar\/index.php\/wp-json\/wp\/v2\/posts\/26487\/revisions\/26493"}],"wp:featuredmedia":[{"embeddable":true,"href":"https:\/\/elfederalmendoza.com.ar\/index.php\/wp-json\/wp\/v2\/media\/26492"}],"wp:attachment":[{"href":"https:\/\/elfederalmendoza.com.ar\/index.php\/wp-json\/wp\/v2\/media?parent=26487"}],"wp:term":[{"taxonomy":"category","embeddable":true,"href":"https:\/\/elfederalmendoza.com.ar\/index.php\/wp-json\/wp\/v2\/categories?post=26487"},{"taxonomy":"post_tag","embeddable":true,"href":"https:\/\/elfederalmendoza.com.ar\/index.php\/wp-json\/wp\/v2\/tags?post=26487"}],"curies":[{"name":"wp","href":"https:\/\/api.w.org\/{rel}","templated":true}]}}