{"id":26501,"date":"2023-08-19T11:44:26","date_gmt":"2023-08-19T14:44:26","guid":{"rendered":"https:\/\/elfederalmendoza.com\/?p=26501"},"modified":"2023-08-19T11:46:25","modified_gmt":"2023-08-19T14:46:25","slug":"policias-atraparon-a-un-ladron-que-habia-ingresado-a-robar-a-una-pancheria-de-ciudad","status":"publish","type":"post","link":"https:\/\/elfederalmendoza.com.ar\/index.php\/2023\/08\/19\/policias-atraparon-a-un-ladron-que-habia-ingresado-a-robar-a-una-pancheria-de-ciudad\/","title":{"rendered":"Polic\u00edas atraparon a un ladr\u00f3n que hab\u00eda ingresado a robar a una pancher\u00eda de Ciudad"},"content":{"rendered":"\n<p>En la madrugada de este s\u00e1bado, un&nbsp;<strong>individuo de 38 a\u00f1os<\/strong>&nbsp;fue detenido luego de intentar robar en un comercio ubicado&nbsp;<strong>calle Lavalle&nbsp;<\/strong>de la&nbsp;<strong>Ciudad<\/strong>.<\/p>\n\n\n\n<p>De acuerdo con la cr\u00f3nica policial, personal de la Comisar\u00eda Tercera realizaron un patrullaje de rutina por la zona y durante su recorrido, observaron que en una pancher\u00eda (Manso Pancho) estaba la reja entreabierta y forzada, con la puerta de vidrio abierta.<\/p>\n\n\n\n<p>Al descender de la patrulla, percibieron ruidos provenientes del interior del local, lo que llev\u00f3 a solicitar refuerzos y la intervenci\u00f3n del personal de UEP Ciudad.<\/p>\n\n\n\n<p>As\u00ed, los agentes ingresaron al comercio y lograron detener al sujeto que estaba en el interior del lugar. Durante el registro de sus pertenencias, se hallaron una pinza y un destornillador, adem\u00e1s de la suma de 7.400 pesos distribuidos en fajos.<\/p>\n","protected":false},"excerpt":{"rendered":"<p>En la madrugada de este s\u00e1bado, un&nbsp;individuo de 38 a\u00f1os&nbsp;fue detenido luego de intentar robar en un comercio ubicado&nbsp;calle Lavalle&nbsp;de la&nbsp;Ciudad. De acuerdo con la cr\u00f3nica policial, personal de la Comisar\u00eda Tercera realizaron un patrullaje de rutina por la zona y durante su recorrido, observaron que en una pancher\u00eda (Manso Pancho) estaba la reja entreabierta<a class=\"read-more\" href=\"https:\/\/elfederalmendoza.com.ar\/index.php\/2023\/08\/19\/policias-atraparon-a-un-ladron-que-habia-ingresado-a-robar-a-una-pancheria-de-ciudad\/\"> [&hellip;]<\/a><\/p>\n","protected":false},"author":2,"featured_media":26507,"comment_status":"open","ping_status":"open","sticky":false,"template":"","format":"standard","meta":{"footnotes":""},"categories":[1],"tags":[],"class_list":["post-26501","post","type-post","status-publish","format-standard","has-post-thumbnail","hentry","category-mza"],"rttpg_featured_image_url":{"full":["https:\/\/elfederalmendoza.com.ar\/wp-content\/uploads\/2023\/08\/manso-pancho-calle-lavalle.webp",742,447,false],"landscape":["https:\/\/elfederalmendoza.com.ar\/wp-content\/uploads\/2023\/08\/manso-pancho-calle-lavalle.webp",742,447,false],"portraits":["https:\/\/elfederalmendoza.com.ar\/wp-content\/uploads\/2023\/08\/manso-pancho-calle-lavalle.webp",742,447,false],"thumbnail":["https:\/\/elfederalmendoza.com.ar\/wp-content\/uploads\/2023\/08\/manso-pancho-calle-lavalle-150x150.webp",150,150,true],"medium":["https:\/\/elfederalmendoza.com.ar\/wp-content\/uploads\/2023\/08\/manso-pancho-calle-lavalle-300x181.webp",300,181,true],"large":["https:\/\/elfederalmendoza.com.ar\/wp-content\/uploads\/2023\/08\/manso-pancho-calle-lavalle.webp",640,386,false],"1536x1536":["https:\/\/elfederalmendoza.com.ar\/wp-content\/uploads\/2023\/08\/manso-pancho-calle-lavalle.webp",742,447,false],"2048x2048":["https:\/\/elfederalmendoza.com.ar\/wp-content\/uploads\/2023\/08\/manso-pancho-calle-lavalle.webp",742,447,false],"ultp_layout_landscape_large":["https:\/\/elfederalmendoza.com.ar\/wp-content\/uploads\/2023\/08\/manso-pancho-calle-lavalle.webp",742,447,false],"ultp_layout_landscape":["https:\/\/elfederalmendoza.com.ar\/wp-content\/uploads\/2023\/08\/manso-pancho-calle-lavalle.webp",742,447,false],"ultp_layout_portrait":["https:\/\/elfederalmendoza.com.ar\/wp-content\/uploads\/2023\/08\/manso-pancho-calle-lavalle-600x447.webp",600,447,true],"ultp_layout_square":["https:\/\/elfederalmendoza.com.ar\/wp-content\/uploads\/2023\/08\/manso-pancho-calle-lavalle-600x447.webp",600,447,true],"rpwe-thumbnail":["https:\/\/elfederalmendoza.com.ar\/wp-content\/uploads\/2023\/08\/manso-pancho-calle-lavalle-45x45.webp",45,45,true],"advps-thumb-one":["https:\/\/elfederalmendoza.com.ar\/wp-content\/uploads\/2023\/08\/manso-pancho-calle-lavalle-742x420.webp",742,420,true]},"rttpg_author":{"display_name":"Redacci\u00f3n El Federal","author_link":"https:\/\/elfederalmendoza.com.ar\/index.php\/author\/angelflores\/"},"rttpg_comment":0,"rttpg_category":"<a href=\"https:\/\/elfederalmendoza.com.ar\/index.php\/category\/mza\/\" rel=\"category tag\">Mendoza<\/a>","rttpg_excerpt":"En la madrugada de este s\u00e1bado, un&nbsp;individuo de 38 a\u00f1os&nbsp;fue detenido luego de intentar robar en un comercio ubicado&nbsp;calle Lavalle&nbsp;de la&nbsp;Ciudad. De acuerdo con la cr\u00f3nica policial, personal de la Comisar\u00eda Tercera realizaron un patrullaje de rutina por la zona y durante su recorrido, observaron que en una pancher\u00eda (Manso Pancho) estaba la reja entreabierta&hellip;","_links":{"self":[{"href":"https:\/\/elfederalmendoza.com.ar\/index.php\/wp-json\/wp\/v2\/posts\/26501","targetHints":{"allow":["GET"]}}],"collection":[{"href":"https:\/\/elfederalmendoza.com.ar\/index.php\/wp-json\/wp\/v2\/posts"}],"about":[{"href":"https:\/\/elfederalmendoza.com.ar\/index.php\/wp-json\/wp\/v2\/types\/post"}],"author":[{"embeddable":true,"href":"https:\/\/elfederalmendoza.com.ar\/index.php\/wp-json\/wp\/v2\/users\/2"}],"replies":[{"embeddable":true,"href":"https:\/\/elfederalmendoza.com.ar\/index.php\/wp-json\/wp\/v2\/comments?post=26501"}],"version-history":[{"count":2,"href":"https:\/\/elfederalmendoza.com.ar\/index.php\/wp-json\/wp\/v2\/posts\/26501\/revisions"}],"predecessor-version":[{"id":26511,"href":"https:\/\/elfederalmendoza.com.ar\/index.php\/wp-json\/wp\/v2\/posts\/26501\/revisions\/26511"}],"wp:featuredmedia":[{"embeddable":true,"href":"https:\/\/elfederalmendoza.com.ar\/index.php\/wp-json\/wp\/v2\/media\/26507"}],"wp:attachment":[{"href":"https:\/\/elfederalmendoza.com.ar\/index.php\/wp-json\/wp\/v2\/media?parent=26501"}],"wp:term":[{"taxonomy":"category","embeddable":true,"href":"https:\/\/elfederalmendoza.com.ar\/index.php\/wp-json\/wp\/v2\/categories?post=26501"},{"taxonomy":"post_tag","embeddable":true,"href":"https:\/\/elfederalmendoza.com.ar\/index.php\/wp-json\/wp\/v2\/tags?post=26501"}],"curies":[{"name":"wp","href":"https:\/\/api.w.org\/{rel}","templated":true}]}}