{"id":26512,"date":"2023-08-19T11:50:36","date_gmt":"2023-08-19T14:50:36","guid":{"rendered":"https:\/\/elfederalmendoza.com\/?p=26512"},"modified":"2023-08-19T11:50:36","modified_gmt":"2023-08-19T14:50:36","slug":"rescataron-en-potrerillos-a-un-turista-holandes-que-cayo-10-metros-le-hicieron-un-torniquete-con-un-cable-usb-y-cordon","status":"publish","type":"post","link":"https:\/\/elfederalmendoza.com.ar\/index.php\/2023\/08\/19\/rescataron-en-potrerillos-a-un-turista-holandes-que-cayo-10-metros-le-hicieron-un-torniquete-con-un-cable-usb-y-cordon\/","title":{"rendered":"Rescataron en Potrerillos a un turista holand\u00e9s que cay\u00f3 10 metros: le hicieron un torniquete con un cable USB y cord\u00f3n"},"content":{"rendered":"\n<p>Un turista holand\u00e9s<mark>&nbsp;fue rescatado en&nbsp;<strong>Potrerillos&nbsp;<\/strong>tras caer a 10 metros de altura mientras realizaba una caminata por la Cascada del \u00c1ngel<\/mark>. El joven, de 24 a\u00f1os, fue asistido en primera instancia por gendarmes que le hicieron un torniquete en una de sus piernas con un cable USB y un cord\u00f3n.<\/p>\n\n\n\n<p>El hecho se registr\u00f3 este jueves, a las 15.30, cuando ingres\u00f3 un llamado al 911 por una persona herida en la quebrada ubicada en Luj\u00e1n de Cuyo.<\/p>\n\n\n\n<p>La v\u00edctima, identificada como Daan Arend Jan Jacob, se encontraba tirado en el suelo, tras haberse precipitado intentando bajar del filo Oeste a la cascada. Mientras esperaba la ayuda, se arrastr\u00f3 6 metros aproximadamente.<\/p>\n\n\n\n<figure class=\"wp-block-image size-full\"><img loading=\"lazy\" decoding=\"async\" width=\"1024\" height=\"458\" src=\"https:\/\/elfederalmendoza.com\/wp-content\/uploads\/2023\/08\/image-2.png\" alt=\"\" class=\"wp-image-26514\" srcset=\"https:\/\/elfederalmendoza.com.ar\/wp-content\/uploads\/2023\/08\/image-2.png 1024w, https:\/\/elfederalmendoza.com.ar\/wp-content\/uploads\/2023\/08\/image-2-300x134.png 300w, https:\/\/elfederalmendoza.com.ar\/wp-content\/uploads\/2023\/08\/image-2-768x344.png 768w\" sizes=\"auto, (max-width: 1024px) 100vw, 1024px\" \/><\/figure>\n\n\n\n<p>En el lugar fue encontrado por gendarmes,\u00a0<mark>quienes le realizaron dos torniquetes para contener la fractura expuesta<\/mark>\u00a0en el tobillo izquierdo, uno con un cord\u00f3n rojo y otro con un cable USB blanco a 2 cent\u00edmetros del corte.<\/p>\n\n\n\n<p>Al llegar al lugar, cerca de las 16.30, personal de la Patrulla de Rescate le realiz\u00f3 un vendaje compresivo y se le retiraron los torniquetes que no eran correctos.<\/p>\n\n\n\n<p>Despu\u00e9s, se le inmoviliz\u00f3 el pie y se lo coloc\u00f3 en una camilla para ser evacuado a pie hasta la Ruta Nacional 7 donde lo aguardaba una ambulancia. Fue trasladado al hospital Central.<\/p>\n","protected":false},"excerpt":{"rendered":"<p>Un turista holand\u00e9s&nbsp;fue rescatado en&nbsp;Potrerillos&nbsp;tras caer a 10 metros de altura mientras realizaba una caminata por la Cascada del \u00c1ngel. El joven, de 24 a\u00f1os, fue asistido en primera instancia por gendarmes que le hicieron un torniquete en una de sus piernas con un cable USB y un cord\u00f3n. El hecho se registr\u00f3 este jueves,<a class=\"read-more\" href=\"https:\/\/elfederalmendoza.com.ar\/index.php\/2023\/08\/19\/rescataron-en-potrerillos-a-un-turista-holandes-que-cayo-10-metros-le-hicieron-un-torniquete-con-un-cable-usb-y-cordon\/\"> [&hellip;]<\/a><\/p>\n","protected":false},"author":2,"featured_media":26515,"comment_status":"open","ping_status":"open","sticky":false,"template":"","format":"standard","meta":{"footnotes":""},"categories":[1],"tags":[],"class_list":["post-26512","post","type-post","status-publish","format-standard","has-post-thumbnail","hentry","category-mza"],"rttpg_featured_image_url":{"full":["https:\/\/elfederalmendoza.com.ar\/wp-content\/uploads\/2023\/08\/WhatsApp-Image-2023-08-19-at-11.50.21.jpeg",1152,560,false],"landscape":["https:\/\/elfederalmendoza.com.ar\/wp-content\/uploads\/2023\/08\/WhatsApp-Image-2023-08-19-at-11.50.21.jpeg",1152,560,false],"portraits":["https:\/\/elfederalmendoza.com.ar\/wp-content\/uploads\/2023\/08\/WhatsApp-Image-2023-08-19-at-11.50.21.jpeg",1152,560,false],"thumbnail":["https:\/\/elfederalmendoza.com.ar\/wp-content\/uploads\/2023\/08\/WhatsApp-Image-2023-08-19-at-11.50.21-150x150.jpeg",150,150,true],"medium":["https:\/\/elfederalmendoza.com.ar\/wp-content\/uploads\/2023\/08\/WhatsApp-Image-2023-08-19-at-11.50.21-300x146.jpeg",300,146,true],"large":["https:\/\/elfederalmendoza.com.ar\/wp-content\/uploads\/2023\/08\/WhatsApp-Image-2023-08-19-at-11.50.21-1024x498.jpeg",640,311,true],"1536x1536":["https:\/\/elfederalmendoza.com.ar\/wp-content\/uploads\/2023\/08\/WhatsApp-Image-2023-08-19-at-11.50.21.jpeg",1152,560,false],"2048x2048":["https:\/\/elfederalmendoza.com.ar\/wp-content\/uploads\/2023\/08\/WhatsApp-Image-2023-08-19-at-11.50.21.jpeg",1152,560,false],"ultp_layout_landscape_large":["https:\/\/elfederalmendoza.com.ar\/wp-content\/uploads\/2023\/08\/WhatsApp-Image-2023-08-19-at-11.50.21.jpeg",1152,560,false],"ultp_layout_landscape":["https:\/\/elfederalmendoza.com.ar\/wp-content\/uploads\/2023\/08\/WhatsApp-Image-2023-08-19-at-11.50.21-870x560.jpeg",870,560,true],"ultp_layout_portrait":["https:\/\/elfederalmendoza.com.ar\/wp-content\/uploads\/2023\/08\/WhatsApp-Image-2023-08-19-at-11.50.21-600x560.jpeg",600,560,true],"ultp_layout_square":["https:\/\/elfederalmendoza.com.ar\/wp-content\/uploads\/2023\/08\/WhatsApp-Image-2023-08-19-at-11.50.21-600x560.jpeg",600,560,true],"rpwe-thumbnail":["https:\/\/elfederalmendoza.com.ar\/wp-content\/uploads\/2023\/08\/WhatsApp-Image-2023-08-19-at-11.50.21-45x45.jpeg",45,45,true],"advps-thumb-one":["https:\/\/elfederalmendoza.com.ar\/wp-content\/uploads\/2023\/08\/WhatsApp-Image-2023-08-19-at-11.50.21-1152x420.jpeg",1152,420,true]},"rttpg_author":{"display_name":"Redacci\u00f3n El Federal","author_link":"https:\/\/elfederalmendoza.com.ar\/index.php\/author\/angelflores\/"},"rttpg_comment":0,"rttpg_category":"<a href=\"https:\/\/elfederalmendoza.com.ar\/index.php\/category\/mza\/\" rel=\"category tag\">Mendoza<\/a>","rttpg_excerpt":"Un turista holand\u00e9s&nbsp;fue rescatado en&nbsp;Potrerillos&nbsp;tras caer a 10 metros de altura mientras realizaba una caminata por la Cascada del \u00c1ngel. El joven, de 24 a\u00f1os, fue asistido en primera instancia por gendarmes que le hicieron un torniquete en una de sus piernas con un cable USB y un cord\u00f3n. El hecho se registr\u00f3 este jueves,&hellip;","_links":{"self":[{"href":"https:\/\/elfederalmendoza.com.ar\/index.php\/wp-json\/wp\/v2\/posts\/26512","targetHints":{"allow":["GET"]}}],"collection":[{"href":"https:\/\/elfederalmendoza.com.ar\/index.php\/wp-json\/wp\/v2\/posts"}],"about":[{"href":"https:\/\/elfederalmendoza.com.ar\/index.php\/wp-json\/wp\/v2\/types\/post"}],"author":[{"embeddable":true,"href":"https:\/\/elfederalmendoza.com.ar\/index.php\/wp-json\/wp\/v2\/users\/2"}],"replies":[{"embeddable":true,"href":"https:\/\/elfederalmendoza.com.ar\/index.php\/wp-json\/wp\/v2\/comments?post=26512"}],"version-history":[{"count":1,"href":"https:\/\/elfederalmendoza.com.ar\/index.php\/wp-json\/wp\/v2\/posts\/26512\/revisions"}],"predecessor-version":[{"id":26516,"href":"https:\/\/elfederalmendoza.com.ar\/index.php\/wp-json\/wp\/v2\/posts\/26512\/revisions\/26516"}],"wp:featuredmedia":[{"embeddable":true,"href":"https:\/\/elfederalmendoza.com.ar\/index.php\/wp-json\/wp\/v2\/media\/26515"}],"wp:attachment":[{"href":"https:\/\/elfederalmendoza.com.ar\/index.php\/wp-json\/wp\/v2\/media?parent=26512"}],"wp:term":[{"taxonomy":"category","embeddable":true,"href":"https:\/\/elfederalmendoza.com.ar\/index.php\/wp-json\/wp\/v2\/categories?post=26512"},{"taxonomy":"post_tag","embeddable":true,"href":"https:\/\/elfederalmendoza.com.ar\/index.php\/wp-json\/wp\/v2\/tags?post=26512"}],"curies":[{"name":"wp","href":"https:\/\/api.w.org\/{rel}","templated":true}]}}