{"id":26519,"date":"2023-08-19T12:03:17","date_gmt":"2023-08-19T15:03:17","guid":{"rendered":"https:\/\/elfederalmendoza.com\/?p=26519"},"modified":"2023-08-19T12:03:17","modified_gmt":"2023-08-19T15:03:17","slug":"condenaron-por-contrabando-a-una-banda-vinculada-con-el-juez-bento-en-una-causa-por-coimas","status":"publish","type":"post","link":"https:\/\/elfederalmendoza.com.ar\/index.php\/2023\/08\/19\/condenaron-por-contrabando-a-una-banda-vinculada-con-el-juez-bento-en-una-causa-por-coimas\/","title":{"rendered":"Condenaron por contrabando a una banda vinculada con el juez Bento en una causa por coimas"},"content":{"rendered":"\n<p>Mientras se espera que el juicio contra el suspendido juez federal<strong>\u00a0Walter Bento<\/strong>\u00a0se retome el pr\u00f3ximo 23 de agosto, un grupo de contrabandistas fue condenado luego de ser encontrados culpables por intentar ingresar mercader\u00eda sin declarar desde Chile a Mendoza. Hay tres hombres que est\u00e1n vinculados con Bento en la\u00a0<strong>causa por\u00a0coimas<\/strong>.<\/p>\n\n\n\n<p>Entre octubre y diciembre del 2019, la banda, en la que participaban comerciantes, camioneros, gendarmes, comisarios y aduaneros, ingresaron a la provincia mercader\u00eda de forma ilegal de todo tipo. Seg\u00fan lo informado por el&nbsp;<strong>Ministerio de Seguridad<\/strong>, consist\u00eda en celulares, indumentaria y productos de deportes valuados en 300 millones de pesos.<\/p>\n\n\n\n<p>Finalmente, cuando fueron atrapados y luego se los llev\u00f3 a juicio, las autoridades del Tribunal Oral 1 de Mendoza encontraron que dos de los contrabandistas est\u00e1n relacionados con el caso Bento, el cual actualmente se lleva a cabo. Se trata de&nbsp;<strong>Omar Rodr\u00edguez Cichinelli<\/strong>, ya absuelto y acusado de haber pagado coimas a cambio de beneficios personales; y el comisario&nbsp;<strong>Gabriel Moschetti<\/strong>, a quien se lo acusa de formar parte de la asociaci\u00f3n il\u00edcita en la causa Bento y de alertar a otros integrantes de la banda acerca de las detenciones de la Polic\u00eda. Existe una tercera persona que a\u00fan est\u00e1 pr\u00f3fuga de la Justicia, ya que consigui\u00f3 escapar gracias al aviso de Moschetti.<\/p>\n\n\n\n<h3 class=\"wp-block-heading\"><strong>Las condenas<\/strong><\/h3>\n\n\n\n<p>Tras hallar culpables a los acusados, se les dict\u00f3 la<strong>&nbsp;condena por contrabando<\/strong>&nbsp;a cada uno de la siguiente forma: ocho a\u00f1os para Diego Ju\u00e1rez Ferro, seis a\u00f1os para Fabi\u00e1n Salas Narv\u00e1ez, cuatro a\u00f1os para Luca Federico Salas Ortiz, tres a\u00f1os condicional para Mario Javier Alberto \u201cCharly\u201d Baronian, tres a\u00f1os condicional para Ricardo Abraham y cuatro a\u00f1os para Roberto Enrique Mar\u00edn Videla.<\/p>\n\n\n\n<p>En tanto, condenaron a cuatro a\u00f1os a los agentes de Gendarmer\u00eda Nacional Ariel \u201cChapu\u201d Rades Herrera, y Jos\u00e9 \u201cChacho\u201d Pe\u00f1aloza P\u00e9rez. Y tres a\u00f1os y seis meses para el funcionario de la Direcci\u00f3n General de Aduanas, Walter Barroso Zalazar.<\/p>\n\n\n\n<p>Omar Rodr\u00edguez Cichinelli fue absuelto por falta de m\u00e9rito. De acuerdo a la pesquisa, \u201chabr\u00eda sido beneficiado por la asociaci\u00f3n il\u00edcita que se investiga en dos etapas diferenciadas: en primer lugar, previo a la faz judicial, mediante el aviso de Moschetti, Bardinella y Aliaga de las medidas de allanamiento y detenci\u00f3n\u201d.<\/p>\n\n\n\n<h3 class=\"wp-block-heading\"><strong>El modus operandi del grupo imputado<\/strong><\/h3>\n\n\n\n<p>Gracias a una ardua investigaci\u00f3n, iniciada en 2019, se pudo esclarecer cu\u00e1l era la forma en la que la banda funcionaba. Ingresaban mercader\u00eda sin declarar a&nbsp;<strong>Mendoza&nbsp;<\/strong>desde&nbsp;<strong>Chile<\/strong>, mientras desviaban los camiones de la ruta se\u00f1alada para su importaci\u00f3n. As\u00ed, la carga no ingresaba a las instalaciones del \u00c1rea de Control Integrado (ACI) Uspallata y vulneraban los controles aduaneros.<\/p>\n\n\n\n<p>Luego, los camiones viajaban hasta una empresa ubicada en el carril Rodr\u00edguez Pe\u00f1a al 2500, de Godoy Cruz, donde se descargaba la mercader\u00eda. Al d\u00eda siguiente, los choferes retornaban en el mismo rodado al ACI Uspallata para documentar su ingreso a Argentina sin carga. Con respecto a los documentos, la organizaci\u00f3n entregaba un doble juego de papeles falsos para poder cruzar.<\/p>\n\n\n\n<p>En su mayor parte, transportaban ropa de hombre, ni\u00f1os y mujer, celulares, productos varios como lentes de sol, pavas el\u00e9ctricas, bicicletas, pelotas de f\u00fatbol y bijouterie.<\/p>\n\n\n\n<p><em>Fuente: Diario Mendoza<\/em><a href=\"https:\/\/www.diariomendoza.com.ar\/policiales\/el-femicida-agostina-trigo-confeso-crimen-sera-condenado-perpetua-n52810\"><\/a><\/p>\n","protected":false},"excerpt":{"rendered":"<p>Mientras se espera que el juicio contra el suspendido juez federal\u00a0Walter Bento\u00a0se retome el pr\u00f3ximo 23 de agosto, un grupo de contrabandistas fue condenado luego de ser encontrados culpables por intentar ingresar mercader\u00eda sin declarar desde Chile a Mendoza. Hay tres hombres que est\u00e1n vinculados con Bento en la\u00a0causa por\u00a0coimas. Entre octubre y diciembre del<a class=\"read-more\" href=\"https:\/\/elfederalmendoza.com.ar\/index.php\/2023\/08\/19\/condenaron-por-contrabando-a-una-banda-vinculada-con-el-juez-bento-en-una-causa-por-coimas\/\"> [&hellip;]<\/a><\/p>\n","protected":false},"author":2,"featured_media":26520,"comment_status":"open","ping_status":"open","sticky":false,"template":"","format":"standard","meta":{"footnotes":""},"categories":[1],"tags":[],"class_list":["post-26519","post","type-post","status-publish","format-standard","has-post-thumbnail","hentry","category-mza"],"rttpg_featured_image_url":{"full":["https:\/\/elfederalmendoza.com.ar\/wp-content\/uploads\/2023\/08\/64dfdb9481d00__780x780.webp",780,439,false],"landscape":["https:\/\/elfederalmendoza.com.ar\/wp-content\/uploads\/2023\/08\/64dfdb9481d00__780x780.webp",780,439,false],"portraits":["https:\/\/elfederalmendoza.com.ar\/wp-content\/uploads\/2023\/08\/64dfdb9481d00__780x780.webp",780,439,false],"thumbnail":["https:\/\/elfederalmendoza.com.ar\/wp-content\/uploads\/2023\/08\/64dfdb9481d00__780x780-150x150.webp",150,150,true],"medium":["https:\/\/elfederalmendoza.com.ar\/wp-content\/uploads\/2023\/08\/64dfdb9481d00__780x780-300x169.webp",300,169,true],"large":["https:\/\/elfederalmendoza.com.ar\/wp-content\/uploads\/2023\/08\/64dfdb9481d00__780x780.webp",640,360,false],"1536x1536":["https:\/\/elfederalmendoza.com.ar\/wp-content\/uploads\/2023\/08\/64dfdb9481d00__780x780.webp",780,439,false],"2048x2048":["https:\/\/elfederalmendoza.com.ar\/wp-content\/uploads\/2023\/08\/64dfdb9481d00__780x780.webp",780,439,false],"ultp_layout_landscape_large":["https:\/\/elfederalmendoza.com.ar\/wp-content\/uploads\/2023\/08\/64dfdb9481d00__780x780.webp",780,439,false],"ultp_layout_landscape":["https:\/\/elfederalmendoza.com.ar\/wp-content\/uploads\/2023\/08\/64dfdb9481d00__780x780.webp",780,439,false],"ultp_layout_portrait":["https:\/\/elfederalmendoza.com.ar\/wp-content\/uploads\/2023\/08\/64dfdb9481d00__780x780-600x439.webp",600,439,true],"ultp_layout_square":["https:\/\/elfederalmendoza.com.ar\/wp-content\/uploads\/2023\/08\/64dfdb9481d00__780x780-600x439.webp",600,439,true],"rpwe-thumbnail":["https:\/\/elfederalmendoza.com.ar\/wp-content\/uploads\/2023\/08\/64dfdb9481d00__780x780-45x45.webp",45,45,true],"advps-thumb-one":["https:\/\/elfederalmendoza.com.ar\/wp-content\/uploads\/2023\/08\/64dfdb9481d00__780x780-780x420.webp",780,420,true]},"rttpg_author":{"display_name":"Redacci\u00f3n El Federal","author_link":"https:\/\/elfederalmendoza.com.ar\/index.php\/author\/angelflores\/"},"rttpg_comment":0,"rttpg_category":"<a href=\"https:\/\/elfederalmendoza.com.ar\/index.php\/category\/mza\/\" rel=\"category tag\">Mendoza<\/a>","rttpg_excerpt":"Mientras se espera que el juicio contra el suspendido juez federal\u00a0Walter Bento\u00a0se retome el pr\u00f3ximo 23 de agosto, un grupo de contrabandistas fue condenado luego de ser encontrados culpables por intentar ingresar mercader\u00eda sin declarar desde Chile a Mendoza. Hay tres hombres que est\u00e1n vinculados con Bento en la\u00a0causa por\u00a0coimas. Entre octubre y diciembre del&hellip;","_links":{"self":[{"href":"https:\/\/elfederalmendoza.com.ar\/index.php\/wp-json\/wp\/v2\/posts\/26519","targetHints":{"allow":["GET"]}}],"collection":[{"href":"https:\/\/elfederalmendoza.com.ar\/index.php\/wp-json\/wp\/v2\/posts"}],"about":[{"href":"https:\/\/elfederalmendoza.com.ar\/index.php\/wp-json\/wp\/v2\/types\/post"}],"author":[{"embeddable":true,"href":"https:\/\/elfederalmendoza.com.ar\/index.php\/wp-json\/wp\/v2\/users\/2"}],"replies":[{"embeddable":true,"href":"https:\/\/elfederalmendoza.com.ar\/index.php\/wp-json\/wp\/v2\/comments?post=26519"}],"version-history":[{"count":1,"href":"https:\/\/elfederalmendoza.com.ar\/index.php\/wp-json\/wp\/v2\/posts\/26519\/revisions"}],"predecessor-version":[{"id":26522,"href":"https:\/\/elfederalmendoza.com.ar\/index.php\/wp-json\/wp\/v2\/posts\/26519\/revisions\/26522"}],"wp:featuredmedia":[{"embeddable":true,"href":"https:\/\/elfederalmendoza.com.ar\/index.php\/wp-json\/wp\/v2\/media\/26520"}],"wp:attachment":[{"href":"https:\/\/elfederalmendoza.com.ar\/index.php\/wp-json\/wp\/v2\/media?parent=26519"}],"wp:term":[{"taxonomy":"category","embeddable":true,"href":"https:\/\/elfederalmendoza.com.ar\/index.php\/wp-json\/wp\/v2\/categories?post=26519"},{"taxonomy":"post_tag","embeddable":true,"href":"https:\/\/elfederalmendoza.com.ar\/index.php\/wp-json\/wp\/v2\/tags?post=26519"}],"curies":[{"name":"wp","href":"https:\/\/api.w.org\/{rel}","templated":true}]}}