{"id":26531,"date":"2023-08-20T07:42:53","date_gmt":"2023-08-20T10:42:53","guid":{"rendered":"https:\/\/elfederalmendoza.com\/?p=26531"},"modified":"2023-08-20T07:42:54","modified_gmt":"2023-08-20T10:42:54","slug":"videos-y-fotos-saqueos-enfrentamientos-con-la-policia-y-fuerte-custodia-en-supermercados-de-mendoza","status":"publish","type":"post","link":"https:\/\/elfederalmendoza.com.ar\/index.php\/2023\/08\/20\/videos-y-fotos-saqueos-enfrentamientos-con-la-policia-y-fuerte-custodia-en-supermercados-de-mendoza\/","title":{"rendered":"-VIDEOS Y FOTOS- Saqueos, enfrentamientos con la polic\u00eda y fuerte custodia en supermercados de Mendoza"},"content":{"rendered":"\n<p>Los hechos ocurrieron esta tarde en el marco de audios y grupos de WhatsApp que incitaban a saquear supermercados en Mendoza, hechos que generaron temor en la sociedad. Hay dos detenidos en Rivadavia por fogonear este tipo de delitos y 17 aprehendidos por los hechos en los Atomos de Las Heras.<\/p>\n\n\n\n<p>Un grupo de aproximadamente 30 personas intent\u00f3 saquear el\u00a0<strong>supermercado\u00a0Atomo\u00a0<\/strong>ubicado en calle Independencia y Laprida, del departamento de\u00a0<strong>Las Heras<\/strong>,\u00a0en la misma jornada que la Justicia local detuvo a dos personas que incitaron a trav\u00e9s de un grupo de WhatsApp a organizarse y llevar a cabo<strong>\u00a0saqueos\u00a0<\/strong>en Mendoza. Quienes fomentaron estos delitos durante jueves y viernes lograron generar un efecto este\u00a0s\u00e1bado, una jornada triste, marcada por la violencia y que genera una l\u00f3gica preocupaci\u00f3n en la sociedad: son escenas que retrotraen a la mayor crisis social y econ\u00f3mica del pa\u00eds en el nuevo siglo. El Gobierno de Mendoza debi\u00f3 desplegar fuerzas para controlar la situaci\u00f3n. Hubo varios focos de conflicto.\u00a0<\/p>\n\n\n\n<p>Los videos se multiplicaron en la red social X (Twitter), y fue tendencia todo el d\u00eda de ayer.<\/p>\n\n\n\n<blockquote class=\"twitter-tweet\"><p lang=\"es\" dir=\"ltr\">Esto es lo que los medios ensobrados por Sergio Massa no te muestran. Hoy empezaron los saqueos en Mendoza. Se\u00f1ores empez\u00f3 la ca\u00edda. \ud83d\udc47\ud83d\udca3\ud83d\udc4a\u270c\ud83c\udfff\ud83d\udce9 <a href=\"https:\/\/t.co\/Ytkv8kosxD\">pic.twitter.com\/Ytkv8kosxD<\/a><\/p>&mdash; Diego \u00c1lzaga Unzu\u00e9 (@atlanticsurff) <a href=\"https:\/\/twitter.com\/atlanticsurff\/status\/1693029230550851712?ref_src=twsrc%5Etfw\">August 19, 2023<\/a><\/blockquote> <script async src=\"https:\/\/platform.twitter.com\/widgets.js\" charset=\"utf-8\"><\/script>\n\n\n\n<p>Hay 17&nbsp;<strong>detenidos&nbsp;<\/strong>por los violentos hechos ocurridos esta tarde en&nbsp;<strong>Las Heras<\/strong>. Desde el Gobierno de Mendoza buscan llevar tranquilidad a la sociedad y aseguran que se trata de \u00abhechos aislados\u00bb. En un comunicado oficial, el ministro de Seguridad Ra\u00fal Levrino precis\u00f3 que&nbsp;\u201cqueremos transmitir tranquilidad a todos los mendocinos. En estos momentos las fuerzas de seguridad se encuentran desplegadas y trabajando en conjunto para garantizar la seguridad y el bienestar de la poblaci\u00f3n y ya tenemos detenidos\u201d.<\/p>\n\n\n\n<p>Cerca de la medianoche, contin\u00faa la fuerte custodia policial en distintos&nbsp;<strong>supermercados&nbsp;<\/strong>del mencionado departamento. Del operativo participan hasta helic\u00f3pteros. Fuentes indicaron que los controles en estos lugares se extender\u00e1n durante la madrugada.<\/p>\n\n\n\n<figure class=\"wp-block-image\"><img decoding=\"async\" src=\"https:\/\/www.mdzol.com\/u\/fotografias\/m\/2023\/8\/19\/f768x1-1462431_1462558_5050.jpg\" alt=\"\"\/><figcaption class=\"wp-element-caption\">CUSTODIA POLICIAL EN LAS HERAS. FOTO: SANTIAGO TAGUA<\/figcaption><\/figure>\n\n\n\n<figure class=\"wp-block-image\"><img decoding=\"async\" src=\"https:\/\/www.mdzol.com\/u\/fotografias\/m\/2023\/8\/19\/f768x1-1462432_1462559_5050.jpg\" alt=\"\"\/><figcaption class=\"wp-element-caption\">CUSTODIA POLICIAL EN LAS HERAS. FOTO: SANTIAGO TAGUA<\/figcaption><\/figure>\n\n\n\n<p>En este contexto, durante la tarde hubo enfrentamientos y piedrazos por parte de los grupos de personas que llegaron hasta el lugar para intentar ingresar al citado&nbsp;<strong>Atomo<\/strong>, del barrio Santa Teresita. Entre todas las tensiones que se&nbsp;vivieron esta tarde, el mayor foco de conflicto estuvo ah\u00ed. La empresa incluso decidi\u00f3 cerrar algunas sucursales \u00abpor prevenci\u00f3n\u00bb, como ocurri\u00f3 en el barrio Sanidad.&nbsp;<\/p>\n\n\n\n<p>A fines de poder controlar la situaci\u00f3n, la Polic\u00eda de Mendoza dispar\u00f3 en reiteradas ocasiones al aire para disuadir a las personas que se hab\u00edan acercado al lugar. Hubo enfrentamientos&nbsp;y piedrazos durante largas horas de tensi\u00f3n.<\/p>\n\n\n\n<p>Una\u00a0<strong>carnicer\u00eda\u00a0<\/strong>ubicada a unos 100 metros del\u00a0<strong>Atomo<\/strong>, fue saqueada por un grupo de personas, tal y como se ve los videos a continuaci\u00f3n.<\/p>\n\n\n\n<blockquote class=\"twitter-tweet\"><p lang=\"es\" dir=\"ltr\">Qu\u00e9 pasa que los medios no est\u00e1n hablando de los saqueos que hay en Mendoza? <a href=\"https:\/\/t.co\/D7vyjxdD65\">pic.twitter.com\/D7vyjxdD65<\/a><\/p>&mdash; termo (@usdtermo) <a href=\"https:\/\/twitter.com\/usdtermo\/status\/1693044208980955188?ref_src=twsrc%5Etfw\">August 19, 2023<\/a><\/blockquote> <script async src=\"https:\/\/platform.twitter.com\/widgets.js\" charset=\"utf-8\"><\/script>\n\n\n\n<p>\u00abAlrededor de 50 personas con intenciones de delinquir\u00bb buscaron ingresar al dep\u00f3sito de la firma\u00a0Atomo, ubicado en calle Constituci\u00f3n y \u00c1lvarez Condarco, de\u00a0<strong>Las Heras<\/strong>. Los delincuentes golpearon al\u00a0personal de seguridad quit\u00e1ndoles los equipos de radio. Robaron dos motos (una Honda Wave 110 cc y una Keeway 150 cc)\u00a0y celulares.\u00a0<\/p>\n\n\n\n<blockquote class=\"twitter-tweet\"><p lang=\"es\" dir=\"ltr\">SIGUEN LOS SAQUEOS EN LA ARGENTINA! <a href=\"https:\/\/twitter.com\/hashtag\/Mendoza?src=hash&amp;ref_src=twsrc%5Etfw\">#Mendoza<\/a> y ESTO RECI\u00c9N EMPIEZA!! \ud83d\udd25\ud83d\udd25\ud83d\udd25\ud83c\udccf<a href=\"https:\/\/twitter.com\/hashtag\/Felizdomingo?src=hash&amp;ref_src=twsrc%5Etfw\">#Felizdomingo<\/a> <a href=\"https:\/\/twitter.com\/hashtag\/inflacion?src=hash&amp;ref_src=twsrc%5Etfw\">#inflacion<\/a> <a href=\"https:\/\/twitter.com\/hashtag\/RenunciaMassa?src=hash&amp;ref_src=twsrc%5Etfw\">#RenunciaMassa<\/a> <a href=\"https:\/\/t.co\/EJ2nEyrFq0\">pic.twitter.com\/EJ2nEyrFq0<\/a><\/p>&mdash; Momobufon\ud83c\udccf\ud83c\udccf\ud83d\ude1c (@momobufon) <a href=\"https:\/\/twitter.com\/momobufon\/status\/1693100346971738455?ref_src=twsrc%5Etfw\">August 20, 2023<\/a><\/blockquote> <script async src=\"https:\/\/platform.twitter.com\/widgets.js\" charset=\"utf-8\"><\/script>\n\n\n\n<p>Otra situaci\u00f3n de intento de\u00a0<strong>saqueo\u00a0<\/strong>ocurrui\u00f3 en un\u00a0<strong>supermercado\u00a0<\/strong>del departamento de Guaymall\u00e9n, m\u00e1s precisamente en calles Avellaneda y Capilla de Nieve. En este caso debi\u00f3 intervenir personal de Infanter\u00eda, adem\u00e1s de la Polic\u00eda de Mendoza, para controlar la situaci\u00f3n.<\/p>\n\n\n\n<blockquote class=\"twitter-tweet\"><p lang=\"es\" dir=\"ltr\">Quiero presos a todos los que hicieron saqueos en las Heras , Mendoza. Hacete cargo <a href=\"https:\/\/twitter.com\/SergioMassa?ref_src=twsrc%5Etfw\">@SergioMassa<\/a> est\u00e1s destruyendo el pais HDP \ud83d\udea8 <a href=\"https:\/\/t.co\/aO5Ck32TSU\">pic.twitter.com\/aO5Ck32TSU<\/a><\/p>&mdash; GUSTAVO\ud83e\udd8a (@gustavoeloy635) <a href=\"https:\/\/twitter.com\/gustavoeloy635\/status\/1693077634001854464?ref_src=twsrc%5Etfw\">August 20, 2023<\/a><\/blockquote> <script async src=\"https:\/\/platform.twitter.com\/widgets.js\" charset=\"utf-8\"><\/script>\n\n\n\n<figure class=\"wp-block-image size-full\"><img loading=\"lazy\" decoding=\"async\" width=\"903\" height=\"602\" src=\"https:\/\/elfederalmendoza.com\/wp-content\/uploads\/2023\/08\/carniceria-destuida1.jpg\" alt=\"\" class=\"wp-image-26533\" srcset=\"https:\/\/elfederalmendoza.com.ar\/wp-content\/uploads\/2023\/08\/carniceria-destuida1.jpg 903w, https:\/\/elfederalmendoza.com.ar\/wp-content\/uploads\/2023\/08\/carniceria-destuida1-300x200.jpg 300w, https:\/\/elfederalmendoza.com.ar\/wp-content\/uploads\/2023\/08\/carniceria-destuida1-768x512.jpg 768w\" sizes=\"auto, (max-width: 903px) 100vw, 903px\" \/><\/figure>\n\n\n\n<figure class=\"wp-block-image size-full\"><img loading=\"lazy\" decoding=\"async\" width=\"905\" height=\"603\" src=\"https:\/\/elfederalmendoza.com\/wp-content\/uploads\/2023\/08\/carniceria-destuida.jpg\" alt=\"\" class=\"wp-image-26535\" srcset=\"https:\/\/elfederalmendoza.com.ar\/wp-content\/uploads\/2023\/08\/carniceria-destuida.jpg 905w, https:\/\/elfederalmendoza.com.ar\/wp-content\/uploads\/2023\/08\/carniceria-destuida-300x200.jpg 300w, https:\/\/elfederalmendoza.com.ar\/wp-content\/uploads\/2023\/08\/carniceria-destuida-768x512.jpg 768w\" sizes=\"auto, (max-width: 905px) 100vw, 905px\" \/><\/figure>\n","protected":false},"excerpt":{"rendered":"<p>Los hechos ocurrieron esta tarde en el marco de audios y grupos de WhatsApp que incitaban a saquear supermercados en Mendoza, hechos que generaron temor en la sociedad. Hay dos detenidos en Rivadavia por fogonear este tipo de delitos y 17 aprehendidos por los hechos en los Atomos de Las Heras. Un grupo de aproximadamente<a class=\"read-more\" href=\"https:\/\/elfederalmendoza.com.ar\/index.php\/2023\/08\/20\/videos-y-fotos-saqueos-enfrentamientos-con-la-policia-y-fuerte-custodia-en-supermercados-de-mendoza\/\"> [&hellip;]<\/a><\/p>\n","protected":false},"author":2,"featured_media":26536,"comment_status":"open","ping_status":"open","sticky":false,"template":"","format":"standard","meta":{"footnotes":""},"categories":[1],"tags":[],"class_list":["post-26531","post","type-post","status-publish","format-standard","has-post-thumbnail","hentry","category-mza"],"rttpg_featured_image_url":{"full":["https:\/\/elfederalmendoza.com.ar\/wp-content\/uploads\/2023\/08\/custodia-super.jpg",934,531,false],"landscape":["https:\/\/elfederalmendoza.com.ar\/wp-content\/uploads\/2023\/08\/custodia-super.jpg",934,531,false],"portraits":["https:\/\/elfederalmendoza.com.ar\/wp-content\/uploads\/2023\/08\/custodia-super.jpg",934,531,false],"thumbnail":["https:\/\/elfederalmendoza.com.ar\/wp-content\/uploads\/2023\/08\/custodia-super-150x150.jpg",150,150,true],"medium":["https:\/\/elfederalmendoza.com.ar\/wp-content\/uploads\/2023\/08\/custodia-super-300x171.jpg",300,171,true],"large":["https:\/\/elfederalmendoza.com.ar\/wp-content\/uploads\/2023\/08\/custodia-super.jpg",640,364,false],"1536x1536":["https:\/\/elfederalmendoza.com.ar\/wp-content\/uploads\/2023\/08\/custodia-super.jpg",934,531,false],"2048x2048":["https:\/\/elfederalmendoza.com.ar\/wp-content\/uploads\/2023\/08\/custodia-super.jpg",934,531,false],"ultp_layout_landscape_large":["https:\/\/elfederalmendoza.com.ar\/wp-content\/uploads\/2023\/08\/custodia-super.jpg",934,531,false],"ultp_layout_landscape":["https:\/\/elfederalmendoza.com.ar\/wp-content\/uploads\/2023\/08\/custodia-super-870x531.jpg",870,531,true],"ultp_layout_portrait":["https:\/\/elfederalmendoza.com.ar\/wp-content\/uploads\/2023\/08\/custodia-super-600x531.jpg",600,531,true],"ultp_layout_square":["https:\/\/elfederalmendoza.com.ar\/wp-content\/uploads\/2023\/08\/custodia-super-600x531.jpg",600,531,true],"rpwe-thumbnail":["https:\/\/elfederalmendoza.com.ar\/wp-content\/uploads\/2023\/08\/custodia-super-45x45.jpg",45,45,true],"advps-thumb-one":["https:\/\/elfederalmendoza.com.ar\/wp-content\/uploads\/2023\/08\/custodia-super-934x420.jpg",934,420,true]},"rttpg_author":{"display_name":"Redacci\u00f3n El Federal","author_link":"https:\/\/elfederalmendoza.com.ar\/index.php\/author\/angelflores\/"},"rttpg_comment":0,"rttpg_category":"<a href=\"https:\/\/elfederalmendoza.com.ar\/index.php\/category\/mza\/\" rel=\"category tag\">Mendoza<\/a>","rttpg_excerpt":"Los hechos ocurrieron esta tarde en el marco de audios y grupos de WhatsApp que incitaban a saquear supermercados en Mendoza, hechos que generaron temor en la sociedad. Hay dos detenidos en Rivadavia por fogonear este tipo de delitos y 17 aprehendidos por los hechos en los Atomos de Las Heras. Un grupo de aproximadamente&hellip;","_links":{"self":[{"href":"https:\/\/elfederalmendoza.com.ar\/index.php\/wp-json\/wp\/v2\/posts\/26531","targetHints":{"allow":["GET"]}}],"collection":[{"href":"https:\/\/elfederalmendoza.com.ar\/index.php\/wp-json\/wp\/v2\/posts"}],"about":[{"href":"https:\/\/elfederalmendoza.com.ar\/index.php\/wp-json\/wp\/v2\/types\/post"}],"author":[{"embeddable":true,"href":"https:\/\/elfederalmendoza.com.ar\/index.php\/wp-json\/wp\/v2\/users\/2"}],"replies":[{"embeddable":true,"href":"https:\/\/elfederalmendoza.com.ar\/index.php\/wp-json\/wp\/v2\/comments?post=26531"}],"version-history":[{"count":1,"href":"https:\/\/elfederalmendoza.com.ar\/index.php\/wp-json\/wp\/v2\/posts\/26531\/revisions"}],"predecessor-version":[{"id":26537,"href":"https:\/\/elfederalmendoza.com.ar\/index.php\/wp-json\/wp\/v2\/posts\/26531\/revisions\/26537"}],"wp:featuredmedia":[{"embeddable":true,"href":"https:\/\/elfederalmendoza.com.ar\/index.php\/wp-json\/wp\/v2\/media\/26536"}],"wp:attachment":[{"href":"https:\/\/elfederalmendoza.com.ar\/index.php\/wp-json\/wp\/v2\/media?parent=26531"}],"wp:term":[{"taxonomy":"category","embeddable":true,"href":"https:\/\/elfederalmendoza.com.ar\/index.php\/wp-json\/wp\/v2\/categories?post=26531"},{"taxonomy":"post_tag","embeddable":true,"href":"https:\/\/elfederalmendoza.com.ar\/index.php\/wp-json\/wp\/v2\/tags?post=26531"}],"curies":[{"name":"wp","href":"https:\/\/api.w.org\/{rel}","templated":true}]}}