{"id":26554,"date":"2023-08-20T04:30:00","date_gmt":"2023-08-20T07:30:00","guid":{"rendered":"https:\/\/elfederalmendoza.com\/?p=26554"},"modified":"2023-08-20T09:37:59","modified_gmt":"2023-08-20T12:37:59","slug":"video-una-profesora-insulto-a-milei-y-a-quienes-lo-votaron-sabes-cual-es-el-problema-atrajo-a-la-gente-mas-pelotuda-que-el","status":"publish","type":"post","link":"https:\/\/elfederalmendoza.com.ar\/index.php\/2023\/08\/20\/video-una-profesora-insulto-a-milei-y-a-quienes-lo-votaron-sabes-cual-es-el-problema-atrajo-a-la-gente-mas-pelotuda-que-el\/","title":{"rendered":"-VIDEO- Una profesora insult\u00f3 a Milei y a quienes lo votaron: \u00ab\u00bfsab\u00e9s cu\u00e1l es el problema? Atrajo a la gente m\u00e1s pelotuda que \u00e9l\u00bb"},"content":{"rendered":"\n<p>Una docente cordobesa se refiri\u00f3 en duros t\u00e9rminos al candidato presidencial de la Libertad Avanza,<strong>\u00a0Javier Milei<\/strong>, en un episodio que qued\u00f3 registrado en un video y que r\u00e1pidamente se hizo viral en las redes sociales.\u00a0<\/p>\n\n\n\n<p>La mujer, quien dicta clases en una escuela secundaria de La Calera, trat\u00f3 a Milei d<strong>e \u00abculiado y pelotudo de m&#8230;\u00bb<\/strong>, frente a sus alumnos. De acuerdo con el reporte de El Doce de C\u00f3rdoba, las im\u00e1genes fueron registradas por las c\u00e1maras de los celulares de los estudiantes:<strong> \u00ab\u00bfSaben qu\u00e9? Se merecen un gobierno como el de Milei que les saque todos los derechos y van a tener que salir a pelear a la calle por perder todo lo que perdieron por pelotudos\u00bb<\/strong>, manifest\u00f3 la profesora.\u00a0<\/p>\n\n\n\n<p>Mientras que, en un audio, grabado en ese mismo instante, uno de los alumnos dijo que el candidato de La Libertad Avanza \u00abfue inteligente\u00bb al hacer una campa\u00f1a \u00abpara atraer a los j\u00f3venes\u00bb.&nbsp;<\/p>\n\n\n\n<blockquote class=\"twitter-tweet\"><p lang=\"es\" dir=\"ltr\">Una maestra argentina insulta a los alumnos dici\u00e9ndoles &quot;pelotudos&quot; por votar -o por su familiares- haber votado por Javier Milei.<br><br>Los socialistas no tienen ning\u00fan tipo de verguenza o \u00e9tica, ni personal, ni profesional.<a href=\"https:\/\/t.co\/khGo24oVqC\">pic.twitter.com\/khGo24oVqC<\/a><\/p>&mdash; Emmanuel Rinc\u00f3n (@EmmaRincon) <a href=\"https:\/\/twitter.com\/EmmaRincon\/status\/1692669679590916148?ref_src=twsrc%5Etfw\">August 18, 2023<\/a><\/blockquote> <script async src=\"https:\/\/platform.twitter.com\/widgets.js\" charset=\"utf-8\"><\/script>\n\n\n\n<p>Ante esto, la docente comenz\u00f3 a gritar e insultar: <strong>\u00abNo fue inteligente, fue un culiado, un pelotudo de mierda y \u00bfsab\u00e9s cu\u00e1l es el problema? Atrajo a la gente m\u00e1s pelotuda que \u00e9l\u00bb<\/strong>. \u00abEn el pa\u00eds de los ciegos, el tuerto es rey. Si vos no sab\u00e9s una mierda, alguien que sepa un poquito m\u00e1s que vos te va a manipular. Esa es la realidad y ninguno de ustedes se pone las pilas para saber ni mierda. \u00bfO es mentira lo que digo?\u00bb, remarc\u00f3.\u00a0<\/p>\n\n\n\n<p>Y en un tono m\u00e1s elevado, agreg\u00f3: \u00abVienen ac\u00e1 como si fuera&#8230; \u2018ah, ya est\u00e1, las viejas estas que rompen las bolas&#8217;. \u00a1Culeados! Aprovechen el tiempo que est\u00e1n ac\u00e1\u00bb.&nbsp;<\/p>\n\n\n\n<figure class=\"wp-block-image is-resized\"><img loading=\"lazy\" decoding=\"async\" src=\"https:\/\/www.mendozapost.com\/files\/image\/504\/504935\/64da2b385cc2e_570_315!.jpg?s=35df1ac03a539e2f2140e51d41ea59c8&amp;d=1692057340\" alt=\"\" width=\"835\" height=\"461\"\/><figcaption class=\"wp-element-caption\">Milei gan\u00f3 en la mayor\u00eda de las provincias<\/figcaption><\/figure>\n\n\n\n<p>Por su parte, el ministerio de Educaci\u00f3n de la provincia ya solicit\u00f3 los informes correspondientes \u00abpara valorar el contexto y los objetivos de ese intercambio. La escuela construye ciudadan\u00eda en nuestros estudiantes, pero esas no son formas de promover un debate constructivo\u00bb.<\/p>\n\n\n\n<p><\/p>\n","protected":false},"excerpt":{"rendered":"<p>Una docente cordobesa se refiri\u00f3 en duros t\u00e9rminos al candidato presidencial de la Libertad Avanza,\u00a0Javier Milei, en un episodio que qued\u00f3 registrado en un video y que r\u00e1pidamente se hizo viral en las redes sociales.\u00a0 La mujer, quien dicta clases en una escuela secundaria de La Calera, trat\u00f3 a Milei de \u00abculiado y pelotudo de<a class=\"read-more\" href=\"https:\/\/elfederalmendoza.com.ar\/index.php\/2023\/08\/20\/video-una-profesora-insulto-a-milei-y-a-quienes-lo-votaron-sabes-cual-es-el-problema-atrajo-a-la-gente-mas-pelotuda-que-el\/\"> [&hellip;]<\/a><\/p>\n","protected":false},"author":2,"featured_media":26556,"comment_status":"open","ping_status":"open","sticky":false,"template":"","format":"standard","meta":{"footnotes":""},"categories":[5618],"tags":[],"class_list":["post-26554","post","type-post","status-publish","format-standard","has-post-thumbnail","hentry","category-arg"],"rttpg_featured_image_url":{"full":["https:\/\/elfederalmendoza.com.ar\/wp-content\/uploads\/2023\/08\/profe-milei.jpg",1140,640,false],"landscape":["https:\/\/elfederalmendoza.com.ar\/wp-content\/uploads\/2023\/08\/profe-milei.jpg",1140,640,false],"portraits":["https:\/\/elfederalmendoza.com.ar\/wp-content\/uploads\/2023\/08\/profe-milei.jpg",1140,640,false],"thumbnail":["https:\/\/elfederalmendoza.com.ar\/wp-content\/uploads\/2023\/08\/profe-milei-150x150.jpg",150,150,true],"medium":["https:\/\/elfederalmendoza.com.ar\/wp-content\/uploads\/2023\/08\/profe-milei-300x168.jpg",300,168,true],"large":["https:\/\/elfederalmendoza.com.ar\/wp-content\/uploads\/2023\/08\/profe-milei-1024x575.jpg",640,359,true],"1536x1536":["https:\/\/elfederalmendoza.com.ar\/wp-content\/uploads\/2023\/08\/profe-milei.jpg",1140,640,false],"2048x2048":["https:\/\/elfederalmendoza.com.ar\/wp-content\/uploads\/2023\/08\/profe-milei.jpg",1140,640,false],"ultp_layout_landscape_large":["https:\/\/elfederalmendoza.com.ar\/wp-content\/uploads\/2023\/08\/profe-milei.jpg",1140,640,false],"ultp_layout_landscape":["https:\/\/elfederalmendoza.com.ar\/wp-content\/uploads\/2023\/08\/profe-milei-870x570.jpg",870,570,true],"ultp_layout_portrait":["https:\/\/elfederalmendoza.com.ar\/wp-content\/uploads\/2023\/08\/profe-milei-600x640.jpg",600,640,true],"ultp_layout_square":["https:\/\/elfederalmendoza.com.ar\/wp-content\/uploads\/2023\/08\/profe-milei-600x600.jpg",600,600,true],"rpwe-thumbnail":["https:\/\/elfederalmendoza.com.ar\/wp-content\/uploads\/2023\/08\/profe-milei-45x45.jpg",45,45,true],"advps-thumb-one":["https:\/\/elfederalmendoza.com.ar\/wp-content\/uploads\/2023\/08\/profe-milei-1140x420.jpg",1140,420,true]},"rttpg_author":{"display_name":"Redacci\u00f3n El Federal","author_link":"https:\/\/elfederalmendoza.com.ar\/index.php\/author\/angelflores\/"},"rttpg_comment":0,"rttpg_category":"<a href=\"https:\/\/elfederalmendoza.com.ar\/index.php\/category\/arg\/\" rel=\"category tag\">Argentina<\/a>","rttpg_excerpt":"Una docente cordobesa se refiri\u00f3 en duros t\u00e9rminos al candidato presidencial de la Libertad Avanza,\u00a0Javier Milei, en un episodio que qued\u00f3 registrado en un video y que r\u00e1pidamente se hizo viral en las redes sociales.\u00a0 La mujer, quien dicta clases en una escuela secundaria de La Calera, trat\u00f3 a Milei de \u00abculiado y pelotudo de&hellip;","_links":{"self":[{"href":"https:\/\/elfederalmendoza.com.ar\/index.php\/wp-json\/wp\/v2\/posts\/26554","targetHints":{"allow":["GET"]}}],"collection":[{"href":"https:\/\/elfederalmendoza.com.ar\/index.php\/wp-json\/wp\/v2\/posts"}],"about":[{"href":"https:\/\/elfederalmendoza.com.ar\/index.php\/wp-json\/wp\/v2\/types\/post"}],"author":[{"embeddable":true,"href":"https:\/\/elfederalmendoza.com.ar\/index.php\/wp-json\/wp\/v2\/users\/2"}],"replies":[{"embeddable":true,"href":"https:\/\/elfederalmendoza.com.ar\/index.php\/wp-json\/wp\/v2\/comments?post=26554"}],"version-history":[{"count":1,"href":"https:\/\/elfederalmendoza.com.ar\/index.php\/wp-json\/wp\/v2\/posts\/26554\/revisions"}],"predecessor-version":[{"id":26557,"href":"https:\/\/elfederalmendoza.com.ar\/index.php\/wp-json\/wp\/v2\/posts\/26554\/revisions\/26557"}],"wp:featuredmedia":[{"embeddable":true,"href":"https:\/\/elfederalmendoza.com.ar\/index.php\/wp-json\/wp\/v2\/media\/26556"}],"wp:attachment":[{"href":"https:\/\/elfederalmendoza.com.ar\/index.php\/wp-json\/wp\/v2\/media?parent=26554"}],"wp:term":[{"taxonomy":"category","embeddable":true,"href":"https:\/\/elfederalmendoza.com.ar\/index.php\/wp-json\/wp\/v2\/categories?post=26554"},{"taxonomy":"post_tag","embeddable":true,"href":"https:\/\/elfederalmendoza.com.ar\/index.php\/wp-json\/wp\/v2\/tags?post=26554"}],"curies":[{"name":"wp","href":"https:\/\/api.w.org\/{rel}","templated":true}]}}