{"id":26559,"date":"2023-08-20T03:23:00","date_gmt":"2023-08-20T06:23:00","guid":{"rendered":"https:\/\/elfederalmendoza.com\/?p=26559"},"modified":"2023-08-20T10:45:58","modified_gmt":"2023-08-20T13:45:58","slug":"video-la-historia-de-leda-la-mujer-que-avalada-por-la-iglesia-cura-a-miles-de-personas-por-imposicion-de-manos","status":"publish","type":"post","link":"https:\/\/elfederalmendoza.com.ar\/index.php\/2023\/08\/20\/video-la-historia-de-leda-la-mujer-que-avalada-por-la-iglesia-cura-a-miles-de-personas-por-imposicion-de-manos\/","title":{"rendered":"-VIDEO- La historia de Leda: la mujer que, avalada por la Iglesia, cura a miles de personas por imposici\u00f3n de manos"},"content":{"rendered":"\n<p><strong>Leda Bergonzi,<\/strong>\u00a0una mujer con un don \u00fanico de \u00absanaci\u00f3n\u00bb avalado por la Iglesia Cat\u00f3lica, ha estado brindando alivio espiritual y curaci\u00f3n a cientos de fieles que la buscan semanalmente. A trav\u00e9s de sus oraciones y bendiciones, Leda ha dejado una marca significativa en la comunidad, despertando la esperanza y la fe en aquellos que sufren.<\/p>\n\n\n\n<p><a href=\"https:\/\/tn.com.ar\/sociedad\/2023\/08\/19\/quien-es-leda-la-mujer-avalada-por-la-iglesia-que-sana-a-los-enfermos-por-imposicion-de-manos-en-rosario\/\" target=\"_blank\" rel=\"noreferrer noopener\"><strong>Leda Bergonzi<\/strong><\/a>continuar\u00e1 sus jornadas de sanaci\u00f3n\u00a0<strong>en la Parroquia Inmaculada Concepci\u00f3n, en Ricchieri 280, parroquia Pichincha, Rosario<\/strong>. Este templo es amplio y alcanza para la creciente cantidad de fieles que acuden a su ayuda.<\/p>\n\n\n\n<figure class=\"wp-block-image size-full\"><img loading=\"lazy\" decoding=\"async\" width=\"982\" height=\"552\" src=\"https:\/\/elfederalmendoza.com\/wp-content\/uploads\/2023\/08\/LEDA1.jpg\" alt=\"\" class=\"wp-image-26567\" srcset=\"https:\/\/elfederalmendoza.com.ar\/wp-content\/uploads\/2023\/08\/LEDA1.jpg 982w, https:\/\/elfederalmendoza.com.ar\/wp-content\/uploads\/2023\/08\/LEDA1-300x169.jpg 300w, https:\/\/elfederalmendoza.com.ar\/wp-content\/uploads\/2023\/08\/LEDA1-768x432.jpg 768w\" sizes=\"auto, (max-width: 982px) 100vw, 982px\" \/><\/figure>\n\n\n\n<p>En una entrevista con\u00a0<em>Telenoche<\/em>\u00a0(eltrece), Leda comparti\u00f3 su perspectiva sobre su capacidad para sanar.\u00a0<strong>\u00abPoseo un don de Dios\u00bb<\/strong>, afirm\u00f3. Agreg\u00f3 que lo m\u00e1s importante para ella es transmitir a la gente que la presencia divina est\u00e1 siempre con ellos. Aquellos que han experimentado sus \u00absanaciones\u00bb han afirmado haber sido curados de diversas patolog\u00edas.<\/p>\n\n\n\n<figure class=\"wp-block-embed is-type-video is-provider-youtube wp-block-embed-youtube wp-embed-aspect-4-3 wp-has-aspect-ratio\"><div class=\"wp-block-embed__wrapper\">\n<iframe loading=\"lazy\" title=\"Leda en la catedral 1\" width=\"640\" height=\"480\" src=\"https:\/\/www.youtube.com\/embed\/Tyw5Me18J6w?feature=oembed\" frameborder=\"0\" allow=\"accelerometer; autoplay; clipboard-write; encrypted-media; gyroscope; picture-in-picture; web-share\" referrerpolicy=\"strict-origin-when-cross-origin\" allowfullscreen><\/iframe>\n<\/div><\/figure>\n\n\n\n<p>La Catedral de Rosario se convierte en un lugar de encuentro cada martes, donde cientos de personas se congregan para recibir la bendici\u00f3n de Leda. Entre los testimonios compartidos en la entrevista, un hombre que hab\u00eda perdido la visi\u00f3n en un ojo comparti\u00f3 su asombro despu\u00e9s de haber experimentado l\u00e1grimas inmediatas durante la imposici\u00f3n de manos de Leda.&nbsp;<strong>Otros fieles expresaron su sensaci\u00f3n de incredulidad y admiraci\u00f3n al encontrarse ante ella, calificando la experiencia como \u00fanica y paralizante.<\/strong><\/p>\n\n\n\n<blockquote class=\"twitter-tweet\"><p lang=\"es\" dir=\"ltr\">\ud83e\udd14\u00bfQui\u00e9n es Leda Bergonzi? <br><br>La mujer cada martes convoca a miles de personas para orar en una capilla c\u00e9ntrica. Le adjudican la sanaci\u00f3n de dolencias f\u00edsicas y emocionales.<a href=\"https:\/\/twitter.com\/hashtag\/TelenocheRosario?src=hash&amp;ref_src=twsrc%5Etfw\">#TelenocheRosario<\/a> <a href=\"https:\/\/t.co\/KhXCfAneHk\">pic.twitter.com\/KhXCfAneHk<\/a><\/p>&mdash; Telenoche Rosario (@telenocheRos) <a href=\"https:\/\/twitter.com\/telenocheRos\/status\/1691592405743497535?ref_src=twsrc%5Etfw\">August 15, 2023<\/a><\/blockquote> <script async src=\"https:\/\/platform.twitter.com\/widgets.js\" charset=\"utf-8\"><\/script>\n","protected":false},"excerpt":{"rendered":"<p>Leda Bergonzi,\u00a0una mujer con un don \u00fanico de \u00absanaci\u00f3n\u00bb avalado por la Iglesia Cat\u00f3lica, ha estado brindando alivio espiritual y curaci\u00f3n a cientos de fieles que la buscan semanalmente. A trav\u00e9s de sus oraciones y bendiciones, Leda ha dejado una marca significativa en la comunidad, despertando la esperanza y la fe en aquellos que sufren.<a class=\"read-more\" href=\"https:\/\/elfederalmendoza.com.ar\/index.php\/2023\/08\/20\/video-la-historia-de-leda-la-mujer-que-avalada-por-la-iglesia-cura-a-miles-de-personas-por-imposicion-de-manos\/\"> [&hellip;]<\/a><\/p>\n","protected":false},"author":2,"featured_media":26561,"comment_status":"open","ping_status":"open","sticky":false,"template":"","format":"standard","meta":{"footnotes":""},"categories":[5618],"tags":[],"class_list":["post-26559","post","type-post","status-publish","format-standard","has-post-thumbnail","hentry","category-arg"],"rttpg_featured_image_url":{"full":["https:\/\/elfederalmendoza.com.ar\/wp-content\/uploads\/2023\/08\/leda.jpg",929,528,false],"landscape":["https:\/\/elfederalmendoza.com.ar\/wp-content\/uploads\/2023\/08\/leda.jpg",929,528,false],"portraits":["https:\/\/elfederalmendoza.com.ar\/wp-content\/uploads\/2023\/08\/leda.jpg",929,528,false],"thumbnail":["https:\/\/elfederalmendoza.com.ar\/wp-content\/uploads\/2023\/08\/leda-150x150.jpg",150,150,true],"medium":["https:\/\/elfederalmendoza.com.ar\/wp-content\/uploads\/2023\/08\/leda-300x171.jpg",300,171,true],"large":["https:\/\/elfederalmendoza.com.ar\/wp-content\/uploads\/2023\/08\/leda.jpg",640,364,false],"1536x1536":["https:\/\/elfederalmendoza.com.ar\/wp-content\/uploads\/2023\/08\/leda.jpg",929,528,false],"2048x2048":["https:\/\/elfederalmendoza.com.ar\/wp-content\/uploads\/2023\/08\/leda.jpg",929,528,false],"ultp_layout_landscape_large":["https:\/\/elfederalmendoza.com.ar\/wp-content\/uploads\/2023\/08\/leda.jpg",929,528,false],"ultp_layout_landscape":["https:\/\/elfederalmendoza.com.ar\/wp-content\/uploads\/2023\/08\/leda-870x528.jpg",870,528,true],"ultp_layout_portrait":["https:\/\/elfederalmendoza.com.ar\/wp-content\/uploads\/2023\/08\/leda-600x528.jpg",600,528,true],"ultp_layout_square":["https:\/\/elfederalmendoza.com.ar\/wp-content\/uploads\/2023\/08\/leda-600x528.jpg",600,528,true],"rpwe-thumbnail":["https:\/\/elfederalmendoza.com.ar\/wp-content\/uploads\/2023\/08\/leda-45x45.jpg",45,45,true],"advps-thumb-one":["https:\/\/elfederalmendoza.com.ar\/wp-content\/uploads\/2023\/08\/leda-929x420.jpg",929,420,true]},"rttpg_author":{"display_name":"Redacci\u00f3n El Federal","author_link":"https:\/\/elfederalmendoza.com.ar\/index.php\/author\/angelflores\/"},"rttpg_comment":0,"rttpg_category":"<a href=\"https:\/\/elfederalmendoza.com.ar\/index.php\/category\/arg\/\" rel=\"category tag\">Argentina<\/a>","rttpg_excerpt":"Leda Bergonzi,\u00a0una mujer con un don \u00fanico de \u00absanaci\u00f3n\u00bb avalado por la Iglesia Cat\u00f3lica, ha estado brindando alivio espiritual y curaci\u00f3n a cientos de fieles que la buscan semanalmente. A trav\u00e9s de sus oraciones y bendiciones, Leda ha dejado una marca significativa en la comunidad, despertando la esperanza y la fe en aquellos que sufren.&hellip;","_links":{"self":[{"href":"https:\/\/elfederalmendoza.com.ar\/index.php\/wp-json\/wp\/v2\/posts\/26559","targetHints":{"allow":["GET"]}}],"collection":[{"href":"https:\/\/elfederalmendoza.com.ar\/index.php\/wp-json\/wp\/v2\/posts"}],"about":[{"href":"https:\/\/elfederalmendoza.com.ar\/index.php\/wp-json\/wp\/v2\/types\/post"}],"author":[{"embeddable":true,"href":"https:\/\/elfederalmendoza.com.ar\/index.php\/wp-json\/wp\/v2\/users\/2"}],"replies":[{"embeddable":true,"href":"https:\/\/elfederalmendoza.com.ar\/index.php\/wp-json\/wp\/v2\/comments?post=26559"}],"version-history":[{"count":3,"href":"https:\/\/elfederalmendoza.com.ar\/index.php\/wp-json\/wp\/v2\/posts\/26559\/revisions"}],"predecessor-version":[{"id":26568,"href":"https:\/\/elfederalmendoza.com.ar\/index.php\/wp-json\/wp\/v2\/posts\/26559\/revisions\/26568"}],"wp:featuredmedia":[{"embeddable":true,"href":"https:\/\/elfederalmendoza.com.ar\/index.php\/wp-json\/wp\/v2\/media\/26561"}],"wp:attachment":[{"href":"https:\/\/elfederalmendoza.com.ar\/index.php\/wp-json\/wp\/v2\/media?parent=26559"}],"wp:term":[{"taxonomy":"category","embeddable":true,"href":"https:\/\/elfederalmendoza.com.ar\/index.php\/wp-json\/wp\/v2\/categories?post=26559"},{"taxonomy":"post_tag","embeddable":true,"href":"https:\/\/elfederalmendoza.com.ar\/index.php\/wp-json\/wp\/v2\/tags?post=26559"}],"curies":[{"name":"wp","href":"https:\/\/api.w.org\/{rel}","templated":true}]}}