{"id":26575,"date":"2023-08-20T01:54:00","date_gmt":"2023-08-20T04:54:00","guid":{"rendered":"https:\/\/elfederalmendoza.com\/?p=26575"},"modified":"2023-08-20T13:10:43","modified_gmt":"2023-08-20T16:10:43","slug":"que-ver-este-fin-semana-largo-una-madre-perfecta-y-una-revelacion-espeluznante-de-su-hija","status":"publish","type":"post","link":"https:\/\/elfederalmendoza.com.ar\/index.php\/2023\/08\/20\/que-ver-este-fin-semana-largo-una-madre-perfecta-y-una-revelacion-espeluznante-de-su-hija\/","title":{"rendered":"Que ver este fin semana largo: \u00abUna madre perfecta\u00bb y una revelaci\u00f3n espeluznante de su hija"},"content":{"rendered":"\n<p>La\u00a0<strong>serie\u00a0<\/strong>belga de\u00a0<strong>Netflix\u00a0<\/strong>es un verdadero \u00e9xito y ha logrado posicionarse dentro las m\u00e1s recomendadas del g\u00e9nero dram\u00e1tico.<\/p>\n\n\n\n<p><strong>Una madre perfecta&nbsp;<\/strong>es una producci\u00f3n original que lleg\u00f3 a&nbsp;<strong>Netflix&nbsp;<\/strong>a mediados del 2021, con un relato que te pondr\u00e1 a dudar de todo el mundo.<\/p>\n\n\n\n<p>Con un relato cargado de drama y suspenso, la&nbsp;<strong>serie&nbsp;<\/strong>de&nbsp;<strong>Netflix&nbsp;<\/strong>no te dar\u00e1 respiro con sus 4 cap\u00edtulos intensos.<\/p>\n\n\n\n<p>La&nbsp;<strong>serie de Netflix<\/strong>, que se estren\u00f3 en junio del 2021, cuenta con apenas 4 cap\u00edtulos, y ronda entre 45 y 55 minutos de duraci\u00f3n cada uno.<\/p>\n\n\n\n<p>La exitosa miniserie que est\u00e1 en&nbsp;<strong>Netflix<\/strong>&nbsp;es una gran opci\u00f3n para pasar horas viendo la atrapante historia. Las producciones m\u00e1s cortas, empiezan a ganar fuerza entre los fans de la plataforma de&nbsp;<strong>streaming<\/strong>.<\/p>\n\n\n\n<h2 class=\"wp-block-heading\">Netflix: de qu\u00e9 trata la serie&nbsp;<strong>Una madre perfecta<\/strong><\/h2>\n\n\n\n<p>La&nbsp;<strong>serie Una madre perfecta<\/strong>, en su sinopsis oficial de&nbsp;<strong>Netflix<\/strong>, se\u00f1ala: \u201cUna madre decidida a demostrar la inocencia de su hija termina descubriendo que la verdad duele&#8230; y que los l\u00edmites entre v\u00edctima y victimario, a veces, se confunden\u201d.<\/p>\n\n\n\n<figure class=\"wp-block-image\"><img decoding=\"async\" src=\"https:\/\/media.diariouno.com.ar\/p\/0a2997454dc75ad495313ec90260ad9e\/adjuntos\/298\/imagenes\/009\/213\/0009213132\/1200x0\/smart\/una-madre-perfecta-2jpg.jpg\" alt=\"\" title=\"\"\/><\/figure>\n\n\n\n<p>La&nbsp;<strong>serie&nbsp;<\/strong>de&nbsp;<strong>Netflix&nbsp;<\/strong>cuenta s\u00f3lo con 4 cap\u00edtulos.<\/p>\n\n\n\n<h2 class=\"wp-block-heading\"><strong>Reparto de Una madre perfecta, serie de Netflix<\/strong><\/h2>\n\n\n\n<ul class=\"wp-block-list\">\n<li>&nbsp;Julie Gayet es H\u00e9l\u00e8ne Berg<\/li>\n\n\n\n<li>Tomer Sisley es Vincent Duc<\/li>\n\n\n\n<li>Eden Ducourant es Anya Berg<\/li>\n\n\n\n<li>Andreas Poetschmann es Matthias Berg<\/li>\n\n\n\n<li>Cyril Gue\u00ef es Julien Mani<\/li>\n\n\n\n<li>Sylvain Dieuaide es Franck<\/li>\n\n\n\n<li>Maxim Driesen es Lukas Berg<\/li>\n\n\n\n<li>Emilia N\u00f6th es Mia<\/li>\n\n\n\n<li>Halima Ilter es Maryam<\/li>\n\n\n\n<li>Hatik es Bash<\/li>\n\n\n\n<li>In\u00e9s Spiridonov es Julie Gauthier<\/li>\n<\/ul>\n\n\n\n<h2 class=\"wp-block-heading\"><strong>Tr\u00e1iler de Una madre perfecta, serie de Netflix<\/strong><\/h2>\n\n\n\n<figure class=\"wp-block-embed is-type-video is-provider-youtube wp-block-embed-youtube wp-embed-aspect-16-9 wp-has-aspect-ratio\"><div class=\"wp-block-embed__wrapper\">\n<iframe loading=\"lazy\" title=\"Una Madre Perfecta | Netflix | Tr\u00e1iler Oficial Subtitulado\" width=\"640\" height=\"360\" src=\"https:\/\/www.youtube.com\/embed\/qRrtk4qrP-E?feature=oembed\" frameborder=\"0\" allow=\"accelerometer; autoplay; clipboard-write; encrypted-media; gyroscope; picture-in-picture; web-share\" referrerpolicy=\"strict-origin-when-cross-origin\" allowfullscreen><\/iframe>\n<\/div><\/figure>\n","protected":false},"excerpt":{"rendered":"<p>La\u00a0serie\u00a0belga de\u00a0Netflix\u00a0es un verdadero \u00e9xito y ha logrado posicionarse dentro las m\u00e1s recomendadas del g\u00e9nero dram\u00e1tico. Una madre perfecta&nbsp;es una producci\u00f3n original que lleg\u00f3 a&nbsp;Netflix&nbsp;a mediados del 2021, con un relato que te pondr\u00e1 a dudar de todo el mundo. Con un relato cargado de drama y suspenso, la&nbsp;serie&nbsp;de&nbsp;Netflix&nbsp;no te dar\u00e1 respiro con sus 4<a class=\"read-more\" href=\"https:\/\/elfederalmendoza.com.ar\/index.php\/2023\/08\/20\/que-ver-este-fin-semana-largo-una-madre-perfecta-y-una-revelacion-espeluznante-de-su-hija\/\"> [&hellip;]<\/a><\/p>\n","protected":false},"author":2,"featured_media":26577,"comment_status":"open","ping_status":"open","sticky":false,"template":"","format":"standard","meta":{"footnotes":""},"categories":[5618],"tags":[],"class_list":["post-26575","post","type-post","status-publish","format-standard","has-post-thumbnail","hentry","category-arg"],"rttpg_featured_image_url":{"full":["https:\/\/elfederalmendoza.com.ar\/wp-content\/uploads\/2023\/08\/una-madre-perfecta1.jpg",833,552,false],"landscape":["https:\/\/elfederalmendoza.com.ar\/wp-content\/uploads\/2023\/08\/una-madre-perfecta1.jpg",833,552,false],"portraits":["https:\/\/elfederalmendoza.com.ar\/wp-content\/uploads\/2023\/08\/una-madre-perfecta1.jpg",833,552,false],"thumbnail":["https:\/\/elfederalmendoza.com.ar\/wp-content\/uploads\/2023\/08\/una-madre-perfecta1-150x150.jpg",150,150,true],"medium":["https:\/\/elfederalmendoza.com.ar\/wp-content\/uploads\/2023\/08\/una-madre-perfecta1-300x199.jpg",300,199,true],"large":["https:\/\/elfederalmendoza.com.ar\/wp-content\/uploads\/2023\/08\/una-madre-perfecta1.jpg",640,424,false],"1536x1536":["https:\/\/elfederalmendoza.com.ar\/wp-content\/uploads\/2023\/08\/una-madre-perfecta1.jpg",833,552,false],"2048x2048":["https:\/\/elfederalmendoza.com.ar\/wp-content\/uploads\/2023\/08\/una-madre-perfecta1.jpg",833,552,false],"ultp_layout_landscape_large":["https:\/\/elfederalmendoza.com.ar\/wp-content\/uploads\/2023\/08\/una-madre-perfecta1.jpg",833,552,false],"ultp_layout_landscape":["https:\/\/elfederalmendoza.com.ar\/wp-content\/uploads\/2023\/08\/una-madre-perfecta1.jpg",833,552,false],"ultp_layout_portrait":["https:\/\/elfederalmendoza.com.ar\/wp-content\/uploads\/2023\/08\/una-madre-perfecta1-600x552.jpg",600,552,true],"ultp_layout_square":["https:\/\/elfederalmendoza.com.ar\/wp-content\/uploads\/2023\/08\/una-madre-perfecta1-600x552.jpg",600,552,true],"rpwe-thumbnail":["https:\/\/elfederalmendoza.com.ar\/wp-content\/uploads\/2023\/08\/una-madre-perfecta1-45x45.jpg",45,45,true],"advps-thumb-one":["https:\/\/elfederalmendoza.com.ar\/wp-content\/uploads\/2023\/08\/una-madre-perfecta1-833x420.jpg",833,420,true]},"rttpg_author":{"display_name":"Redacci\u00f3n El Federal","author_link":"https:\/\/elfederalmendoza.com.ar\/index.php\/author\/angelflores\/"},"rttpg_comment":0,"rttpg_category":"<a href=\"https:\/\/elfederalmendoza.com.ar\/index.php\/category\/arg\/\" rel=\"category tag\">Argentina<\/a>","rttpg_excerpt":"La\u00a0serie\u00a0belga de\u00a0Netflix\u00a0es un verdadero \u00e9xito y ha logrado posicionarse dentro las m\u00e1s recomendadas del g\u00e9nero dram\u00e1tico. Una madre perfecta&nbsp;es una producci\u00f3n original que lleg\u00f3 a&nbsp;Netflix&nbsp;a mediados del 2021, con un relato que te pondr\u00e1 a dudar de todo el mundo. Con un relato cargado de drama y suspenso, la&nbsp;serie&nbsp;de&nbsp;Netflix&nbsp;no te dar\u00e1 respiro con sus 4&hellip;","_links":{"self":[{"href":"https:\/\/elfederalmendoza.com.ar\/index.php\/wp-json\/wp\/v2\/posts\/26575","targetHints":{"allow":["GET"]}}],"collection":[{"href":"https:\/\/elfederalmendoza.com.ar\/index.php\/wp-json\/wp\/v2\/posts"}],"about":[{"href":"https:\/\/elfederalmendoza.com.ar\/index.php\/wp-json\/wp\/v2\/types\/post"}],"author":[{"embeddable":true,"href":"https:\/\/elfederalmendoza.com.ar\/index.php\/wp-json\/wp\/v2\/users\/2"}],"replies":[{"embeddable":true,"href":"https:\/\/elfederalmendoza.com.ar\/index.php\/wp-json\/wp\/v2\/comments?post=26575"}],"version-history":[{"count":1,"href":"https:\/\/elfederalmendoza.com.ar\/index.php\/wp-json\/wp\/v2\/posts\/26575\/revisions"}],"predecessor-version":[{"id":26578,"href":"https:\/\/elfederalmendoza.com.ar\/index.php\/wp-json\/wp\/v2\/posts\/26575\/revisions\/26578"}],"wp:featuredmedia":[{"embeddable":true,"href":"https:\/\/elfederalmendoza.com.ar\/index.php\/wp-json\/wp\/v2\/media\/26577"}],"wp:attachment":[{"href":"https:\/\/elfederalmendoza.com.ar\/index.php\/wp-json\/wp\/v2\/media?parent=26575"}],"wp:term":[{"taxonomy":"category","embeddable":true,"href":"https:\/\/elfederalmendoza.com.ar\/index.php\/wp-json\/wp\/v2\/categories?post=26575"},{"taxonomy":"post_tag","embeddable":true,"href":"https:\/\/elfederalmendoza.com.ar\/index.php\/wp-json\/wp\/v2\/tags?post=26575"}],"curies":[{"name":"wp","href":"https:\/\/api.w.org\/{rel}","templated":true}]}}