{"id":26581,"date":"2023-08-21T00:28:32","date_gmt":"2023-08-21T03:28:32","guid":{"rendered":"https:\/\/elfederalmendoza.com\/?p=26581"},"modified":"2023-08-21T00:28:32","modified_gmt":"2023-08-21T03:28:32","slug":"leda-la-mujer-que-cura-mediante-imposicion-de-manos-y-recibe-a-cientos-de-fieles-en-la-catedral-de-rosario-es-un-don-de-dios","status":"publish","type":"post","link":"https:\/\/elfederalmendoza.com.ar\/index.php\/2023\/08\/21\/leda-la-mujer-que-cura-mediante-imposicion-de-manos-y-recibe-a-cientos-de-fieles-en-la-catedral-de-rosario-es-un-don-de-dios\/","title":{"rendered":"Leda, la mujer que cura mediante imposici\u00f3n de manos y recibe a cientos de fieles en la Catedral de Rosario: \u201cEs un don de Dios\u201d"},"content":{"rendered":"\n<p><strong>Leda es una mujer de 44 a\u00f1os que se dedica a la \u201csanaci\u00f3n\u201d, avalada por la Iglesia Cat\u00f3lica, desde hace ocho a\u00f1os.&nbsp;<\/strong>Con la visita de cientos de fieles semana tras semana, ella comienza sus oraciones cantando y brind\u00e1ndole bendiciones a todos.<\/p>\n\n\n\n<p>En di\u00e1logo con Telenoche (eltrece),&nbsp;<strong>la mujer asegur\u00f3 que posee un \u201cdon de Dios\u201d. \u201cMe parece que lo m\u00e1s importante es poder comunicarle a la gente que Dios est\u00e1 en medio nuestro\u201d.&nbsp;<\/strong>En este sentido, las personas que la visitan contaron que los cur\u00f3 de sus patolog\u00edas.<\/p>\n\n\n\n<p>Todos los martes, en la&nbsp;<strong>Catedral de Rosario,&nbsp;<\/strong>cientos de fieles se convocan para recibir la sanaci\u00f3n de Leda. En declaraciones, un hombre que acudi\u00f3 a ella porque hab\u00eda perdido la vista de un ojo, cont\u00f3 sorprendido que al momento en que le hizo imposici\u00f3n de manos, inmediatamente comenz\u00f3 a lagrimear.&nbsp;<strong>\u201cEs incre\u00edble lo que pas\u00f3\u201d,&nbsp;<\/strong>dijo.<\/p>\n\n\n\n<p>Ante la pregunta sobre qu\u00e9 sent\u00edan al estar frente a ella, casi todos los entrevistados coincidieron en que lo ve\u00edan como un momento \u00fanico y se quedaban completamente paralizados, sin poder creerlo.\u00a0<strong>\u201cYo no le pude ni hablar directamente\u201d,\u00a0<\/strong>mencion\u00f3 una de las fieles.<\/p>\n\n\n\n<figure class=\"wp-block-embed is-type-video is-provider-youtube wp-block-embed-youtube wp-embed-aspect-16-9 wp-has-aspect-ratio\"><div class=\"wp-block-embed__wrapper\">\n<iframe loading=\"lazy\" title=\"&quot;SANTA FE&quot; LA IGLESIA DE LEDA: Recibi\u00f3 el carisma de la liberaci\u00f3n y lo comparte con sus fieles\" width=\"640\" height=\"360\" src=\"https:\/\/www.youtube.com\/embed\/89YirvqhFuo?feature=oembed\" frameborder=\"0\" allow=\"accelerometer; autoplay; clipboard-write; encrypted-media; gyroscope; picture-in-picture; web-share\" referrerpolicy=\"strict-origin-when-cross-origin\" allowfullscreen><\/iframe>\n<\/div><\/figure>\n\n\n\n<p>Las personas asisten a ella con la esperanza de que les cure enfermedades y dolencias propias o de sus seres m\u00e1s queridos. As\u00ed es que revelaron la sorpresa con la que se quedaron al notar que en verdad pod\u00eda sanarlos a trav\u00e9s de unas palabras en arameo.&nbsp;<strong>\u201cTe habla en otra lengua pero te llega\u201d,&nbsp;<\/strong>sostuvo uno de ellos.<\/p>\n\n\n\n<p>Entre l\u00e1grimas, una de las mujeres entrevistadas agreg\u00f3:&nbsp;<strong>\u201cEs como estar en manos de Dios, yo lo siento as\u00ed. Me dio un mensaje hermoso. Me san\u00f3\u201d. \u201cEs un antes y un despu\u00e9s. Se siente en el pecho, en el coraz\u00f3n\u201d,<\/strong>&nbsp;concluy\u00f3.<\/p>\n\n\n\n<p><\/p>\n","protected":false},"excerpt":{"rendered":"<p>Leda es una mujer de 44 a\u00f1os que se dedica a la \u201csanaci\u00f3n\u201d, avalada por la Iglesia Cat\u00f3lica, desde hace ocho a\u00f1os.&nbsp;Con la visita de cientos de fieles semana tras semana, ella comienza sus oraciones cantando y brind\u00e1ndole bendiciones a todos. En di\u00e1logo con Telenoche (eltrece),&nbsp;la mujer asegur\u00f3 que posee un \u201cdon de Dios\u201d. \u201cMe<a class=\"read-more\" href=\"https:\/\/elfederalmendoza.com.ar\/index.php\/2023\/08\/21\/leda-la-mujer-que-cura-mediante-imposicion-de-manos-y-recibe-a-cientos-de-fieles-en-la-catedral-de-rosario-es-un-don-de-dios\/\"> [&hellip;]<\/a><\/p>\n","protected":false},"author":2,"featured_media":26583,"comment_status":"open","ping_status":"open","sticky":false,"template":"","format":"standard","meta":{"footnotes":""},"categories":[5618],"tags":[],"class_list":["post-26581","post","type-post","status-publish","format-standard","has-post-thumbnail","hentry","category-arg"],"rttpg_featured_image_url":{"full":["https:\/\/elfederalmendoza.com.ar\/wp-content\/uploads\/2023\/08\/ledahome.jpg",1250,705,false],"landscape":["https:\/\/elfederalmendoza.com.ar\/wp-content\/uploads\/2023\/08\/ledahome.jpg",1250,705,false],"portraits":["https:\/\/elfederalmendoza.com.ar\/wp-content\/uploads\/2023\/08\/ledahome.jpg",1250,705,false],"thumbnail":["https:\/\/elfederalmendoza.com.ar\/wp-content\/uploads\/2023\/08\/ledahome-150x150.jpg",150,150,true],"medium":["https:\/\/elfederalmendoza.com.ar\/wp-content\/uploads\/2023\/08\/ledahome-300x169.jpg",300,169,true],"large":["https:\/\/elfederalmendoza.com.ar\/wp-content\/uploads\/2023\/08\/ledahome-1024x578.jpg",640,361,true],"1536x1536":["https:\/\/elfederalmendoza.com.ar\/wp-content\/uploads\/2023\/08\/ledahome.jpg",1250,705,false],"2048x2048":["https:\/\/elfederalmendoza.com.ar\/wp-content\/uploads\/2023\/08\/ledahome.jpg",1250,705,false],"ultp_layout_landscape_large":["https:\/\/elfederalmendoza.com.ar\/wp-content\/uploads\/2023\/08\/ledahome-1200x705.jpg",1200,705,true],"ultp_layout_landscape":["https:\/\/elfederalmendoza.com.ar\/wp-content\/uploads\/2023\/08\/ledahome-870x570.jpg",870,570,true],"ultp_layout_portrait":["https:\/\/elfederalmendoza.com.ar\/wp-content\/uploads\/2023\/08\/ledahome-600x705.jpg",600,705,true],"ultp_layout_square":["https:\/\/elfederalmendoza.com.ar\/wp-content\/uploads\/2023\/08\/ledahome-600x600.jpg",600,600,true],"rpwe-thumbnail":["https:\/\/elfederalmendoza.com.ar\/wp-content\/uploads\/2023\/08\/ledahome-45x45.jpg",45,45,true],"advps-thumb-one":["https:\/\/elfederalmendoza.com.ar\/wp-content\/uploads\/2023\/08\/ledahome-1200x420.jpg",1200,420,true]},"rttpg_author":{"display_name":"Redacci\u00f3n El Federal","author_link":"https:\/\/elfederalmendoza.com.ar\/index.php\/author\/angelflores\/"},"rttpg_comment":0,"rttpg_category":"<a href=\"https:\/\/elfederalmendoza.com.ar\/index.php\/category\/arg\/\" rel=\"category tag\">Argentina<\/a>","rttpg_excerpt":"Leda es una mujer de 44 a\u00f1os que se dedica a la \u201csanaci\u00f3n\u201d, avalada por la Iglesia Cat\u00f3lica, desde hace ocho a\u00f1os.&nbsp;Con la visita de cientos de fieles semana tras semana, ella comienza sus oraciones cantando y brind\u00e1ndole bendiciones a todos. En di\u00e1logo con Telenoche (eltrece),&nbsp;la mujer asegur\u00f3 que posee un \u201cdon de Dios\u201d. \u201cMe&hellip;","_links":{"self":[{"href":"https:\/\/elfederalmendoza.com.ar\/index.php\/wp-json\/wp\/v2\/posts\/26581","targetHints":{"allow":["GET"]}}],"collection":[{"href":"https:\/\/elfederalmendoza.com.ar\/index.php\/wp-json\/wp\/v2\/posts"}],"about":[{"href":"https:\/\/elfederalmendoza.com.ar\/index.php\/wp-json\/wp\/v2\/types\/post"}],"author":[{"embeddable":true,"href":"https:\/\/elfederalmendoza.com.ar\/index.php\/wp-json\/wp\/v2\/users\/2"}],"replies":[{"embeddable":true,"href":"https:\/\/elfederalmendoza.com.ar\/index.php\/wp-json\/wp\/v2\/comments?post=26581"}],"version-history":[{"count":1,"href":"https:\/\/elfederalmendoza.com.ar\/index.php\/wp-json\/wp\/v2\/posts\/26581\/revisions"}],"predecessor-version":[{"id":26584,"href":"https:\/\/elfederalmendoza.com.ar\/index.php\/wp-json\/wp\/v2\/posts\/26581\/revisions\/26584"}],"wp:featuredmedia":[{"embeddable":true,"href":"https:\/\/elfederalmendoza.com.ar\/index.php\/wp-json\/wp\/v2\/media\/26583"}],"wp:attachment":[{"href":"https:\/\/elfederalmendoza.com.ar\/index.php\/wp-json\/wp\/v2\/media?parent=26581"}],"wp:term":[{"taxonomy":"category","embeddable":true,"href":"https:\/\/elfederalmendoza.com.ar\/index.php\/wp-json\/wp\/v2\/categories?post=26581"},{"taxonomy":"post_tag","embeddable":true,"href":"https:\/\/elfederalmendoza.com.ar\/index.php\/wp-json\/wp\/v2\/tags?post=26581"}],"curies":[{"name":"wp","href":"https:\/\/api.w.org\/{rel}","templated":true}]}}