{"id":26587,"date":"2023-08-21T00:42:39","date_gmt":"2023-08-21T03:42:39","guid":{"rendered":"https:\/\/elfederalmendoza.com\/?p=26587"},"modified":"2023-08-21T00:42:39","modified_gmt":"2023-08-21T03:42:39","slug":"un-ladron-robo-un-celular-descubrio-que-el-dueno-tenia-contenido-pedofilo-y-lo-denuncio-a-la-policia","status":"publish","type":"post","link":"https:\/\/elfederalmendoza.com.ar\/index.php\/2023\/08\/21\/un-ladron-robo-un-celular-descubrio-que-el-dueno-tenia-contenido-pedofilo-y-lo-denuncio-a-la-policia\/","title":{"rendered":"Un ladr\u00f3n rob\u00f3 un celular, descubri\u00f3 que el due\u00f1o ten\u00eda contenido ped\u00f3filo y lo denunci\u00f3 a la polic\u00eda"},"content":{"rendered":"\n<p>Un hombre fue detenido en la ciudad de&nbsp;<strong>Resistencia, Chaco, por tener guardado en la \u201cnube\u201d de su celular supuesto material de abuso sexual infantil.<\/strong><\/p>\n\n\n\n<p><strong>El hombre, de 45 a\u00f1os, fue capturado tras una investigaci\u00f3n de la Divisi\u00f3n de Ciberdelitos contra la Ni\u00f1ez y Adolescencia<\/strong>. El caso hab\u00eda sido reportado por la propia ministra de Seguridad, Gloria Zalazar, quien dijo haber visto mensajes an\u00f3nimos que alertaban sobre la difusi\u00f3n de im\u00e1genes inapropiadas en un grupo de WhatsApp llamado \u201cExpertos 1?.<\/p>\n\n\n\n<p>Posteriormente,&nbsp;<strong>la ministra de Salud, Carolina Centeno, formaliz\u00f3 la denuncia tras recibir los mismos mensajes con fotograf\u00edas de abusos de menores.<\/strong><\/p>\n\n\n\n<p>Tras una investigaci\u00f3n y coordinaci\u00f3n con la fiscal\u00eda de investigaci\u00f3n Penal N\u00b013 a cargo V\u00edctor Recio, la polic\u00eda logr\u00f3 identificar al due\u00f1o del celular que caminaba por el barrio G\u00fciraldes.<\/p>\n\n\n\n<p>Seg\u00fan indic\u00f3 el medio Diario Chaco, el mismo hombre hab\u00eda denunciado el d\u00eda anterior en<strong>&nbsp;la Comisaria Quinta de Resistencia que le hab\u00edan robado una moto y un celular. Los investigadores presumen que al revisar el contenido del aparato, el delincuente sac\u00f3 capturas y escrach\u00f3 al due\u00f1o en sus mismos grupos de Whatsapp.<\/strong><\/p>\n\n\n\n<p>Las autoridades intentan ahora identificar a la joven v\u00edctima de los abusos.<\/p>\n\n\n\n<p><strong>Detuvieron en Montserrat a un brasile\u00f1o que daba clases de portugu\u00e9s y era buscado por abusar de sus hijastros<br><\/strong><br>Un ciudadano brasile\u00f1o acusado de abusar sexualmente de sus dos hijastros fue detenido por la Polic\u00eda Federal en Montserrat. Estaba pr\u00f3fugo desde hace a\u00f1os de la Justicia brasile\u00f1a e Interpol hab\u00eda emitido una circular roja en mayo.<\/p>\n\n\n\n<p>El hombre, identificado como Aracrides Luis Das Neves (63) daba clases en su casa de Hip\u00f3lito Yrigoyen al 1300. Das Neves no usaba otra identidad.&nbsp;<strong>De hecho, publicitaba sus servicios de clases de idioma a domicilio y para empresas en la p\u00e1gina \u201ctusclases.com.ar<\/strong>\u201d. Tambi\u00e9n se ganaba un dinero extra como remisero para turistas brasile\u00f1os.<\/p>\n\n\n\n<p>Seg\u00fan el aviso de la polic\u00eda brasile\u00f1a,&nbsp;<strong>Das Neves habr\u00eda abusado de los hijos de su pareja- un nene y una nena- en 2017. El caso fue denunciado en 2018 y desde entonces estaba pr\u00f3fugo.<\/strong><\/p>\n\n\n\n<p>Aunque la Pol\u00edcia Civil del estado de Paran\u00e1 emiti\u00f3 un aviso de b\u00fasqueda en marzo de 2021, Das Neves no contaba con restricciones para viajar a otros pa\u00edses y en enero de 2022 entr\u00f3 a la Argentina por el cruce Tancredo Neves, en Misiones.<strong>&nbsp;Interpol emiti\u00f3 una circular roja el 9 de mayo y entonces intervino el Juzgado Nacional en lo Criminal y Correccional Federal N\u00famero 4, a cargo del Dr. Ariel Lijo.<br><\/strong><br>La ventaja que tuvimos es que Das Neves no estaba al tanto de su situaci\u00f3n. Su nombre no figuraba en la lista de fugitivos de Interpol. Tal vez cre\u00eda que su captura era nacional y por eso ten\u00eda una rutina como la de cualquier persona\u201d, indicaron los detectives.<\/p>\n","protected":false},"excerpt":{"rendered":"<p>Un hombre fue detenido en la ciudad de&nbsp;Resistencia, Chaco, por tener guardado en la \u201cnube\u201d de su celular supuesto material de abuso sexual infantil. El hombre, de 45 a\u00f1os, fue capturado tras una investigaci\u00f3n de la Divisi\u00f3n de Ciberdelitos contra la Ni\u00f1ez y Adolescencia. El caso hab\u00eda sido reportado por la propia ministra de Seguridad,<a class=\"read-more\" href=\"https:\/\/elfederalmendoza.com.ar\/index.php\/2023\/08\/21\/un-ladron-robo-un-celular-descubrio-que-el-dueno-tenia-contenido-pedofilo-y-lo-denuncio-a-la-policia\/\"> [&hellip;]<\/a><\/p>\n","protected":false},"author":2,"featured_media":26588,"comment_status":"open","ping_status":"open","sticky":false,"template":"","format":"standard","meta":{"footnotes":""},"categories":[1],"tags":[],"class_list":["post-26587","post","type-post","status-publish","format-standard","has-post-thumbnail","hentry","category-mza"],"rttpg_featured_image_url":{"full":["https:\/\/elfederalmendoza.com.ar\/wp-content\/uploads\/2023\/08\/WhatsApp-Image-2023-08-21-at-00.42.23.jpeg",767,430,false],"landscape":["https:\/\/elfederalmendoza.com.ar\/wp-content\/uploads\/2023\/08\/WhatsApp-Image-2023-08-21-at-00.42.23.jpeg",767,430,false],"portraits":["https:\/\/elfederalmendoza.com.ar\/wp-content\/uploads\/2023\/08\/WhatsApp-Image-2023-08-21-at-00.42.23.jpeg",767,430,false],"thumbnail":["https:\/\/elfederalmendoza.com.ar\/wp-content\/uploads\/2023\/08\/WhatsApp-Image-2023-08-21-at-00.42.23-150x150.jpeg",150,150,true],"medium":["https:\/\/elfederalmendoza.com.ar\/wp-content\/uploads\/2023\/08\/WhatsApp-Image-2023-08-21-at-00.42.23-300x168.jpeg",300,168,true],"large":["https:\/\/elfederalmendoza.com.ar\/wp-content\/uploads\/2023\/08\/WhatsApp-Image-2023-08-21-at-00.42.23.jpeg",640,359,false],"1536x1536":["https:\/\/elfederalmendoza.com.ar\/wp-content\/uploads\/2023\/08\/WhatsApp-Image-2023-08-21-at-00.42.23.jpeg",767,430,false],"2048x2048":["https:\/\/elfederalmendoza.com.ar\/wp-content\/uploads\/2023\/08\/WhatsApp-Image-2023-08-21-at-00.42.23.jpeg",767,430,false],"ultp_layout_landscape_large":["https:\/\/elfederalmendoza.com.ar\/wp-content\/uploads\/2023\/08\/WhatsApp-Image-2023-08-21-at-00.42.23.jpeg",767,430,false],"ultp_layout_landscape":["https:\/\/elfederalmendoza.com.ar\/wp-content\/uploads\/2023\/08\/WhatsApp-Image-2023-08-21-at-00.42.23.jpeg",767,430,false],"ultp_layout_portrait":["https:\/\/elfederalmendoza.com.ar\/wp-content\/uploads\/2023\/08\/WhatsApp-Image-2023-08-21-at-00.42.23-600x430.jpeg",600,430,true],"ultp_layout_square":["https:\/\/elfederalmendoza.com.ar\/wp-content\/uploads\/2023\/08\/WhatsApp-Image-2023-08-21-at-00.42.23-600x430.jpeg",600,430,true],"rpwe-thumbnail":["https:\/\/elfederalmendoza.com.ar\/wp-content\/uploads\/2023\/08\/WhatsApp-Image-2023-08-21-at-00.42.23-45x45.jpeg",45,45,true],"advps-thumb-one":["https:\/\/elfederalmendoza.com.ar\/wp-content\/uploads\/2023\/08\/WhatsApp-Image-2023-08-21-at-00.42.23-767x420.jpeg",767,420,true]},"rttpg_author":{"display_name":"Redacci\u00f3n El Federal","author_link":"https:\/\/elfederalmendoza.com.ar\/index.php\/author\/angelflores\/"},"rttpg_comment":0,"rttpg_category":"<a href=\"https:\/\/elfederalmendoza.com.ar\/index.php\/category\/mza\/\" rel=\"category tag\">Mendoza<\/a>","rttpg_excerpt":"Un hombre fue detenido en la ciudad de&nbsp;Resistencia, Chaco, por tener guardado en la \u201cnube\u201d de su celular supuesto material de abuso sexual infantil. El hombre, de 45 a\u00f1os, fue capturado tras una investigaci\u00f3n de la Divisi\u00f3n de Ciberdelitos contra la Ni\u00f1ez y Adolescencia. El caso hab\u00eda sido reportado por la propia ministra de Seguridad,&hellip;","_links":{"self":[{"href":"https:\/\/elfederalmendoza.com.ar\/index.php\/wp-json\/wp\/v2\/posts\/26587","targetHints":{"allow":["GET"]}}],"collection":[{"href":"https:\/\/elfederalmendoza.com.ar\/index.php\/wp-json\/wp\/v2\/posts"}],"about":[{"href":"https:\/\/elfederalmendoza.com.ar\/index.php\/wp-json\/wp\/v2\/types\/post"}],"author":[{"embeddable":true,"href":"https:\/\/elfederalmendoza.com.ar\/index.php\/wp-json\/wp\/v2\/users\/2"}],"replies":[{"embeddable":true,"href":"https:\/\/elfederalmendoza.com.ar\/index.php\/wp-json\/wp\/v2\/comments?post=26587"}],"version-history":[{"count":1,"href":"https:\/\/elfederalmendoza.com.ar\/index.php\/wp-json\/wp\/v2\/posts\/26587\/revisions"}],"predecessor-version":[{"id":26589,"href":"https:\/\/elfederalmendoza.com.ar\/index.php\/wp-json\/wp\/v2\/posts\/26587\/revisions\/26589"}],"wp:featuredmedia":[{"embeddable":true,"href":"https:\/\/elfederalmendoza.com.ar\/index.php\/wp-json\/wp\/v2\/media\/26588"}],"wp:attachment":[{"href":"https:\/\/elfederalmendoza.com.ar\/index.php\/wp-json\/wp\/v2\/media?parent=26587"}],"wp:term":[{"taxonomy":"category","embeddable":true,"href":"https:\/\/elfederalmendoza.com.ar\/index.php\/wp-json\/wp\/v2\/categories?post=26587"},{"taxonomy":"post_tag","embeddable":true,"href":"https:\/\/elfederalmendoza.com.ar\/index.php\/wp-json\/wp\/v2\/tags?post=26587"}],"curies":[{"name":"wp","href":"https:\/\/api.w.org\/{rel}","templated":true}]}}