{"id":26592,"date":"2023-08-21T00:51:25","date_gmt":"2023-08-21T03:51:25","guid":{"rendered":"https:\/\/elfederalmendoza.com\/?p=26592"},"modified":"2023-08-21T00:51:26","modified_gmt":"2023-08-21T03:51:26","slug":"el-duro-testimonio-del-dueno-de-la-carniceria-es-una-impotencia-muy-grande","status":"publish","type":"post","link":"https:\/\/elfederalmendoza.com.ar\/index.php\/2023\/08\/21\/el-duro-testimonio-del-dueno-de-la-carniceria-es-una-impotencia-muy-grande\/","title":{"rendered":"El duro testimonio del due\u00f1o de la carnicer\u00eda: \u201cEs una impotencia muy grande\u201d"},"content":{"rendered":"\n<p>En la tarde de este s\u00e1bado,\u00a0<strong>un grupo de personas que hab\u00eda intentado saquear el supermercado \u00c1tomo, ubicado en el cruce de calle Independencia y Laprida, en Las Heras,<\/strong>destrozaron una carnicer\u00eda que est\u00e1 a pocas cuadras del lugar.<\/p>\n\n\n\n<p>Las personas ingresaron al local y destrozaron los mostradores de vidrio para sacar las piezas de carne que estaban en venta. En di\u00e1logo con diario Los Andes, el due\u00f1o de la carnicer\u00eda cont\u00f3 que al momento del robo el negocio estaba cerrado.\u00a0<strong>\u201cCuando nos dimos cuenta de que iba a haber problemas ordenamos que cerraran la carnicer\u00eda y que los empleados se fueran a su casa\u201d, explic\u00f3.<\/strong><\/p>\n\n\n\n<p>Javier Mignani dijo que las personas ingresaron al local y comenzaron a romper las exhibidoras a patadas. \u201cNos llam\u00f3 la atenci\u00f3n el ensa\u00f1amiento, rompieron todo y se llevaron todos los elementos de trabajo. Lo \u00fanico que dejaron fue la m\u00e1quina registradora\u201d, agreg\u00f3.<\/p>\n\n\n\n<p>Mignani dijo que en ese local hab\u00eda sufrido m\u00e1s de 20 robos.&nbsp;<strong>\u201cHe calculado entre 22 y 23 robos. Romp\u00edan el techo y se nos met\u00edan. El negocio que rompieron ten\u00eda una leonera en el techo justamente por eso\u201d, dijo.<\/strong><\/p>\n\n\n\n<p>\u201cEstamos pensando en cerrar los dos negocios que tenemos en la zona. No podemos seguir bancando estas cosas\u201d, dijo el comerciante. \u201cNo quiero tomar decisiones en este momento, pero siento una impotencia muy grande\u201d, cerr\u00f3.<\/p>\n\n\n\n<p>En la tarde de este s\u00e1bado,\u00a0<strong>un grupo de personas que hab\u00eda intentado saquear el supermercado \u00c1tomo, ubicado en el cruce de calle Independencia y Laprida, en Las Heras,<\/strong>destrozaron una carnicer\u00eda que est\u00e1 a pocas cuadras del lugar.<\/p>\n\n\n\n<p>Las personas ingresaron al local y destrozaron los mostradores de vidrio para sacar las piezas de carne que estaban en venta. En di\u00e1logo con diario Los Andes, el due\u00f1o de la carnicer\u00eda cont\u00f3 que al momento del robo el negocio estaba cerrado.&nbsp;<strong>\u201cCuando nos dimos cuenta de que iba a haber problemas ordenamos que cerraran la carnicer\u00eda y que los empleados se fueran a su casa\u201d, explic\u00f3.<\/strong><\/p>\n\n\n\n<figure class=\"wp-block-image\"><img decoding=\"async\" src=\"https:\/\/www.losandes.com.ar\/resizer\/WEp26dr6-X9_aGFPKrMWD4nYOsU=\/1023x656\/smart\/cloudfront-us-east-1.images.arcpublishing.com\/grupoclarin\/XBCDYZOST5A7VHIPF6Z637BGYI.jpeg\" alt=\"Perosnal policial cusutodia  las calles en Independencia y \u00c1lvarez Condarco - Foto Orlando Pelichotti \/ Los Andes\"\/><figcaption class=\"wp-element-caption\">Perosnal policial cusutodia las calles en Independencia y \u00c1lvarez Condarco &#8211; Foto Orlando Pelichotti \/ Los Andes<\/figcaption><\/figure>\n\n\n\n<p>Javier Mignani dijo que las personas ingresaron al local y comenzaron a romper las exhibidoras a patadas. \u201cNos llam\u00f3 la atenci\u00f3n el ensa\u00f1amiento, rompieron todo y se llevaron todos los elementos de trabajo. Lo \u00fanico que dejaron fue la m\u00e1quina registradora\u201d, agreg\u00f3.<\/p>\n\n\n\n<p>Mignani dijo que en ese local hab\u00eda sufrido m\u00e1s de 20 robos.&nbsp;<strong>\u201cHe calculado entre 22 y 23 robos. Romp\u00edan el techo y se nos met\u00edan. El negocio que rompieron ten\u00eda una leonera en el techo justamente por eso\u201d, dijo.<\/strong><\/p>\n\n\n\n<p>\u201cEstamos pensando en cerrar los dos negocios que tenemos en la zona. No podemos seguir bancando estas cosas\u201d, dijo el comerciante. \u201cNo quiero tomar decisiones en este momento, pero siento una impotencia muy grande\u201d, cerr\u00f3.<\/p>\n\n\n\n<figure class=\"wp-block-image\"><img decoding=\"async\" src=\"https:\/\/www.losandes.com.ar\/resizer\/hp90-6i46HI99ntRuJpmSA2dpzU=\/1023x637\/smart\/cloudfront-us-east-1.images.arcpublishing.com\/grupoclarin\/KC2KYIUJR5FJPJX3CE3WONQYMM.png\" alt=\"\nEmpleados de la carnicer\u00eda ubicada en Independencia y \u00c1lvarez Condarco sacan restos de carnes para tirarlas en el basurero municipal, tras los saqueos que sufrieron ayer - Foto Orlando Pelichotti \/ Los Andes\"\/><figcaption class=\"wp-element-caption\">Empleados de la carnicer\u00eda ubicada en Independencia y \u00c1lvarez Condarco sacan restos de carnes para tirarlas en el basurero municipal, tras los saqueos que sufrieron ayer &#8211; Foto Orlando Pelichotti \/ Los Andes<\/figcaption><\/figure>\n\n\n\n<h2 class=\"wp-block-heading\">DETUVIERON A 18 PERSONAS POR LOS DISTURBIOS EN LAS HERAS Y GUAYMALL\u00c9N<\/h2>\n\n\n\n<p><strong>Debido a los incidentes registrados este s\u00e1bado en Las Heras y Guaymall\u00e9n, detuvieron a 18 personas que habr\u00edan participado en diferentes hechos.\u00a0<\/strong>Los presuntos delincuentes hab\u00edan intentado ingresar a dos supermercados con el objetivo de saquearlos.<\/p>\n\n\n\n<p>En Las Heras, al verse impedidos, un grupo de ladrones comenz\u00f3 a intentar ingresar a comercios cercanos al de calle Independencia. Pero, atemorizados y ya alertados, los comerciantes alcanzaron a cerrar sus puertas. Finalmente pudieron ingresar a la carnicer\u00eda, ubicada en Independencia y \u00c1lvarez Condarco.<\/p>\n\n\n\n<p>Algunas horas despu\u00e9s,<strong>\u00a0el ministro de Seguridad Ra\u00fal Levrino emiti\u00f3 un comunicado donde especific\u00f3 que se trat\u00f3 de \u201cincidentes aislados que se encuentran controlados\u201d.<\/strong><\/p>\n","protected":false},"excerpt":{"rendered":"<p>En la tarde de este s\u00e1bado,\u00a0un grupo de personas que hab\u00eda intentado saquear el supermercado \u00c1tomo, ubicado en el cruce de calle Independencia y Laprida, en Las Heras,destrozaron una carnicer\u00eda que est\u00e1 a pocas cuadras del lugar. Las personas ingresaron al local y destrozaron los mostradores de vidrio para sacar las piezas de carne que<a class=\"read-more\" href=\"https:\/\/elfederalmendoza.com.ar\/index.php\/2023\/08\/21\/el-duro-testimonio-del-dueno-de-la-carniceria-es-una-impotencia-muy-grande\/\"> [&hellip;]<\/a><\/p>\n","protected":false},"author":2,"featured_media":26594,"comment_status":"open","ping_status":"open","sticky":false,"template":"","format":"standard","meta":{"footnotes":""},"categories":[1],"tags":[],"class_list":["post-26592","post","type-post","status-publish","format-standard","has-post-thumbnail","hentry","category-mza"],"rttpg_featured_image_url":{"full":["https:\/\/elfederalmendoza.com.ar\/wp-content\/uploads\/2023\/08\/SBBS4RY7RJEQBNXDTQKQRCXXWA.webp",980,640,false],"landscape":["https:\/\/elfederalmendoza.com.ar\/wp-content\/uploads\/2023\/08\/SBBS4RY7RJEQBNXDTQKQRCXXWA.webp",980,640,false],"portraits":["https:\/\/elfederalmendoza.com.ar\/wp-content\/uploads\/2023\/08\/SBBS4RY7RJEQBNXDTQKQRCXXWA.webp",980,640,false],"thumbnail":["https:\/\/elfederalmendoza.com.ar\/wp-content\/uploads\/2023\/08\/SBBS4RY7RJEQBNXDTQKQRCXXWA-150x150.webp",150,150,true],"medium":["https:\/\/elfederalmendoza.com.ar\/wp-content\/uploads\/2023\/08\/SBBS4RY7RJEQBNXDTQKQRCXXWA-300x196.webp",300,196,true],"large":["https:\/\/elfederalmendoza.com.ar\/wp-content\/uploads\/2023\/08\/SBBS4RY7RJEQBNXDTQKQRCXXWA.webp",640,418,false],"1536x1536":["https:\/\/elfederalmendoza.com.ar\/wp-content\/uploads\/2023\/08\/SBBS4RY7RJEQBNXDTQKQRCXXWA.webp",980,640,false],"2048x2048":["https:\/\/elfederalmendoza.com.ar\/wp-content\/uploads\/2023\/08\/SBBS4RY7RJEQBNXDTQKQRCXXWA.webp",980,640,false],"ultp_layout_landscape_large":["https:\/\/elfederalmendoza.com.ar\/wp-content\/uploads\/2023\/08\/SBBS4RY7RJEQBNXDTQKQRCXXWA.webp",980,640,false],"ultp_layout_landscape":["https:\/\/elfederalmendoza.com.ar\/wp-content\/uploads\/2023\/08\/SBBS4RY7RJEQBNXDTQKQRCXXWA-870x570.webp",870,570,true],"ultp_layout_portrait":["https:\/\/elfederalmendoza.com.ar\/wp-content\/uploads\/2023\/08\/SBBS4RY7RJEQBNXDTQKQRCXXWA-600x640.webp",600,640,true],"ultp_layout_square":["https:\/\/elfederalmendoza.com.ar\/wp-content\/uploads\/2023\/08\/SBBS4RY7RJEQBNXDTQKQRCXXWA-600x600.webp",600,600,true],"rpwe-thumbnail":["https:\/\/elfederalmendoza.com.ar\/wp-content\/uploads\/2023\/08\/SBBS4RY7RJEQBNXDTQKQRCXXWA-45x45.webp",45,45,true],"advps-thumb-one":["https:\/\/elfederalmendoza.com.ar\/wp-content\/uploads\/2023\/08\/SBBS4RY7RJEQBNXDTQKQRCXXWA-980x420.webp",980,420,true]},"rttpg_author":{"display_name":"Redacci\u00f3n El Federal","author_link":"https:\/\/elfederalmendoza.com.ar\/index.php\/author\/angelflores\/"},"rttpg_comment":0,"rttpg_category":"<a href=\"https:\/\/elfederalmendoza.com.ar\/index.php\/category\/mza\/\" rel=\"category tag\">Mendoza<\/a>","rttpg_excerpt":"En la tarde de este s\u00e1bado,\u00a0un grupo de personas que hab\u00eda intentado saquear el supermercado \u00c1tomo, ubicado en el cruce de calle Independencia y Laprida, en Las Heras,destrozaron una carnicer\u00eda que est\u00e1 a pocas cuadras del lugar. Las personas ingresaron al local y destrozaron los mostradores de vidrio para sacar las piezas de carne que&hellip;","_links":{"self":[{"href":"https:\/\/elfederalmendoza.com.ar\/index.php\/wp-json\/wp\/v2\/posts\/26592","targetHints":{"allow":["GET"]}}],"collection":[{"href":"https:\/\/elfederalmendoza.com.ar\/index.php\/wp-json\/wp\/v2\/posts"}],"about":[{"href":"https:\/\/elfederalmendoza.com.ar\/index.php\/wp-json\/wp\/v2\/types\/post"}],"author":[{"embeddable":true,"href":"https:\/\/elfederalmendoza.com.ar\/index.php\/wp-json\/wp\/v2\/users\/2"}],"replies":[{"embeddable":true,"href":"https:\/\/elfederalmendoza.com.ar\/index.php\/wp-json\/wp\/v2\/comments?post=26592"}],"version-history":[{"count":1,"href":"https:\/\/elfederalmendoza.com.ar\/index.php\/wp-json\/wp\/v2\/posts\/26592\/revisions"}],"predecessor-version":[{"id":26595,"href":"https:\/\/elfederalmendoza.com.ar\/index.php\/wp-json\/wp\/v2\/posts\/26592\/revisions\/26595"}],"wp:featuredmedia":[{"embeddable":true,"href":"https:\/\/elfederalmendoza.com.ar\/index.php\/wp-json\/wp\/v2\/media\/26594"}],"wp:attachment":[{"href":"https:\/\/elfederalmendoza.com.ar\/index.php\/wp-json\/wp\/v2\/media?parent=26592"}],"wp:term":[{"taxonomy":"category","embeddable":true,"href":"https:\/\/elfederalmendoza.com.ar\/index.php\/wp-json\/wp\/v2\/categories?post=26592"},{"taxonomy":"post_tag","embeddable":true,"href":"https:\/\/elfederalmendoza.com.ar\/index.php\/wp-json\/wp\/v2\/tags?post=26592"}],"curies":[{"name":"wp","href":"https:\/\/api.w.org\/{rel}","templated":true}]}}