{"id":26598,"date":"2023-08-21T01:30:00","date_gmt":"2023-08-21T04:30:00","guid":{"rendered":"https:\/\/elfederalmendoza.com\/?p=26598"},"modified":"2023-08-21T01:02:54","modified_gmt":"2023-08-21T04:02:54","slug":"domingo-con-tres-incidentes-en-supermercados-de-gran-mendoza-y-muchos-audios-agitando-por-whatsapp","status":"publish","type":"post","link":"https:\/\/elfederalmendoza.com.ar\/index.php\/2023\/08\/21\/domingo-con-tres-incidentes-en-supermercados-de-gran-mendoza-y-muchos-audios-agitando-por-whatsapp\/","title":{"rendered":"Domingo con tres incidentes en supermercados de Gran Mendoza y muchos audios agitando por WhatsApp"},"content":{"rendered":"\n<p>Mendoza amaneci\u00f3,\u00a0luego del saqueo\u00a0a una carnicer\u00eda en\u00a0<strong>Las Heras<\/strong>\u00a0y\u00a0los intentos en otros comercios, con rumores de que se repetir\u00edan los mismos escenarios pero esta vez en\u00a0<strong>Guaymall\u00e9n<\/strong>. Todo \u201cagitado\u201d a trav\u00e9s de audios de Whatsapp\u00a0tal como fue en el departamento lasherino. El clima estaba tenso en Guaymall\u00e9n, como testimonian algunos vecinos.<\/p>\n\n\n\n<p>Al mediod\u00eda, precisamente a las 12, un grupo de personas numeroso intent\u00f3 entrar por la fuerza al establecimiento del\u00a0<strong>Vea ubicado en calle Godoy Cruz y Avellaneda de Guaymall\u00e9n<\/strong>, pero no pudieron acceder. La polic\u00eda no estaba en el lugar. Dentro del establecimiento las personas estaban muy alteradas.<\/p>\n\n\n\n<p>La secuencia continu\u00f3 por la tarde, a las<strong>&nbsp;16.30&nbsp;<\/strong>cuando un grupo de personas, con mochilas y cajas intentaron ingresar al supermercado por la entrada principal pero sin \u00e9xito corrieron hacia atr\u00e1s del establecimiento.<\/p>\n\n\n\n<p>En este momento ya la polic\u00eda estaba al tanto mediante aviso del personal de seguridad. Y se produjo un\u00a0<strong>enfrentamiento<\/strong>\u00a0entre la polic\u00eda y los delincuentes. Lograron aprehender a\u00a0<strong>dos personas en Calle Victoria\u00a0<\/strong>y\u00a0<strong>tres en Calle Araujo<\/strong>. Todos menores de edad.<\/p>\n\n\n\n<p>Pero el panorama se complicaba para la polic\u00eda que le ped\u00eda a la gente que no salga de sus casas, aunque estos se rehusaban y quer\u00edan ver que es lo que estaba sucediendo.<\/p>\n\n\n\n<p>Dos horas despu\u00e9s (18.30), pero en la otra punta de Guaymall\u00e9n, un grupo numeroso de personas entr\u00f3 a saquear a la\u00a0<strong>\u201cFeria del Usado de Guaymall\u00e9n\u201d<\/strong>, seg\u00fan los testimonios de los feriantes\u00a0<strong>eran aproximadamente unas 50 personas<\/strong>\u00a0que entraron en camionetas y arrasaron con lo que encontraron. Pero esta vez la polic\u00eda no estaba presente.<\/p>\n\n\n\n<p>\u201cPrimero vinieron, nos dijeron que nos qued\u00e1ramos tranquilos, que no estaban saqueando.\u00a0<strong>Pesta\u00f1eamos y estaban destruyendo todo, porque fue una avalancha desde atr\u00e1s hacia el medio de la entrada hasta ac\u00e1<\/strong>. As\u00ed que empezamos a guardar, como pudimos, las cosas, y los que pudimos cerramos. Pasaban por ac\u00e1 arriba, intentaron abrir las puertas\u201d, cuenta uno de los tantos feriantes que hay en la \u201csalada mendocina\u201d.<\/p>\n\n\n\n<p>Minutos despu\u00e9s de cometerse el hecho ya no quedaban casi puesteros,&nbsp;<strong>todos cerraron por temor a que venga una nueva ola de saqueos<\/strong>: \u201cnosotros est\u00e1bamos trabajando como cualquier domingo de hecho hab\u00eda un mont\u00f3n de gente gracias a Dios teniamos un d\u00eda lindo, hasta que vinieron estas personas\u201d, dijo otro puestero.<\/p>\n\n\n\n<p>En este caso la polic\u00eda no logr\u00f3 dar con el paradero de ninguno de los malvivientes. La situaci\u00f3n tuvo un modus operandi distinto al de Las Heras,\u00a0<strong>m\u00e1s parecido a una entradera<\/strong>\u00a0que a un saqueo convencional donde suele haber enfrentamientos.<\/p>\n\n\n\n<h2 class=\"wp-block-heading\"><strong>EN GODOY CRUZ<\/strong><\/h2>\n\n\n\n<p>Pasadas las 17, un grupo de 10 personas en la entrada de la sucursal de&nbsp;<strong>Supermercados VEA ubicado en Chuquisaca y Am\u00e9rica de Godoy Cruz<\/strong>. Seg\u00fan el parte policial, esas personas \u201ccomenzaron a patear la puerta para ingresar con resultado negativo, s\u00f3lo causando un da\u00f1o en la misma\u201d. El negocio no estaba atendiendo al p\u00fablico.<\/p>\n\n\n\n<p>Mientras eso suced\u00eda arribaron movilidades policiales y&nbsp;<strong>aprehendieron a varias personas, que fueron trasladadas a la Comisaria 50<\/strong>, ubicada en Marcos Sastre y R\u00edo Gallegos de Godoy Cruz.<\/p>\n","protected":false},"excerpt":{"rendered":"<p>Mendoza amaneci\u00f3,\u00a0luego del saqueo\u00a0a una carnicer\u00eda en\u00a0Las Heras\u00a0y\u00a0los intentos en otros comercios, con rumores de que se repetir\u00edan los mismos escenarios pero esta vez en\u00a0Guaymall\u00e9n. Todo \u201cagitado\u201d a trav\u00e9s de audios de Whatsapp\u00a0tal como fue en el departamento lasherino. El clima estaba tenso en Guaymall\u00e9n, como testimonian algunos vecinos. Al mediod\u00eda, precisamente a las 12,<a class=\"read-more\" href=\"https:\/\/elfederalmendoza.com.ar\/index.php\/2023\/08\/21\/domingo-con-tres-incidentes-en-supermercados-de-gran-mendoza-y-muchos-audios-agitando-por-whatsapp\/\"> [&hellip;]<\/a><\/p>\n","protected":false},"author":2,"featured_media":26600,"comment_status":"open","ping_status":"open","sticky":false,"template":"","format":"standard","meta":{"footnotes":""},"categories":[1],"tags":[],"class_list":["post-26598","post","type-post","status-publish","format-standard","has-post-thumbnail","hentry","category-mza"],"rttpg_featured_image_url":{"full":["https:\/\/elfederalmendoza.com.ar\/wp-content\/uploads\/2023\/08\/WhatsApp-Image-2023-08-21-at-01.02.30.jpeg",1023,681,false],"landscape":["https:\/\/elfederalmendoza.com.ar\/wp-content\/uploads\/2023\/08\/WhatsApp-Image-2023-08-21-at-01.02.30.jpeg",1023,681,false],"portraits":["https:\/\/elfederalmendoza.com.ar\/wp-content\/uploads\/2023\/08\/WhatsApp-Image-2023-08-21-at-01.02.30.jpeg",1023,681,false],"thumbnail":["https:\/\/elfederalmendoza.com.ar\/wp-content\/uploads\/2023\/08\/WhatsApp-Image-2023-08-21-at-01.02.30-150x150.jpeg",150,150,true],"medium":["https:\/\/elfederalmendoza.com.ar\/wp-content\/uploads\/2023\/08\/WhatsApp-Image-2023-08-21-at-01.02.30-300x200.jpeg",300,200,true],"large":["https:\/\/elfederalmendoza.com.ar\/wp-content\/uploads\/2023\/08\/WhatsApp-Image-2023-08-21-at-01.02.30.jpeg",640,426,false],"1536x1536":["https:\/\/elfederalmendoza.com.ar\/wp-content\/uploads\/2023\/08\/WhatsApp-Image-2023-08-21-at-01.02.30.jpeg",1023,681,false],"2048x2048":["https:\/\/elfederalmendoza.com.ar\/wp-content\/uploads\/2023\/08\/WhatsApp-Image-2023-08-21-at-01.02.30.jpeg",1023,681,false],"ultp_layout_landscape_large":["https:\/\/elfederalmendoza.com.ar\/wp-content\/uploads\/2023\/08\/WhatsApp-Image-2023-08-21-at-01.02.30.jpeg",1023,681,false],"ultp_layout_landscape":["https:\/\/elfederalmendoza.com.ar\/wp-content\/uploads\/2023\/08\/WhatsApp-Image-2023-08-21-at-01.02.30-870x570.jpeg",870,570,true],"ultp_layout_portrait":["https:\/\/elfederalmendoza.com.ar\/wp-content\/uploads\/2023\/08\/WhatsApp-Image-2023-08-21-at-01.02.30-600x681.jpeg",600,681,true],"ultp_layout_square":["https:\/\/elfederalmendoza.com.ar\/wp-content\/uploads\/2023\/08\/WhatsApp-Image-2023-08-21-at-01.02.30-600x600.jpeg",600,600,true],"rpwe-thumbnail":["https:\/\/elfederalmendoza.com.ar\/wp-content\/uploads\/2023\/08\/WhatsApp-Image-2023-08-21-at-01.02.30-45x45.jpeg",45,45,true],"advps-thumb-one":["https:\/\/elfederalmendoza.com.ar\/wp-content\/uploads\/2023\/08\/WhatsApp-Image-2023-08-21-at-01.02.30-1023x420.jpeg",1023,420,true]},"rttpg_author":{"display_name":"Redacci\u00f3n El Federal","author_link":"https:\/\/elfederalmendoza.com.ar\/index.php\/author\/angelflores\/"},"rttpg_comment":0,"rttpg_category":"<a href=\"https:\/\/elfederalmendoza.com.ar\/index.php\/category\/mza\/\" rel=\"category tag\">Mendoza<\/a>","rttpg_excerpt":"Mendoza amaneci\u00f3,\u00a0luego del saqueo\u00a0a una carnicer\u00eda en\u00a0Las Heras\u00a0y\u00a0los intentos en otros comercios, con rumores de que se repetir\u00edan los mismos escenarios pero esta vez en\u00a0Guaymall\u00e9n. Todo \u201cagitado\u201d a trav\u00e9s de audios de Whatsapp\u00a0tal como fue en el departamento lasherino. El clima estaba tenso en Guaymall\u00e9n, como testimonian algunos vecinos. Al mediod\u00eda, precisamente a las 12,&hellip;","_links":{"self":[{"href":"https:\/\/elfederalmendoza.com.ar\/index.php\/wp-json\/wp\/v2\/posts\/26598","targetHints":{"allow":["GET"]}}],"collection":[{"href":"https:\/\/elfederalmendoza.com.ar\/index.php\/wp-json\/wp\/v2\/posts"}],"about":[{"href":"https:\/\/elfederalmendoza.com.ar\/index.php\/wp-json\/wp\/v2\/types\/post"}],"author":[{"embeddable":true,"href":"https:\/\/elfederalmendoza.com.ar\/index.php\/wp-json\/wp\/v2\/users\/2"}],"replies":[{"embeddable":true,"href":"https:\/\/elfederalmendoza.com.ar\/index.php\/wp-json\/wp\/v2\/comments?post=26598"}],"version-history":[{"count":1,"href":"https:\/\/elfederalmendoza.com.ar\/index.php\/wp-json\/wp\/v2\/posts\/26598\/revisions"}],"predecessor-version":[{"id":26601,"href":"https:\/\/elfederalmendoza.com.ar\/index.php\/wp-json\/wp\/v2\/posts\/26598\/revisions\/26601"}],"wp:featuredmedia":[{"embeddable":true,"href":"https:\/\/elfederalmendoza.com.ar\/index.php\/wp-json\/wp\/v2\/media\/26600"}],"wp:attachment":[{"href":"https:\/\/elfederalmendoza.com.ar\/index.php\/wp-json\/wp\/v2\/media?parent=26598"}],"wp:term":[{"taxonomy":"category","embeddable":true,"href":"https:\/\/elfederalmendoza.com.ar\/index.php\/wp-json\/wp\/v2\/categories?post=26598"},{"taxonomy":"post_tag","embeddable":true,"href":"https:\/\/elfederalmendoza.com.ar\/index.php\/wp-json\/wp\/v2\/tags?post=26598"}],"curies":[{"name":"wp","href":"https:\/\/api.w.org\/{rel}","templated":true}]}}