{"id":26604,"date":"2023-08-21T01:06:10","date_gmt":"2023-08-21T04:06:10","guid":{"rendered":"https:\/\/elfederalmendoza.com\/?p=26604"},"modified":"2023-08-21T01:17:29","modified_gmt":"2023-08-21T04:17:29","slug":"tres-jovenes-y-un-menor-detenidos-en-san-rafael-por-el-crimen-de-un-chico-de-18-anos","status":"publish","type":"post","link":"https:\/\/elfederalmendoza.com.ar\/index.php\/2023\/08\/21\/tres-jovenes-y-un-menor-detenidos-en-san-rafael-por-el-crimen-de-un-chico-de-18-anos\/","title":{"rendered":"Tres j\u00f3venes y un menor, detenidos en San Rafael por el crimen de un chico de 18 a\u00f1os"},"content":{"rendered":"\n<p>Tres j\u00f3venes mayores de edad y un menor quedaron a disposici\u00f3n de la Justicia este domingo por el asesinato de&nbsp;<strong>Luciano Francisco G\u00f3mez<\/strong>, quien muri\u00f3 de varios puntazos en el cuerpo durante una pelea en zona de calles&nbsp;<strong>Dorrego y Esquiu&nbsp;<\/strong>sin numeraci\u00f3n de la localidad de Pueblo Soto, en&nbsp;<strong>San Rafael<\/strong>. Otros tres j\u00f3venes resultaron heridos y debieron recibir asistencia m\u00e9dica. Algunos declararon e identificaron a los autores del ataque.<\/p>\n\n\n\n<p>Tres de los sospechosos fueron detenidos por personal policial en diversas medidas ordenadas por el\u00a0<strong>Ministerio P\u00fablico<\/strong>\u00a0que lideraron efectivos de\u00a0<strong>Investigaciones\u00a0<\/strong>durante el transcurso de la ma\u00f1ana y otro fue entregado por su madre en la Unidad De Procedimientos y Abordaje de la Ni\u00f1ez y Adolescente (<strong>UPANA<\/strong>, ex Comisar\u00eda del Menor).<\/p>\n\n\n\n<p><strong>Luciano G\u00f3mez&nbsp;<\/strong>ten\u00eda 18 a\u00f1os y viv\u00eda en calle Julio Silva. De acuerdo con la reconstrucci\u00f3n inicial de la Justicia,&nbsp;<mark>muri\u00f3 pasadas las 6 luego de recibir tres puntazos con armas blancas: uno le acus\u00f3 lesiones en un pulm\u00f3n y otros dos en los ri\u00f1ones<\/mark>. Dej\u00f3 de existir a los pocos minutos y su cuerpo qued\u00f3 tenido sobre una calle.<\/p>\n\n\n\n<p>En ese momento comenzaron a ingresar llamados al\u00a0<strong>911\u00a0<\/strong>informando que se hab\u00eda desarrollado una\u00a0<strong>fiesta de cumplea\u00f1os de 15<\/strong>\u00a0en un domicilio de calles Esquiu y Palau. Dos grupos de adolescentes, entre los que se encontraba la v\u00edctima, habr\u00edan participado del encuentro y salieron a pelear por causas que son motivo de investigaci\u00f3n.<\/p>\n\n\n\n<p>Cuando llegan los primeros polic\u00edas al teatro del hecho, encontraron una importante cantidad de gente y a G\u00f3mez agonizando sobre la calzada. Lo identificaron con el sistema biom\u00e9trico y m\u00e9dicos del<strong>&nbsp;Servicio de Emergencias Coordinado<\/strong>&nbsp;(SEC) lo trasladaron a toda velocidad hasta el&nbsp;<strong>Hospital Schestakow<\/strong>.<\/p>\n\n\n\n<p>Sin embargo,\u00a0<mark>en la guardia confirmaron el deceso minutos despu\u00e9s por un shock hipovol\u00e9mico.<\/mark>\u00a0Los uniformados tambi\u00e9n detectaron que hab\u00eda otras tres personas lesionadas con diferentes cortes de 15, 20 y 24 a\u00f1os.<\/p>\n\n\n\n<figure class=\"wp-block-image size-full\"><img loading=\"lazy\" decoding=\"async\" width=\"671\" height=\"138\" src=\"https:\/\/elfederalmendoza.com\/wp-content\/uploads\/2023\/08\/image-3.png\" alt=\"\" class=\"wp-image-26605\" srcset=\"https:\/\/elfederalmendoza.com.ar\/wp-content\/uploads\/2023\/08\/image-3.png 671w, https:\/\/elfederalmendoza.com.ar\/wp-content\/uploads\/2023\/08\/image-3-300x62.png 300w\" sizes=\"auto, (max-width: 671px) 100vw, 671px\" \/><\/figure>\n\n\n\n<p>El m\u00e1s chico fue trasladado en un auto particular hasta el hospital y los otros siguieron ese mismo camino en una ambulancia con personal policial de custodia. Mientras todo esto suced\u00eda, una mujer que dijo ser sobrina de la cumplea\u00f1era fue entrevistada por los efectivos y confirm\u00f3 que se hab\u00eda producido una ri\u00f1a en las adyacencias de la vivienda, agregando en esa instancia que desconoc\u00eda qui\u00e9nes eran los protagonistas y que no hab\u00edan participado del encuentro. Sin embargo, otros testigos contaron a los investigadores que s\u00ed hab\u00edan ingresado a lugar.<\/p>\n\n\n\n<p>M\u00e1s all\u00e1 de eso, con la instrucci\u00f3n m\u00e1s avanzada por el paso del tiempo,&nbsp;<mark>se desarrollaron una serie de allanamientos en el barrio Costa Esperanza<\/mark>&nbsp;minutos despu\u00e9s de las 10.30, sumando que tambi\u00e9n hab\u00eda ingresado una denuncia por el robo de una moto, la que fue hallada en estado de abandono cerca del cementerio de la ciudad.<\/p>\n\n\n\n<p>En uno de los domicilios,&nbsp;<strong>secuestraron elementos de importancia para la investigaci\u00f3n<\/strong>, como varios tel\u00e9fonos celulares, un hierro de 15 cent\u00edmetros con punta y forma de cuchillo sin mango, otra arma blanca con hoja de 30 cent\u00edmetros y un Tramontina con hoja de 12 cent\u00edmetros, logrando la captura de joven y una chica mayores de edad, quienes fueron trasladados a las comisar\u00edas Sesenta y Treinta y Dos, respectivamente.<\/p>\n\n\n\n<p>De otra propiedad del citado complejo incautaron un tel\u00e9fono celular una campera. En la v\u00eda p\u00fablica, sobre calle Los Pl\u00e1tanos,<mark>&nbsp;fue atrapado un hombre de 27 a\u00f1os con domicilio en calle Irene Curie<\/mark>, quien tambi\u00e9n podr\u00eda estar involucrado en la pelea fatal.<br>Por \u00faltimo, una mujer entreg\u00f3 a su hijo de 15 a\u00f1os en la base&nbsp;<strong>UPANA<\/strong>.<\/p>\n\n\n\n<p>Qued\u00f3 alojado preventivamente en calidad de aprehendido mientras se defin\u00eda su situaci\u00f3n en la causa, debido a que se trataba de un menor inimputable.<\/p>\n\n\n\n<p><em>Fuente: El Sol<\/em><\/p>\n","protected":false},"excerpt":{"rendered":"<p>Tres j\u00f3venes mayores de edad y un menor quedaron a disposici\u00f3n de la Justicia este domingo por el asesinato de&nbsp;Luciano Francisco G\u00f3mez, quien muri\u00f3 de varios puntazos en el cuerpo durante una pelea en zona de calles&nbsp;Dorrego y Esquiu&nbsp;sin numeraci\u00f3n de la localidad de Pueblo Soto, en&nbsp;San Rafael. Otros tres j\u00f3venes resultaron heridos y debieron<a class=\"read-more\" href=\"https:\/\/elfederalmendoza.com.ar\/index.php\/2023\/08\/21\/tres-jovenes-y-un-menor-detenidos-en-san-rafael-por-el-crimen-de-un-chico-de-18-anos\/\"> [&hellip;]<\/a><\/p>\n","protected":false},"author":2,"featured_media":26606,"comment_status":"open","ping_status":"open","sticky":false,"template":"","format":"standard","meta":{"footnotes":""},"categories":[1],"tags":[],"class_list":["post-26604","post","type-post","status-publish","format-standard","has-post-thumbnail","hentry","category-mza"],"rttpg_featured_image_url":{"full":["https:\/\/elfederalmendoza.com.ar\/wp-content\/uploads\/2023\/08\/Portada-Luciano-homicidio.webp",1200,900,false],"landscape":["https:\/\/elfederalmendoza.com.ar\/wp-content\/uploads\/2023\/08\/Portada-Luciano-homicidio.webp",1200,900,false],"portraits":["https:\/\/elfederalmendoza.com.ar\/wp-content\/uploads\/2023\/08\/Portada-Luciano-homicidio.webp",1200,900,false],"thumbnail":["https:\/\/elfederalmendoza.com.ar\/wp-content\/uploads\/2023\/08\/Portada-Luciano-homicidio-150x150.webp",150,150,true],"medium":["https:\/\/elfederalmendoza.com.ar\/wp-content\/uploads\/2023\/08\/Portada-Luciano-homicidio-300x225.webp",300,225,true],"large":["https:\/\/elfederalmendoza.com.ar\/wp-content\/uploads\/2023\/08\/Portada-Luciano-homicidio-1024x768.webp",640,480,true],"1536x1536":["https:\/\/elfederalmendoza.com.ar\/wp-content\/uploads\/2023\/08\/Portada-Luciano-homicidio.webp",1200,900,false],"2048x2048":["https:\/\/elfederalmendoza.com.ar\/wp-content\/uploads\/2023\/08\/Portada-Luciano-homicidio.webp",1200,900,false],"ultp_layout_landscape_large":["https:\/\/elfederalmendoza.com.ar\/wp-content\/uploads\/2023\/08\/Portada-Luciano-homicidio-1200x800.webp",1200,800,true],"ultp_layout_landscape":["https:\/\/elfederalmendoza.com.ar\/wp-content\/uploads\/2023\/08\/Portada-Luciano-homicidio-870x570.webp",870,570,true],"ultp_layout_portrait":["https:\/\/elfederalmendoza.com.ar\/wp-content\/uploads\/2023\/08\/Portada-Luciano-homicidio-600x900.webp",600,900,true],"ultp_layout_square":["https:\/\/elfederalmendoza.com.ar\/wp-content\/uploads\/2023\/08\/Portada-Luciano-homicidio-600x600.webp",600,600,true],"rpwe-thumbnail":["https:\/\/elfederalmendoza.com.ar\/wp-content\/uploads\/2023\/08\/Portada-Luciano-homicidio-45x45.webp",45,45,true],"advps-thumb-one":["https:\/\/elfederalmendoza.com.ar\/wp-content\/uploads\/2023\/08\/Portada-Luciano-homicidio-1200x420.webp",1200,420,true]},"rttpg_author":{"display_name":"Redacci\u00f3n El Federal","author_link":"https:\/\/elfederalmendoza.com.ar\/index.php\/author\/angelflores\/"},"rttpg_comment":0,"rttpg_category":"<a href=\"https:\/\/elfederalmendoza.com.ar\/index.php\/category\/mza\/\" rel=\"category tag\">Mendoza<\/a>","rttpg_excerpt":"Tres j\u00f3venes mayores de edad y un menor quedaron a disposici\u00f3n de la Justicia este domingo por el asesinato de&nbsp;Luciano Francisco G\u00f3mez, quien muri\u00f3 de varios puntazos en el cuerpo durante una pelea en zona de calles&nbsp;Dorrego y Esquiu&nbsp;sin numeraci\u00f3n de la localidad de Pueblo Soto, en&nbsp;San Rafael. Otros tres j\u00f3venes resultaron heridos y debieron&hellip;","_links":{"self":[{"href":"https:\/\/elfederalmendoza.com.ar\/index.php\/wp-json\/wp\/v2\/posts\/26604","targetHints":{"allow":["GET"]}}],"collection":[{"href":"https:\/\/elfederalmendoza.com.ar\/index.php\/wp-json\/wp\/v2\/posts"}],"about":[{"href":"https:\/\/elfederalmendoza.com.ar\/index.php\/wp-json\/wp\/v2\/types\/post"}],"author":[{"embeddable":true,"href":"https:\/\/elfederalmendoza.com.ar\/index.php\/wp-json\/wp\/v2\/users\/2"}],"replies":[{"embeddable":true,"href":"https:\/\/elfederalmendoza.com.ar\/index.php\/wp-json\/wp\/v2\/comments?post=26604"}],"version-history":[{"count":1,"href":"https:\/\/elfederalmendoza.com.ar\/index.php\/wp-json\/wp\/v2\/posts\/26604\/revisions"}],"predecessor-version":[{"id":26608,"href":"https:\/\/elfederalmendoza.com.ar\/index.php\/wp-json\/wp\/v2\/posts\/26604\/revisions\/26608"}],"wp:featuredmedia":[{"embeddable":true,"href":"https:\/\/elfederalmendoza.com.ar\/index.php\/wp-json\/wp\/v2\/media\/26606"}],"wp:attachment":[{"href":"https:\/\/elfederalmendoza.com.ar\/index.php\/wp-json\/wp\/v2\/media?parent=26604"}],"wp:term":[{"taxonomy":"category","embeddable":true,"href":"https:\/\/elfederalmendoza.com.ar\/index.php\/wp-json\/wp\/v2\/categories?post=26604"},{"taxonomy":"post_tag","embeddable":true,"href":"https:\/\/elfederalmendoza.com.ar\/index.php\/wp-json\/wp\/v2\/tags?post=26604"}],"curies":[{"name":"wp","href":"https:\/\/api.w.org\/{rel}","templated":true}]}}