{"id":26615,"date":"2023-08-21T10:38:27","date_gmt":"2023-08-21T13:38:27","guid":{"rendered":"https:\/\/elfederalmendoza.com\/?p=26615"},"modified":"2023-08-21T17:49:20","modified_gmt":"2023-08-21T20:49:20","slug":"saqueos-en-mendoza-la-responsabilidad-de-informar-ante-el-caos-y-el-humor-social-y-la-censura-de-los-medios-nacionales","status":"publish","type":"post","link":"https:\/\/elfederalmendoza.com.ar\/index.php\/2023\/08\/21\/saqueos-en-mendoza-la-responsabilidad-de-informar-ante-el-caos-y-el-humor-social-y-la-censura-de-los-medios-nacionales\/","title":{"rendered":"Saqueos en Mendoza: La responsabilidad de informar ante el caos y el \u00abhumor social\u00bb, y la censura de los medios nacionales"},"content":{"rendered":"\n<p><strong><a href=\"https:\/\/www.facebook.com\/angelflores1962\/\">Por Angel Flores<\/a><\/strong><\/p>\n\n\n\n<p>Desde el s\u00e1bado,<strong> Mendoza se vio conmocionada por varios saqueos<\/strong> e intentos de robo en distintos puntos de la ciudad de Capital. La polic\u00eda mont\u00f3 un fuerte operativo de custodia, pero grupos de WhatsApp siguen incitando a saquear comercios.<\/p>\n\n\n\n<p>Los principales delitos se cometieron en Las Heras, y durante el domingo, <strong><a href=\"https:\/\/elfederalmendoza.com\/index.php\/2023\/08\/21\/domingo-con-tres-incidentes-en-supermercados-de-gran-mendoza-y-muchos-audios-agitando-por-whatsapp\/\">tambi\u00e9n hubo intentos de saqueos en un supermercado de Guaymall\u00e9n<\/a><\/strong>, desbaratado por la intervenci\u00f3n de la polic\u00eda.<\/p>\n\n\n\n<figure class=\"wp-block-video\"><video controls src=\"https:\/\/elfederalmendoza.com\/wp-content\/uploads\/2023\/08\/WhatsApp-Video-2023-08-20-at-2.11.09-PM.mp4\"><\/video><figcaption class=\"wp-element-caption\">Menores escapando de la polic\u00eda el domingo a la tarde (VIDEO GENTILEZA DE UN LECTOR DE EL FEDERAL)<\/figcaption><\/figure>\n\n\n\n<p>Pero lo que preocupa, <strong>es el extremo blindaje de los medios nacionales al no informar los hechos<\/strong> que se multiplicaron en las redes sociales, con fotos y videos que mostraron el caos y la <strong><a href=\"https:\/\/elfederalmendoza.com\/index.php\/2023\/08\/21\/el-duro-testimonio-del-dueno-de-la-carniceria-es-una-impotencia-muy-grande\/\">impotencia de comerciantes que fueron vandalizados.<\/a><\/strong><\/p>\n\n\n\n<p><strong>Sujetos al humor social por la grave crisis econ\u00f3mica que vive el pa\u00eds, y ante el posible \u00abefecto contagio\u00bb<\/strong>, los medios nacionales optaron por no difundir los saqueos, deslindando responsabilidades por sus derivaciones y consecuencias, <strong>en contra de la condici\u00f3n period\u00edstica de informar hechos<\/strong>.<\/p>\n\n\n\n<p>Si ese es el argumento,<strong> tampoco se deber\u00edan difundir hechos de inseguridad que se registran en todo el pa\u00eds<\/strong>, algunos con aberrantes y violentos videos que muestran la crueldad de los delincuentes que, en muchos de los casos, se ve a las v\u00edctimas como mueren.<\/p>\n\n\n\n<p>Lo que nos encontramos ahora, y abierto a un debate, es si los medios tenemos que estar sujetos al \u00abhumor social\u00bb ante la inoperancia de los gobiernos de turno, <strong>o censurar los hechos para no agitar m\u00e1s los \u00e1nimos<\/strong>, por encima de la gravedad de los hechos.<\/p>\n\n\n\n<p>En los saqueos hubo al menos 20 detenidos, muchos menores que ya fueron liberados y otros que fueron los que hicieron los grupos de chats en WhatsApp, para indicar los lugares de reuni\u00f3n y apuntar el comercio o el supermercado. <strong>Esa es la gravedad de los hechos censurados.<\/strong><\/p>\n\n\n\n<p>Todos los supermercados de la ciudad de Capital de Mendoza tienen ahora, una fuerte custodia policial, y el miedo de los comerciantes sigue latente. El grupo de Infanter\u00eda de la provincia est\u00e1n en alerta m\u00e1xima, ante cualquier llamado por saqueos, dijeron fuentes a nuestro medio. <strong>Esa es la gravedad de los hechos censurados<\/strong>.<\/p>\n\n\n\n<p><strong>La labor period\u00edstica es informar hechos<\/strong>, y el respaldo de videos, fotos y testimonios se multiplican en las redes sociales y tambi\u00e9n, por la presencia de pocos cronistas en los lugares de los hechos.<\/p>\n\n\n\n<p>El llamado \u00abhumor social\u00bb es responsabilidad de los gobiernos de turno, no de la decisi\u00f3n de un periodista de informar o no ante la gravedad que sufre la comunidad.<strong> Y la mejor forma de poder evitar, prevenir y advertir las consecuencias, es mostrar, difundir e informar lo que est\u00e1 pasando.<\/strong><\/p>\n","protected":false},"excerpt":{"rendered":"<p>Por Angel Flores Desde el s\u00e1bado, Mendoza se vio conmocionada por varios saqueos e intentos de robo en distintos puntos de la ciudad de Capital. La polic\u00eda mont\u00f3 un fuerte operativo de custodia, pero grupos de WhatsApp siguen incitando a saquear comercios. Los principales delitos se cometieron en Las Heras, y durante el domingo, tambi\u00e9n<a class=\"read-more\" href=\"https:\/\/elfederalmendoza.com.ar\/index.php\/2023\/08\/21\/saqueos-en-mendoza-la-responsabilidad-de-informar-ante-el-caos-y-el-humor-social-y-la-censura-de-los-medios-nacionales\/\"> [&hellip;]<\/a><\/p>\n","protected":false},"author":2,"featured_media":26619,"comment_status":"open","ping_status":"open","sticky":false,"template":"","format":"standard","meta":{"footnotes":""},"categories":[1],"tags":[],"class_list":["post-26615","post","type-post","status-publish","format-standard","has-post-thumbnail","hentry","category-mza"],"rttpg_featured_image_url":{"full":["https:\/\/elfederalmendoza.com.ar\/wp-content\/uploads\/2023\/08\/saqueos-mendoza.jpg",1189,625,false],"landscape":["https:\/\/elfederalmendoza.com.ar\/wp-content\/uploads\/2023\/08\/saqueos-mendoza.jpg",1189,625,false],"portraits":["https:\/\/elfederalmendoza.com.ar\/wp-content\/uploads\/2023\/08\/saqueos-mendoza.jpg",1189,625,false],"thumbnail":["https:\/\/elfederalmendoza.com.ar\/wp-content\/uploads\/2023\/08\/saqueos-mendoza-150x150.jpg",150,150,true],"medium":["https:\/\/elfederalmendoza.com.ar\/wp-content\/uploads\/2023\/08\/saqueos-mendoza-300x158.jpg",300,158,true],"large":["https:\/\/elfederalmendoza.com.ar\/wp-content\/uploads\/2023\/08\/saqueos-mendoza-1024x538.jpg",640,336,true],"1536x1536":["https:\/\/elfederalmendoza.com.ar\/wp-content\/uploads\/2023\/08\/saqueos-mendoza.jpg",1189,625,false],"2048x2048":["https:\/\/elfederalmendoza.com.ar\/wp-content\/uploads\/2023\/08\/saqueos-mendoza.jpg",1189,625,false],"ultp_layout_landscape_large":["https:\/\/elfederalmendoza.com.ar\/wp-content\/uploads\/2023\/08\/saqueos-mendoza.jpg",1189,625,false],"ultp_layout_landscape":["https:\/\/elfederalmendoza.com.ar\/wp-content\/uploads\/2023\/08\/saqueos-mendoza-870x570.jpg",870,570,true],"ultp_layout_portrait":["https:\/\/elfederalmendoza.com.ar\/wp-content\/uploads\/2023\/08\/saqueos-mendoza-600x625.jpg",600,625,true],"ultp_layout_square":["https:\/\/elfederalmendoza.com.ar\/wp-content\/uploads\/2023\/08\/saqueos-mendoza-600x600.jpg",600,600,true],"rpwe-thumbnail":["https:\/\/elfederalmendoza.com.ar\/wp-content\/uploads\/2023\/08\/saqueos-mendoza-45x45.jpg",45,45,true],"advps-thumb-one":["https:\/\/elfederalmendoza.com.ar\/wp-content\/uploads\/2023\/08\/saqueos-mendoza-1189x420.jpg",1189,420,true]},"rttpg_author":{"display_name":"Redacci\u00f3n El Federal","author_link":"https:\/\/elfederalmendoza.com.ar\/index.php\/author\/angelflores\/"},"rttpg_comment":0,"rttpg_category":"<a href=\"https:\/\/elfederalmendoza.com.ar\/index.php\/category\/mza\/\" rel=\"category tag\">Mendoza<\/a>","rttpg_excerpt":"Por Angel Flores Desde el s\u00e1bado, Mendoza se vio conmocionada por varios saqueos e intentos de robo en distintos puntos de la ciudad de Capital. La polic\u00eda mont\u00f3 un fuerte operativo de custodia, pero grupos de WhatsApp siguen incitando a saquear comercios. Los principales delitos se cometieron en Las Heras, y durante el domingo, tambi\u00e9n&hellip;","_links":{"self":[{"href":"https:\/\/elfederalmendoza.com.ar\/index.php\/wp-json\/wp\/v2\/posts\/26615","targetHints":{"allow":["GET"]}}],"collection":[{"href":"https:\/\/elfederalmendoza.com.ar\/index.php\/wp-json\/wp\/v2\/posts"}],"about":[{"href":"https:\/\/elfederalmendoza.com.ar\/index.php\/wp-json\/wp\/v2\/types\/post"}],"author":[{"embeddable":true,"href":"https:\/\/elfederalmendoza.com.ar\/index.php\/wp-json\/wp\/v2\/users\/2"}],"replies":[{"embeddable":true,"href":"https:\/\/elfederalmendoza.com.ar\/index.php\/wp-json\/wp\/v2\/comments?post=26615"}],"version-history":[{"count":3,"href":"https:\/\/elfederalmendoza.com.ar\/index.php\/wp-json\/wp\/v2\/posts\/26615\/revisions"}],"predecessor-version":[{"id":26623,"href":"https:\/\/elfederalmendoza.com.ar\/index.php\/wp-json\/wp\/v2\/posts\/26615\/revisions\/26623"}],"wp:featuredmedia":[{"embeddable":true,"href":"https:\/\/elfederalmendoza.com.ar\/index.php\/wp-json\/wp\/v2\/media\/26619"}],"wp:attachment":[{"href":"https:\/\/elfederalmendoza.com.ar\/index.php\/wp-json\/wp\/v2\/media?parent=26615"}],"wp:term":[{"taxonomy":"category","embeddable":true,"href":"https:\/\/elfederalmendoza.com.ar\/index.php\/wp-json\/wp\/v2\/categories?post=26615"},{"taxonomy":"post_tag","embeddable":true,"href":"https:\/\/elfederalmendoza.com.ar\/index.php\/wp-json\/wp\/v2\/tags?post=26615"}],"curies":[{"name":"wp","href":"https:\/\/api.w.org\/{rel}","templated":true}]}}