{"id":26631,"date":"2023-08-22T09:58:29","date_gmt":"2023-08-22T12:58:29","guid":{"rendered":"https:\/\/elfederalmendoza.com\/?p=26631"},"modified":"2023-08-22T09:58:30","modified_gmt":"2023-08-22T12:58:30","slug":"encuesta-el-50-cree-que-con-un-gobierno-de-javier-milei-estara-mejor-que-ahora","status":"publish","type":"post","link":"https:\/\/elfederalmendoza.com.ar\/index.php\/2023\/08\/22\/encuesta-el-50-cree-que-con-un-gobierno-de-javier-milei-estara-mejor-que-ahora\/","title":{"rendered":"Encuesta: el 50% cree que con un gobierno de Javier Milei estar\u00e1 mejor que ahora"},"content":{"rendered":"\n<p>La victoria de Milei sigue dando que hablar. El 48% quiere un \u00abcambio dr\u00e1stico\u00bb en cuanto al rumbo pol\u00edtico y econ\u00f3mico del pa\u00eds. Adem\u00e1s, Milei y Massa ser\u00edan los que m\u00e1s votos capitalizar\u00edan de sus rivales.<\/p>\n\n\n\n<p>Ocho d\u00edas pasaron de las PASO y la figura de\u00a0<strong>Javier Milei<\/strong>, el candidato a presidente m\u00e1s votado en los comicios, sigue marcando la agenda medi\u00e1tica y pol\u00edtica. A partir de esto, el\u00a0<em>Observatorio de la Facultad de Psicolog\u00eda de la UBA<\/em>\u00a0hizo un relevamiento que dej\u00f3 mucho para analizar, como que\u00a0<strong>un 50% de los consultados cree que con un gobierno del candidato de La Libertad Avanza estar\u00e1n mejor.<\/strong><\/p>\n\n\n\n<p>El estudio realizado el 17 de agosto en todo el pa\u00eds, de manera online y con un total de 4623 casos, revel\u00f3 que un&nbsp;<strong>26% cree que si Milei es presidente la Argentina estar\u00e1 \u00abmucho mejor que ahora\u00bb, un 24% \u00abalgo mejor que ahora\u00bb, 6% \u00abigual que ahora\u00bb, un 7% \u00abalgo peor que ahora\u00bb y un 38% \u00abmucho peor que ahora\u00bb.&nbsp;<\/strong><\/p>\n\n\n\n<p>Entre las palabras con las que los encuestados definieron sus virtudes se destacan\u00a0<strong>\u00abbuen economista\u00bb, \u00absinceridad\u00bb, \u00abninguna\u00bb, \u00abinteligente\u00bb y \u00abfrontal\u00bb<\/strong>, mientras en los defectos se caracterizaron por\u00a0<strong>\u00abloco\u00bb, \u00abviolento\u00bb, \u00absoberbio\u00bb y \u00abpsic\u00f3pata\u00bb<\/strong>.<\/p>\n\n\n\n<p>Ante la consulta de si preferir\u00eda una continuidad del rumbo pol\u00edtico econ\u00f3mico o un cambio, los encuestados respondieron en un&nbsp;<strong>48% que quieren un \u00abcambio pol\u00edtico y econ\u00f3mico dr\u00e1stico\u00bb, mientras que un 34% opt\u00f3 por un \u00abcambio pol\u00edtico econ\u00f3mico moderado\u00bb. S\u00f3lo el 18% eligi\u00f3 la continuidad<\/strong>.<\/p>\n\n\n\n<h2 class=\"wp-block-heading\"><strong>Migraciones de votos<\/strong><\/h2>\n\n\n\n<p>Asimismo, la Facultad de Psicolog\u00eda de la UBA hizo un mapa de posibles migraciones de votos, es decir, relev\u00f3 entre los votantes que emitieron su voto en las PASO si cambiar\u00edan su elecci\u00f3n o si se mantendr\u00edan con el mismo candidato. En el caso de los que cambiaron, tambi\u00e9n relevaron a qui\u00e9nes se ir\u00edan esos votos.&nbsp;<\/p>\n\n\n\n<p>Otro dato llamativo y favorable para\u00a0<strong>Milei es que conservar\u00eda m\u00e1s del 97% de sus votantes<\/strong>, y\u00a0<strong>sumar\u00eda un 18% de quienes votaron a\u00a0Patricia Bullrich<\/strong>\u00a0(que sac\u00f3 algo m\u00e1s del 16% en las PASO). Adem\u00e1s,\u00a0<strong>Milei sumar\u00eda un 20% de quienes votaron a Horacio Rodr\u00edguez Larreta<\/strong>, quien sac\u00f3 10 puntos y perdi\u00f3 la interna de JxC.<\/p>\n\n\n\n<p>Asimismo,\u00a0<strong>Sergio<\/strong>\u00a0<strong>Massa\u00a0retendr\u00eda tambi\u00e9n m\u00e1s del 97% de sus votantes, y sumar\u00eda a casi el 88% de quienes votaron a Grabois<\/strong>. Uni\u00f3n por la Patria sum\u00f3 un 27% de los votos en las primarias. Pero\u00a0<strong>Massa tambi\u00e9n sumar\u00eda un 42% de quienes votaron a Myriam Bregman, un 24,6% de quienes votaron a otros candidatos y\u00a0un 17,8% de quienes votaron en blanco<\/strong>. Entre esas opciones, ser\u00eda el candidato que m\u00e1s votos absorber\u00eda.<\/p>\n\n\n\n<p><strong>La encuesta completa:&nbsp;<\/strong><\/p>\n\n\n\n<iframe loading=\"lazy\" src=\"https:\/\/drive.google.com\/file\/d\/1JVqA4aXghlFybh_gexSssK-d8bv-0Xa3\/preview\" width=\"640\" height=\"480\" allow=\"autoplay\"><\/iframe>\n\n\n\n<p><\/p>\n","protected":false},"excerpt":{"rendered":"<p>La victoria de Milei sigue dando que hablar. El 48% quiere un \u00abcambio dr\u00e1stico\u00bb en cuanto al rumbo pol\u00edtico y econ\u00f3mico del pa\u00eds. Adem\u00e1s, Milei y Massa ser\u00edan los que m\u00e1s votos capitalizar\u00edan de sus rivales. Ocho d\u00edas pasaron de las PASO y la figura de\u00a0Javier Milei, el candidato a presidente m\u00e1s votado en los<a class=\"read-more\" href=\"https:\/\/elfederalmendoza.com.ar\/index.php\/2023\/08\/22\/encuesta-el-50-cree-que-con-un-gobierno-de-javier-milei-estara-mejor-que-ahora\/\"> [&hellip;]<\/a><\/p>\n","protected":false},"author":2,"featured_media":26633,"comment_status":"open","ping_status":"open","sticky":false,"template":"","format":"standard","meta":{"footnotes":""},"categories":[5618],"tags":[],"class_list":["post-26631","post","type-post","status-publish","format-standard","has-post-thumbnail","hentry","category-arg"],"rttpg_featured_image_url":{"full":["https:\/\/elfederalmendoza.com.ar\/wp-content\/uploads\/2023\/08\/javier-milei4.jpg",1178,661,false],"landscape":["https:\/\/elfederalmendoza.com.ar\/wp-content\/uploads\/2023\/08\/javier-milei4.jpg",1178,661,false],"portraits":["https:\/\/elfederalmendoza.com.ar\/wp-content\/uploads\/2023\/08\/javier-milei4.jpg",1178,661,false],"thumbnail":["https:\/\/elfederalmendoza.com.ar\/wp-content\/uploads\/2023\/08\/javier-milei4-150x150.jpg",150,150,true],"medium":["https:\/\/elfederalmendoza.com.ar\/wp-content\/uploads\/2023\/08\/javier-milei4-300x168.jpg",300,168,true],"large":["https:\/\/elfederalmendoza.com.ar\/wp-content\/uploads\/2023\/08\/javier-milei4-1024x575.jpg",640,359,true],"1536x1536":["https:\/\/elfederalmendoza.com.ar\/wp-content\/uploads\/2023\/08\/javier-milei4.jpg",1178,661,false],"2048x2048":["https:\/\/elfederalmendoza.com.ar\/wp-content\/uploads\/2023\/08\/javier-milei4.jpg",1178,661,false],"ultp_layout_landscape_large":["https:\/\/elfederalmendoza.com.ar\/wp-content\/uploads\/2023\/08\/javier-milei4.jpg",1178,661,false],"ultp_layout_landscape":["https:\/\/elfederalmendoza.com.ar\/wp-content\/uploads\/2023\/08\/javier-milei4-870x570.jpg",870,570,true],"ultp_layout_portrait":["https:\/\/elfederalmendoza.com.ar\/wp-content\/uploads\/2023\/08\/javier-milei4-600x661.jpg",600,661,true],"ultp_layout_square":["https:\/\/elfederalmendoza.com.ar\/wp-content\/uploads\/2023\/08\/javier-milei4-600x600.jpg",600,600,true],"rpwe-thumbnail":["https:\/\/elfederalmendoza.com.ar\/wp-content\/uploads\/2023\/08\/javier-milei4-45x45.jpg",45,45,true],"advps-thumb-one":["https:\/\/elfederalmendoza.com.ar\/wp-content\/uploads\/2023\/08\/javier-milei4-1178x420.jpg",1178,420,true]},"rttpg_author":{"display_name":"Redacci\u00f3n El Federal","author_link":"https:\/\/elfederalmendoza.com.ar\/index.php\/author\/angelflores\/"},"rttpg_comment":0,"rttpg_category":"<a href=\"https:\/\/elfederalmendoza.com.ar\/index.php\/category\/arg\/\" rel=\"category tag\">Argentina<\/a>","rttpg_excerpt":"La victoria de Milei sigue dando que hablar. El 48% quiere un \u00abcambio dr\u00e1stico\u00bb en cuanto al rumbo pol\u00edtico y econ\u00f3mico del pa\u00eds. Adem\u00e1s, Milei y Massa ser\u00edan los que m\u00e1s votos capitalizar\u00edan de sus rivales. Ocho d\u00edas pasaron de las PASO y la figura de\u00a0Javier Milei, el candidato a presidente m\u00e1s votado en los&hellip;","_links":{"self":[{"href":"https:\/\/elfederalmendoza.com.ar\/index.php\/wp-json\/wp\/v2\/posts\/26631","targetHints":{"allow":["GET"]}}],"collection":[{"href":"https:\/\/elfederalmendoza.com.ar\/index.php\/wp-json\/wp\/v2\/posts"}],"about":[{"href":"https:\/\/elfederalmendoza.com.ar\/index.php\/wp-json\/wp\/v2\/types\/post"}],"author":[{"embeddable":true,"href":"https:\/\/elfederalmendoza.com.ar\/index.php\/wp-json\/wp\/v2\/users\/2"}],"replies":[{"embeddable":true,"href":"https:\/\/elfederalmendoza.com.ar\/index.php\/wp-json\/wp\/v2\/comments?post=26631"}],"version-history":[{"count":1,"href":"https:\/\/elfederalmendoza.com.ar\/index.php\/wp-json\/wp\/v2\/posts\/26631\/revisions"}],"predecessor-version":[{"id":26634,"href":"https:\/\/elfederalmendoza.com.ar\/index.php\/wp-json\/wp\/v2\/posts\/26631\/revisions\/26634"}],"wp:featuredmedia":[{"embeddable":true,"href":"https:\/\/elfederalmendoza.com.ar\/index.php\/wp-json\/wp\/v2\/media\/26633"}],"wp:attachment":[{"href":"https:\/\/elfederalmendoza.com.ar\/index.php\/wp-json\/wp\/v2\/media?parent=26631"}],"wp:term":[{"taxonomy":"category","embeddable":true,"href":"https:\/\/elfederalmendoza.com.ar\/index.php\/wp-json\/wp\/v2\/categories?post=26631"},{"taxonomy":"post_tag","embeddable":true,"href":"https:\/\/elfederalmendoza.com.ar\/index.php\/wp-json\/wp\/v2\/tags?post=26631"}],"curies":[{"name":"wp","href":"https:\/\/api.w.org\/{rel}","templated":true}]}}