{"id":26644,"date":"2023-08-22T12:35:15","date_gmt":"2023-08-22T15:35:15","guid":{"rendered":"https:\/\/elfederalmendoza.com\/?p=26644"},"modified":"2023-08-22T12:35:25","modified_gmt":"2023-08-22T15:35:25","slug":"trasladaron-a-un-penal-de-regimen-estricto-al-mendocino-detenido-en-el-salvador","status":"publish","type":"post","link":"https:\/\/elfederalmendoza.com.ar\/index.php\/2023\/08\/22\/trasladaron-a-un-penal-de-regimen-estricto-al-mendocino-detenido-en-el-salvador\/","title":{"rendered":"Trasladaron a un penal de r\u00e9gimen estricto al mendocino detenido en El Salvador"},"content":{"rendered":"\n<p><strong>Alejo Arias Gonz\u00e1lez<\/strong>, el joven mendocino detenido en&nbsp;<strong>El Salvador<\/strong>&nbsp;tras ser acusado de integrar una banda que lavaba dinero en ese pa\u00eds, fue trasladado al&nbsp;<strong>penal de Usulut\u00e1n<\/strong>&nbsp;el jueves pasado. Sus padres siguen pidiendo por la liberaci\u00f3n del muchacho de 24 a\u00f1os, con quien no tienen contacto directo desde que fue aprehendido en julio.<\/p>\n\n\n\n<p><strong>Mauricio Arias<\/strong>, padre de Alejo, dijo a&nbsp;<em>El Sol<\/em>&nbsp;que los abogados encabezados por Miguel \u00c1ngel Pierri, quienes representan a la familia, presentaron una solicitud para la liberaci\u00f3n del joven. La petici\u00f3n incluye la posibilidad de que Alejo permanezca en El Salvador durante el curso de la investigaci\u00f3n. Pero que est\u00e1n muy preocupados porque al penal donde fue trasladado \u201ctienen restringidas hasta las visitas de los pastores\u201d.<\/p>\n\n\n\n<p>El padre agreg\u00f3 que el letrado est\u00e1 trabajando arduamente para allanar el camino legal, dado lo complejo de la situaci\u00f3n en ese pa\u00eds. Tambi\u00e9n coment\u00f3 que se pusieron en contacto con la Embajada Argentina en El Salvador, pero que hasta el momento no han tenido respuesta.<\/p>\n\n\n\n<p>La informaci\u00f3n sobre Alejo proviene principalmente del pastor Jaime Guti\u00e9rrez, quien tuvo la oportunidad de visitarlo mientras estaba alojado en el Penalito. El religioso inform\u00f3 a la familia que \u201cel estado de salud de Alejo es bueno y que hab\u00eda sido llevado, junto con los colombianos involucrados en una presunta red de lavado de dinero, al Centro Penal de Jucuapa en Usulut\u00e1n\u201d, ubicado a unos 200 kil\u00f3metros de la capital salvadore\u00f1a.<\/p>\n\n\n\n<p>En ese establecimiento penitenciario de \u201cr\u00e9gimen estricto\u201d, los reclusos deben levantarse a las 5 de la ma\u00f1ana y disponen de un tiempo para la oraci\u00f3n. Adem\u00e1s, se les ofrece la oportunidad de trabajar en actividades agr\u00edcolas, aunque no es obligatorio. Aquellos que optan por no trabajar pasan el d\u00eda en su celda.<\/p>\n\n\n\n<p><em>\u201cNosotros estamos seguros de que nuestro hijo opt\u00f3 por alguna actividad y que no se queda encerrado en la celda. Pero m\u00e1s all\u00e1 de estos comentarios que nos llegaron, seguimos desesperados y preocupados por su bienestar\u201d<\/em>, se\u00f1al\u00f3 Mauricio.<\/p>\n\n\n\n<h2 class=\"wp-block-heading\" id=\"h-por-que-fue-detenido-alejo\">Por qu\u00e9 fue detenido Alejo<\/h2>\n\n\n\n<p>El mendocino viaj\u00f3 hace cuatro meses a ese pa\u00eds centroamericano para trabajar en una supuesta financiera, pero a mediados de julio fue detenido junto a un numeroso grupo de colombianos, un guatemalteco y tres salvadore\u00f1os. Seg\u00fan public\u00f3&nbsp;<em>Infobae<\/em>, los detenidos est\u00e1n se\u00f1alados de integrar una red de lavado de dinero a trav\u00e9s de pr\u00e9stamos \u201cgota a gota\u201d.<\/p>\n\n\n\n<p>El contexto pol\u00edtico de El Salvador no es ajeno, ya que el presidente de ese pa\u00eds, Nayib Bukele advirti\u00f3 que, en su lucha contra el narcotr\u00e1fico (que es cuestionada por organismos de Derechos Humanos), \u201ctodos los falsos turistas, miembros de esta estructura de extorsi\u00f3n y lavado de dinero, aprovechen y salgan r\u00e1pido de nuestro pa\u00eds\u201d.<\/p>\n\n\n\n<p><em>Fuente: El Sol<\/em><\/p>\n","protected":false},"excerpt":{"rendered":"<p>Alejo Arias Gonz\u00e1lez, el joven mendocino detenido en&nbsp;El Salvador&nbsp;tras ser acusado de integrar una banda que lavaba dinero en ese pa\u00eds, fue trasladado al&nbsp;penal de Usulut\u00e1n&nbsp;el jueves pasado. Sus padres siguen pidiendo por la liberaci\u00f3n del muchacho de 24 a\u00f1os, con quien no tienen contacto directo desde que fue aprehendido en julio. Mauricio Arias, padre<a class=\"read-more\" href=\"https:\/\/elfederalmendoza.com.ar\/index.php\/2023\/08\/22\/trasladaron-a-un-penal-de-regimen-estricto-al-mendocino-detenido-en-el-salvador\/\"> [&hellip;]<\/a><\/p>\n","protected":false},"author":2,"featured_media":26649,"comment_status":"open","ping_status":"open","sticky":false,"template":"","format":"standard","meta":{"footnotes":""},"categories":[1],"tags":[],"class_list":["post-26644","post","type-post","status-publish","format-standard","has-post-thumbnail","hentry","category-mza"],"rttpg_featured_image_url":{"full":["https:\/\/elfederalmendoza.com.ar\/wp-content\/uploads\/2023\/08\/Images-36-wpp1691062691512.jpg",1100,642,false],"landscape":["https:\/\/elfederalmendoza.com.ar\/wp-content\/uploads\/2023\/08\/Images-36-wpp1691062691512.jpg",1100,642,false],"portraits":["https:\/\/elfederalmendoza.com.ar\/wp-content\/uploads\/2023\/08\/Images-36-wpp1691062691512.jpg",1100,642,false],"thumbnail":["https:\/\/elfederalmendoza.com.ar\/wp-content\/uploads\/2023\/08\/Images-36-wpp1691062691512-150x150.jpg",150,150,true],"medium":["https:\/\/elfederalmendoza.com.ar\/wp-content\/uploads\/2023\/08\/Images-36-wpp1691062691512-300x175.jpg",300,175,true],"large":["https:\/\/elfederalmendoza.com.ar\/wp-content\/uploads\/2023\/08\/Images-36-wpp1691062691512-1024x598.jpg",640,374,true],"1536x1536":["https:\/\/elfederalmendoza.com.ar\/wp-content\/uploads\/2023\/08\/Images-36-wpp1691062691512.jpg",1100,642,false],"2048x2048":["https:\/\/elfederalmendoza.com.ar\/wp-content\/uploads\/2023\/08\/Images-36-wpp1691062691512.jpg",1100,642,false],"ultp_layout_landscape_large":["https:\/\/elfederalmendoza.com.ar\/wp-content\/uploads\/2023\/08\/Images-36-wpp1691062691512.jpg",1100,642,false],"ultp_layout_landscape":["https:\/\/elfederalmendoza.com.ar\/wp-content\/uploads\/2023\/08\/Images-36-wpp1691062691512-870x570.jpg",870,570,true],"ultp_layout_portrait":["https:\/\/elfederalmendoza.com.ar\/wp-content\/uploads\/2023\/08\/Images-36-wpp1691062691512-600x642.jpg",600,642,true],"ultp_layout_square":["https:\/\/elfederalmendoza.com.ar\/wp-content\/uploads\/2023\/08\/Images-36-wpp1691062691512-600x600.jpg",600,600,true],"rpwe-thumbnail":["https:\/\/elfederalmendoza.com.ar\/wp-content\/uploads\/2023\/08\/Images-36-wpp1691062691512-45x45.jpg",45,45,true],"advps-thumb-one":["https:\/\/elfederalmendoza.com.ar\/wp-content\/uploads\/2023\/08\/Images-36-wpp1691062691512-1100x420.jpg",1100,420,true]},"rttpg_author":{"display_name":"Redacci\u00f3n El Federal","author_link":"https:\/\/elfederalmendoza.com.ar\/index.php\/author\/angelflores\/"},"rttpg_comment":0,"rttpg_category":"<a href=\"https:\/\/elfederalmendoza.com.ar\/index.php\/category\/mza\/\" rel=\"category tag\">Mendoza<\/a>","rttpg_excerpt":"Alejo Arias Gonz\u00e1lez, el joven mendocino detenido en&nbsp;El Salvador&nbsp;tras ser acusado de integrar una banda que lavaba dinero en ese pa\u00eds, fue trasladado al&nbsp;penal de Usulut\u00e1n&nbsp;el jueves pasado. Sus padres siguen pidiendo por la liberaci\u00f3n del muchacho de 24 a\u00f1os, con quien no tienen contacto directo desde que fue aprehendido en julio. Mauricio Arias, padre&hellip;","_links":{"self":[{"href":"https:\/\/elfederalmendoza.com.ar\/index.php\/wp-json\/wp\/v2\/posts\/26644","targetHints":{"allow":["GET"]}}],"collection":[{"href":"https:\/\/elfederalmendoza.com.ar\/index.php\/wp-json\/wp\/v2\/posts"}],"about":[{"href":"https:\/\/elfederalmendoza.com.ar\/index.php\/wp-json\/wp\/v2\/types\/post"}],"author":[{"embeddable":true,"href":"https:\/\/elfederalmendoza.com.ar\/index.php\/wp-json\/wp\/v2\/users\/2"}],"replies":[{"embeddable":true,"href":"https:\/\/elfederalmendoza.com.ar\/index.php\/wp-json\/wp\/v2\/comments?post=26644"}],"version-history":[{"count":3,"href":"https:\/\/elfederalmendoza.com.ar\/index.php\/wp-json\/wp\/v2\/posts\/26644\/revisions"}],"predecessor-version":[{"id":26653,"href":"https:\/\/elfederalmendoza.com.ar\/index.php\/wp-json\/wp\/v2\/posts\/26644\/revisions\/26653"}],"wp:featuredmedia":[{"embeddable":true,"href":"https:\/\/elfederalmendoza.com.ar\/index.php\/wp-json\/wp\/v2\/media\/26649"}],"wp:attachment":[{"href":"https:\/\/elfederalmendoza.com.ar\/index.php\/wp-json\/wp\/v2\/media?parent=26644"}],"wp:term":[{"taxonomy":"category","embeddable":true,"href":"https:\/\/elfederalmendoza.com.ar\/index.php\/wp-json\/wp\/v2\/categories?post=26644"},{"taxonomy":"post_tag","embeddable":true,"href":"https:\/\/elfederalmendoza.com.ar\/index.php\/wp-json\/wp\/v2\/tags?post=26644"}],"curies":[{"name":"wp","href":"https:\/\/api.w.org\/{rel}","templated":true}]}}