{"id":26654,"date":"2023-08-22T12:59:50","date_gmt":"2023-08-22T15:59:50","guid":{"rendered":"https:\/\/elfederalmendoza.com\/?p=26654"},"modified":"2023-08-22T12:59:50","modified_gmt":"2023-08-22T15:59:50","slug":"para-la-casa-rosada-hay-grupos-organizados-incentivando-intentos-de-saqueos-en-distintos-puntos-del-pais","status":"publish","type":"post","link":"https:\/\/elfederalmendoza.com.ar\/index.php\/2023\/08\/22\/para-la-casa-rosada-hay-grupos-organizados-incentivando-intentos-de-saqueos-en-distintos-puntos-del-pais\/","title":{"rendered":"Para la Casa Rosada, hay grupos organizados \u00abincentivando\u00bb intentos de saqueos en distintos puntos del pa\u00eds"},"content":{"rendered":"\n<p><strong>Tras registrarse otros intentos de saqueo en C\u00f3rdoba y un robo en grupo en el Barrio 1-11-14 del Bajo Flores porte\u00f1o, el ministro de Seguridad, An\u00edbal Fern\u00e1ndez, denunci\u00f3 este martes que hay grupos \u00abincentivando\u00bb estos hechos delictivos.<\/strong><\/p>\n\n\n\n<p>\u00abAlguien lo est\u00e1 incentivando, buscando alguna alternativa que nada tiene que ver con un saqueo, que es una vocaci\u00f3n de generar un conflicto\u00bb, asegur\u00f3 el funcionario en declaraciones a la prensa.<\/p>\n\n\n\n<p>En este sentido, puntualiz\u00f3: \u00abNosotros desde la semana pasada tenemos detectado alg\u00fan intento de armar a trav\u00e9s de whatsapp hechos de alguna caracter\u00edstica y los hemos seguido en algunas provincias\u00bb.<\/p>\n\n\n\n<p>Sucedi\u00f3 en el barrio 1-11-14, en el cierre de un fin de semana donde se registraron intentos de saqueos en supermercados y carnicer\u00edas de tres provincias.<\/p>\n\n\n\n<p>Fern\u00e1ndez asegur\u00f3 que estos grupos no tienen \u00abmucho\u00bb nivel de organizaci\u00f3n, pero \u00abs\u00ed contacto, por la forma en que actuaron\u00bb.<\/p>\n\n\n\n<p>En esa b\u00fasqueda de los instigadores de estos hechos, el ministro remarc\u00f3 que no cree que haya motivaciones pol\u00edticas detr\u00e1s de estos intentos: \u00abEl olfato me dice que no hay nada que me muestre que tenga otra raz\u00f3n de ser que no sea el conflicto en s\u00ed mismo y no una complicaci\u00f3n de otra caracter\u00edstica\u00bb.<\/p>\n\n\n\n<p><strong>A su vez, reiter\u00f3 que no se trataron de saqueos, sino que \u00abla actitud es de un acto delictivo que traiga m\u00e1s confusi\u00f3n, no hay otra cosa\u00bb.<\/strong><\/p>\n\n\n\n<p>\u00abNo ha habido saqueos y no ha habido acciones de otra caracter\u00edstica que no sean esas, provocar una acci\u00f3n que llame la atenci\u00f3n\u00bb, repiti\u00f3.<\/p>\n\n\n\n<p>Y reforz\u00f3 la teor\u00eda de que no hay implicaciones pol\u00edticas para desestabilizar al Gobierno nacional detr\u00e1s de estos hechos porque ocurrieron en \u00abprovincias que por ejemplo no est\u00e1n gobernadas por el oficialismo\u00bb.<\/p>\n\n\n\n<p>\u00abYo no le asigno valor a eso porque en la 1-11-14 estamos actuando nosotros, por m\u00e1s que est\u00e9 en la Ciudad de Buenos Aires, estamos actuando con Gendarmer\u00eda y se accion\u00f3 en forma inmediata y se logr\u00f3 detener o frenar esa vocaci\u00f3n de robar ese local, fue muy simple\u00bb, afirm\u00f3.<\/p>\n\n\n\n<p><strong>Por \u00faltimo, dijo que a\u00fan no recibi\u00f3 ning\u00fan pedido desde las provincias, pero que si es necesario reforzar\u00e1 la seguridad en esos lugares. Tambi\u00e9n mencion\u00f3 que los detenidos tambi\u00e9n son de las provincias y no est\u00e1n en la \u00f3rbita del Ministerio de Seguridad de la Naci\u00f3n.<\/strong><\/p>\n\n\n\n<p>Y dijo que \u00abno hay preocupaci\u00f3n, sino ocupaci\u00f3n\u00bb en estos hechos.<\/p>\n\n\n\n<p>\u00abNosotros ven\u00edamos analizando chats que incentivaban la vocaci\u00f3n de encontrarse sin definir lugar ni formas y a eso venimos prestando la atenci\u00f3n desde la semana pasada. Son grupos chicos, con alguna vocaci\u00f3n, sabe Dios cu\u00e1l es, trataremos de conocerla m\u00e1s segura en el transcurso de la ma\u00f1ana\u00bb, cerr\u00f3.<strong>C\u00f3rdoba, el lugar en el que m\u00e1s intentos de saqueo hubo en las \u00faltimas horas<\/strong><\/p>\n\n\n\n<p>Luego de los saqueos en la ciudad de R\u00edo Cuarto, entre la noche de lunes y la madrugada de este martes se registraron 12 nuevos ataques a negocios, esta vez en la ciudad de C\u00f3rdoba.<\/p>\n\n\n\n<p>Ocurri\u00f3 este lunes por la noche en el barrio Los Granados. Hay tres detenidos.<\/p>\n\n\n\n<p>En las \u00faltimas horas, el fiscal Ernesto de Arag\u00f3n confirm\u00f3 que fueron detenidas 23 personas, seg\u00fan inform\u00f3 La Voz. Cinco de ellos son adolescentes.<\/p>\n\n\n\n<p>El Claudio Stampalija, secretario de Seguridad de la Provincia de C\u00f3rdoba, afirm\u00f3 que \u00abhubo un efecto contagio muy muy fuerte, que se ha observado claramente de noche y madrugada\u00bb, en referencia a los hechos delictivos que se hab\u00edan registrado el domingo en R\u00edo Cuarto. Sin embargo, plante\u00f3 que en su visi\u00f3n no se trat\u00f3 de saqueos, sino de tentativas de robo.<\/p>\n\n\n\n<p>El funcionario detall\u00f3 en di\u00e1logo con Eldoce que los nuevos ataques se dieron en distintos puntos de la capital cordobesa y que, en base a los primeros testimonios que los detenidos, confirmaron que fueron convocados por cadenas de WhatsApp y a trav\u00e9s del boca a boca.<\/p>\n\n\n\n<p>\u00abHubo varias tentativas de robos, han intentado ingresar a algunos lugares, almacenes, minimercados&#8230; Ha habido rotura de vidrieras\u00bb, afirm\u00f3 Stampalija.<\/p>\n\n\n\n<p>Uno de los videos que se viraliz\u00f3 en las \u00faltimas horas muestra a un grupo de unas 20 personas intentando ingresar a un supermercado chino del barrio Los Granados. Seg\u00fan el relato de vecinos, publicado por La Voz, los incidentes comenzaron cerca de las 20.30 del lunes en Jos\u00e9 Manuel Fierro al 3800.&nbsp;<\/p>\n","protected":false},"excerpt":{"rendered":"<p>Tras registrarse otros intentos de saqueo en C\u00f3rdoba y un robo en grupo en el Barrio 1-11-14 del Bajo Flores porte\u00f1o, el ministro de Seguridad, An\u00edbal Fern\u00e1ndez, denunci\u00f3 este martes que hay grupos \u00abincentivando\u00bb estos hechos delictivos. \u00abAlguien lo est\u00e1 incentivando, buscando alguna alternativa que nada tiene que ver con un saqueo, que es una<a class=\"read-more\" href=\"https:\/\/elfederalmendoza.com.ar\/index.php\/2023\/08\/22\/para-la-casa-rosada-hay-grupos-organizados-incentivando-intentos-de-saqueos-en-distintos-puntos-del-pais\/\"> [&hellip;]<\/a><\/p>\n","protected":false},"author":2,"featured_media":26656,"comment_status":"open","ping_status":"open","sticky":false,"template":"","format":"standard","meta":{"footnotes":""},"categories":[5618,1],"tags":[],"class_list":["post-26654","post","type-post","status-publish","format-standard","has-post-thumbnail","hentry","category-arg","category-mza"],"rttpg_featured_image_url":{"full":["https:\/\/elfederalmendoza.com.ar\/wp-content\/uploads\/2023\/08\/QZ23V3SVEJFCZA3YKAA3CIHSVQ.webp",980,640,false],"landscape":["https:\/\/elfederalmendoza.com.ar\/wp-content\/uploads\/2023\/08\/QZ23V3SVEJFCZA3YKAA3CIHSVQ.webp",980,640,false],"portraits":["https:\/\/elfederalmendoza.com.ar\/wp-content\/uploads\/2023\/08\/QZ23V3SVEJFCZA3YKAA3CIHSVQ.webp",980,640,false],"thumbnail":["https:\/\/elfederalmendoza.com.ar\/wp-content\/uploads\/2023\/08\/QZ23V3SVEJFCZA3YKAA3CIHSVQ-150x150.webp",150,150,true],"medium":["https:\/\/elfederalmendoza.com.ar\/wp-content\/uploads\/2023\/08\/QZ23V3SVEJFCZA3YKAA3CIHSVQ-300x196.webp",300,196,true],"large":["https:\/\/elfederalmendoza.com.ar\/wp-content\/uploads\/2023\/08\/QZ23V3SVEJFCZA3YKAA3CIHSVQ.webp",640,418,false],"1536x1536":["https:\/\/elfederalmendoza.com.ar\/wp-content\/uploads\/2023\/08\/QZ23V3SVEJFCZA3YKAA3CIHSVQ.webp",980,640,false],"2048x2048":["https:\/\/elfederalmendoza.com.ar\/wp-content\/uploads\/2023\/08\/QZ23V3SVEJFCZA3YKAA3CIHSVQ.webp",980,640,false],"ultp_layout_landscape_large":["https:\/\/elfederalmendoza.com.ar\/wp-content\/uploads\/2023\/08\/QZ23V3SVEJFCZA3YKAA3CIHSVQ.webp",980,640,false],"ultp_layout_landscape":["https:\/\/elfederalmendoza.com.ar\/wp-content\/uploads\/2023\/08\/QZ23V3SVEJFCZA3YKAA3CIHSVQ-870x570.webp",870,570,true],"ultp_layout_portrait":["https:\/\/elfederalmendoza.com.ar\/wp-content\/uploads\/2023\/08\/QZ23V3SVEJFCZA3YKAA3CIHSVQ-600x640.webp",600,640,true],"ultp_layout_square":["https:\/\/elfederalmendoza.com.ar\/wp-content\/uploads\/2023\/08\/QZ23V3SVEJFCZA3YKAA3CIHSVQ-600x600.webp",600,600,true],"rpwe-thumbnail":["https:\/\/elfederalmendoza.com.ar\/wp-content\/uploads\/2023\/08\/QZ23V3SVEJFCZA3YKAA3CIHSVQ-45x45.webp",45,45,true],"advps-thumb-one":["https:\/\/elfederalmendoza.com.ar\/wp-content\/uploads\/2023\/08\/QZ23V3SVEJFCZA3YKAA3CIHSVQ-980x420.webp",980,420,true]},"rttpg_author":{"display_name":"Redacci\u00f3n El Federal","author_link":"https:\/\/elfederalmendoza.com.ar\/index.php\/author\/angelflores\/"},"rttpg_comment":0,"rttpg_category":"<a href=\"https:\/\/elfederalmendoza.com.ar\/index.php\/category\/arg\/\" rel=\"category tag\">Argentina<\/a> <a href=\"https:\/\/elfederalmendoza.com.ar\/index.php\/category\/mza\/\" rel=\"category tag\">Mendoza<\/a>","rttpg_excerpt":"Tras registrarse otros intentos de saqueo en C\u00f3rdoba y un robo en grupo en el Barrio 1-11-14 del Bajo Flores porte\u00f1o, el ministro de Seguridad, An\u00edbal Fern\u00e1ndez, denunci\u00f3 este martes que hay grupos \u00abincentivando\u00bb estos hechos delictivos. \u00abAlguien lo est\u00e1 incentivando, buscando alguna alternativa que nada tiene que ver con un saqueo, que es una&hellip;","_links":{"self":[{"href":"https:\/\/elfederalmendoza.com.ar\/index.php\/wp-json\/wp\/v2\/posts\/26654","targetHints":{"allow":["GET"]}}],"collection":[{"href":"https:\/\/elfederalmendoza.com.ar\/index.php\/wp-json\/wp\/v2\/posts"}],"about":[{"href":"https:\/\/elfederalmendoza.com.ar\/index.php\/wp-json\/wp\/v2\/types\/post"}],"author":[{"embeddable":true,"href":"https:\/\/elfederalmendoza.com.ar\/index.php\/wp-json\/wp\/v2\/users\/2"}],"replies":[{"embeddable":true,"href":"https:\/\/elfederalmendoza.com.ar\/index.php\/wp-json\/wp\/v2\/comments?post=26654"}],"version-history":[{"count":1,"href":"https:\/\/elfederalmendoza.com.ar\/index.php\/wp-json\/wp\/v2\/posts\/26654\/revisions"}],"predecessor-version":[{"id":26657,"href":"https:\/\/elfederalmendoza.com.ar\/index.php\/wp-json\/wp\/v2\/posts\/26654\/revisions\/26657"}],"wp:featuredmedia":[{"embeddable":true,"href":"https:\/\/elfederalmendoza.com.ar\/index.php\/wp-json\/wp\/v2\/media\/26656"}],"wp:attachment":[{"href":"https:\/\/elfederalmendoza.com.ar\/index.php\/wp-json\/wp\/v2\/media?parent=26654"}],"wp:term":[{"taxonomy":"category","embeddable":true,"href":"https:\/\/elfederalmendoza.com.ar\/index.php\/wp-json\/wp\/v2\/categories?post=26654"},{"taxonomy":"post_tag","embeddable":true,"href":"https:\/\/elfederalmendoza.com.ar\/index.php\/wp-json\/wp\/v2\/tags?post=26654"}],"curies":[{"name":"wp","href":"https:\/\/api.w.org\/{rel}","templated":true}]}}