{"id":277,"date":"2019-11-13T10:47:04","date_gmt":"2019-11-13T13:47:04","guid":{"rendered":"https:\/\/elfederalmendoza.com\/?p=277"},"modified":"2019-11-13T10:47:04","modified_gmt":"2019-11-13T13:47:04","slug":"el-medico-que-fotografio-un-enanito-verde-junto-a-su-familia-y-la-banda-de-rock-que-se-inspiro-en-la-increible-historia","status":"publish","type":"post","link":"https:\/\/elfederalmendoza.com.ar\/index.php\/2019\/11\/13\/el-medico-que-fotografio-un-enanito-verde-junto-a-su-familia-y-la-banda-de-rock-que-se-inspiro-en-la-increible-historia\/","title":{"rendered":"El m\u00e9dico que fotografi\u00f3 un \u201cenanito verde\u00bb junto a su familia y la banda de rock que se inspir\u00f3 en la incre\u00edble historia"},"content":{"rendered":"<p>Hace 40 a\u00f1os un prestigioso infect\u00f3logo y profesor universitario de Mendoza sac\u00f3 la sorprendente fotograf\u00eda en Puente del Inca. Los canales de televisi\u00f3n tomaron el caso y los expertos analizaron la curiosa imagen de la diminuta figura \u201cal lado de su platillo volador\u201d. Fue tan grande la popularidad que alcanz\u00f3 la familia Nobilt\u00e1 que un grupo de rock se bautiz\u00f3 \u201cLos enanitos verdes\u201d. Que el enanito de la foto fuera naranja fue lo de menos.<\/p>\n<div class=\"row pb-content-type-text\">\n<div class=\"col-xs-12 col-print-12\">\n<p class=\"element element-paragraph\">\u00bfC\u00f3mo era protagonizar una experiencia sobrenatural en la Argentina en 1979? En varios sentidos las cosas no han cambiado. El testigo deber\u00e1 sobreponerse a cierta incredulidad, los \u201cespecialistas\u201d usar\u00e1n el testimonio para sostener sus teor\u00edas y ciertos medios intentar\u00e1n sacar su tajada. En otro sentido las cosas son diferentes.<\/p>\n<\/div>\n<\/div>\n<div class=\"row pb-content-type-text\">\n<div class=\"col-xs-12 col-print-12\">\n<p class=\"element element-paragraph\">Internet aturde con casos calificados a la ligera como \u201cextraordinarios\u201d. As\u00ed, lo que antes era casi excepcional hoy trasunta banalidad. Las redes sociales est\u00e1n superpobladas de personas y puntocom que generan historias de duendes de otra dimensi\u00f3n casi a diario. Es justificable cierta nostalgia por la credibilidad ganada con el sudor de la frente.\u00a0<b>No era f\u00e1cil trucar im\u00e1genes y no era habitual que una foto fuera acompa\u00f1ada por testimonios convincentes.<\/b><\/p>\n<\/div>\n<\/div>\n<div class=\"row pb-content-type-text\">\n<div class=\"col-xs-12 col-print-12\">\n<p class=\"element element-paragraph\"><b>En 1979, fotografiar un enano de otro mundo era una noticia de llegada r\u00e1pida a las primeras planas.\u00a0<\/b>Era una historia colorida que permit\u00eda discutir sobre la existencia o no de extraterrestres en prime time.<\/p>\n<\/div>\n<\/div>\n<div class=\"row pb-content-type-text\">\n<div class=\"col-xs-12 col-print-12\">\n<p class=\"element element-paragraph\"><mark class=\"hl_yellow\">Fue tan grande la popularidad que alcanz\u00f3\u00a0<b>el caso de la familia Nobilt\u00e1<\/b>\u00a0que una banda de rock quiso llamarse\u00a0<b>\u201cLos enanitos verdes\u201d.<\/b> Que el enanito de la foto fuera naranja era lo de menos.<\/mark><\/p>\n<\/div>\n<\/div>\n<div class=\"row pb-content-type-image\">\n<figure class=\"element element-image col-xs-12\">\n<div class=\"single-image\">\n<div class=\"shares\">\n<div class=\"share-button facebook\" data-url=\"https:\/\/www.infobae.com\/sociedad\/2019\/11\/13\/el-medico-que-fotografio-un-enanito-verde-junto-a-su-familia-y-la-banda-de-rock-que-se-inspiro-en-la-increible-historia\/%23SR2GDJGPJFBW3F2YSAGZAMMGMY\" data-original=\"https:\/\/arc-anglerfish-arc2-prod-infobae.s3.amazonaws.com\/public\/SR2GDJGPJFBW3F2YSAGZAMMGMY.jpg\"><\/div>\n<\/div>\n<p><img decoding=\"async\" id=\"SR2GDJGPJFBW3F2YSAGZAMMGMY\" class=\"image-lazy\" src=\"https:\/\/www.infobae.com\/new-resizer\/drljC54EhU_icC8DocWLpF7wfa8=\/750x0\/filters:quality(100)\/arc-anglerfish-arc2-prod-infobae.s3.amazonaws.com\/public\/SR2GDJGPJFBW3F2YSAGZAMMGMY.jpg\" alt=\"La banda liderada por \u201cMarciano\u201d Cantero se form\u00f3 8 meses despu\u00e9s de que estallara el caso de la familia Nobilt\u00e1. Seg\u00fan el guitarrista del grupo, Felipe Staiti, un periodista amigo bautiz\u00f3 al grupo. Al comienzo se llam\u00f3 \u201cLos Enanitos Verdes de Puente del Inca\u201d. Pero optaron por acortar el nombre. \u201cPero bien podr\u00edan haberse llamado Puente del Inca\u201d, explicaban entonces\" width=\"750\" height=\"663.6276391554703\" data-url=\"https:\/\/www.infobae.com\/sociedad\/2019\/11\/13\/el-medico-que-fotografio-un-enanito-verde-junto-a-su-familia-y-la-banda-de-rock-que-se-inspiro-en-la-increible-historia\/%23SR2GDJGPJFBW3F2YSAGZAMMGMY\" data-original=\"https:\/\/www.infobae.com\/new-resizer\/drljC54EhU_icC8DocWLpF7wfa8=\/750x0\/filters:quality(100)\/arc-anglerfish-arc2-prod-infobae.s3.amazonaws.com\/public\/SR2GDJGPJFBW3F2YSAGZAMMGMY.jpg\" \/><\/div><figcaption class=\"\"><span class=\"credit\">La banda liderada por \u201cMarciano\u201d Cantero se form\u00f3 8 meses despu\u00e9s de que estallara el caso de la familia Nobilt\u00e1. Seg\u00fan el guitarrista del grupo, Felipe Staiti, un periodista amigo bautiz\u00f3 al grupo. Al comienzo se llam\u00f3 \u201cLos Enanitos Verdes de Puente del Inca\u201d. Pero optaron por acortar el nombre. \u201cPero bien podr\u00edan haberse llamado Puente del Inca\u201d, explicaban entonces<\/span><\/figcaption><\/figure>\n<\/div>\n<div class=\"row pb-content-type-text\">\n<div class=\"col-xs-12 col-print-12\">\n<p class=\"element element-paragraph\">A fines de los 70, si el fot\u00f3grafo era un m\u00e9dico prestigioso y \u00e9ste pose\u00eda el aval de un profesor universitario, era suficiente para sostener que la foto de una mancha con forma humanoide correspond\u00eda a un extraterrestre en un programa de gran audiencia. Tal vez por eso el uf\u00f3logo que defendi\u00f3 el car\u00e1cter sobrenatural de la imagen inusual de la foto reci\u00e9n puso el acelerador a la investigaci\u00f3n meses despu\u00e9s, cuando el caso hab\u00eda alcanzado m\u00e1xima visibilidad.<\/p>\n<\/div>\n<\/div>\n<div class=\"row pb-content-type-text\">\n<div class=\"col-xs-12 col-print-12\">\n<p class=\"element element-paragraph\"><b>El caso Nobilt\u00e1 impuso en los medios argentinos la categor\u00eda \u201cenanitos verdes\u201d, mezcla de gnomos y marcianos (mitol\u00f3gicamente verdes)<\/b>. El estereotipo reapareci\u00f3 en diciembre de 1983 en Villa Montoro, en el conurbano platense, Buenos Aires, y en Gobernador Ing. Valent\u00edn Virasoro, Corrientes. En 2002, durante la oleada de \u201cvacas mutiladas\u201d, los testigos no solo mentaron al chupacabras, una entidad de origen caribe\u00f1o; tambi\u00e9n vieron enanitos verdes.<\/p>\n<\/div>\n<\/div>\n<div class=\"row pb-content-type-text\">\n<div class=\"col-xs-12 col-print-12\">\n<p class=\"element element-paragraph\"><mark class=\"hl_orange\"><b>Una familia en el Cristo Redentor<\/b><\/mark><\/p>\n<\/div>\n<\/div>\n<div class=\"row pb-content-type-text\">\n<div class=\"col-xs-12 col-print-12\">\n<p class=\"element element-paragraph\">Puente del Inca es una formaci\u00f3n geol\u00f3gica aislada, distante a 180 kil\u00f3metros de Mendoza y a una altitud de 2.700 metros sobre el nivel del mar, en el distrito Las Cuevas. En 2014, la UNESCO lo declar\u00f3 Patrimonio Cultural de la Humanidad. Su peque\u00f1a fuente termal, que posee aguas ricas en carbonato y sulfato de calcio, confiere a la tierra un color anaranjado. Algunos creen que ba\u00f1arse en sus aguas es terap\u00e9utico.<\/p>\n<\/div>\n<\/div>\n<div class=\"row pb-content-type-text\">\n<div class=\"col-xs-12 col-print-12\">\n<p class=\"element element-paragraph\">Una leyenda dice que el Puente lo cruz\u00f3 el joven hijo del emperador inc\u00e1sico en tiempos prehisp\u00e1nicos: atraves\u00f3 esa ruta amenazado por una enfermedad de la que san\u00f3 gracias a sus aguas termales. En 2018, un estudio alert\u00f3 sobre su deterioro: con 8 mil a\u00f1os de antig\u00fcedad, su estructura peligraba.<\/p>\n<\/div>\n<\/div>\n<div class=\"row pb-content-type-text\">\n<div class=\"col-xs-12 col-print-12\">\n<p class=\"element element-paragraph\">Durante su segundo viaje a trav\u00e9s de los Altos Andes,\u00a0<b>Charles Darwin estudi\u00f3 con atenci\u00f3n su geolog\u00eda.\u00a0<\/b>Se detuvo ante las fuentes de aguas calientes, recogi\u00f3 moluscos f\u00f3siles marinos de aguas poco profundas y especul\u00f3 que la cordillera segu\u00eda elev\u00e1ndose. Sus notas tuvieron escasa difusi\u00f3n: eran poco marketineras.<\/p>\n<\/div>\n<\/div>\n<div class=\"row pb-content-type-text\">\n<div class=\"col-xs-12 col-print-12\">\n<p class=\"element element-paragraph\">En su diario del Beagle (1831-1835), el naturalista ingl\u00e9s escribi\u00f3: \u201ccuando uno oye hablar de un puente natural, uno se ve a s\u00ed mismo en un barranco profundo y estrecho donde ha ca\u00eddo una gran masa de rocas, o que se ha excavado un gran arco. Pero el Puente de los Incas es un objeto miserable\u201d (\u2026) \u201cno es de ninguna manera digno de los grandes monarcas cuyo nombre lleva\u201d.<\/p>\n<\/div>\n<\/div>\n<div class=\"row pb-content-type-text\">\n<div class=\"col-xs-12 col-print-12\">\n<p class=\"element element-paragraph\">Casi 150 a\u00f1os despu\u00e9s, una rara foto iba a llevar a Puente del Inca a las primeras planas.<\/p>\n<\/div>\n<\/div>\n<div class=\"row pb-content-type-image\">\n<figure class=\"element element-image col-xs-12\">\n<div class=\"single-image\">\n<div class=\"shares\">\n<div class=\"share-button facebook\" data-url=\"https:\/\/www.infobae.com\/sociedad\/2019\/11\/13\/el-medico-que-fotografio-un-enanito-verde-junto-a-su-familia-y-la-banda-de-rock-que-se-inspiro-en-la-increible-historia\/%236H27OKHGNNGHZLPWLVJM4IXHEY\" data-original=\"https:\/\/arc-anglerfish-arc2-prod-infobae.s3.amazonaws.com\/public\/6H27OKHGNNGHZLPWLVJM4IXHEY.jpg\"><\/div>\n<\/div>\n<p><img decoding=\"async\" id=\"6H27OKHGNNGHZLPWLVJM4IXHEY\" class=\"image-lazy\" src=\"https:\/\/www.infobae.com\/new-resizer\/KGx5SaKlot6TMGSQjj8QzSqhAIs=\/750x0\/filters:quality(100)\/arc-anglerfish-arc2-prod-infobae.s3.amazonaws.com\/public\/6H27OKHGNNGHZLPWLVJM4IXHEY.jpg\" alt=\"\" width=\"750\" height=\"918.3673469387755\" data-url=\"https:\/\/www.infobae.com\/sociedad\/2019\/11\/13\/el-medico-que-fotografio-un-enanito-verde-junto-a-su-familia-y-la-banda-de-rock-que-se-inspiro-en-la-increible-historia\/%236H27OKHGNNGHZLPWLVJM4IXHEY\" data-original=\"https:\/\/www.infobae.com\/new-resizer\/KGx5SaKlot6TMGSQjj8QzSqhAIs=\/750x0\/filters:quality(100)\/arc-anglerfish-arc2-prod-infobae.s3.amazonaws.com\/public\/6H27OKHGNNGHZLPWLVJM4IXHEY.jpg\" \/><\/div><figcaption class=\"\"><span class=\"credit\">\u00abCreo que es una foto ver\u00eddica de un ser que estuvo ah\u00ed con los chicos y que apareci\u00f3 de una forma en que nadie hubiera imaginado\u00bb, dice hoy el doctor Nobilt\u00e1 que tiene 85 a\u00f1os, vive en Chacras de Coria, y se toma muy a pecho lo que vivi\u00f3 aquel verano de 1979, cuando tuvo su minuto de fama involuntaria por su retrato de un extraterrestre. Pero esas famas duran poco. El prestigio se lo dio la medicina, a la que dedic\u00f3 55 a\u00f1os de su vida<\/span><\/figcaption><\/figure>\n<\/div>\n<div class=\"row pb-content-type-text\">\n<div class=\"col-xs-12 col-print-12\">\n<p class=\"element element-paragraph\"><mark class=\"hl_yellow\">Todo comenz\u00f3 al atardecer del 25 de febrero de 1979, cuando una familia establecida en Guaymall\u00e9n, Mendoza, volv\u00eda de una excursi\u00f3n al Cristo Redentor.\u00a0<\/mark>Participaron del paseo\u00a0<b>In\u00e9s Magdalena Tecchioli (41 a\u00f1os), Juan Nobilt\u00e1 (44) y sus hijos Alicia In\u00e9s (15), Gabriel Augusto (13) y Juan Antonio (10)<\/b>. Tambi\u00e9n estaban Silvana Alicia y Mart\u00edn Laghisz, de 10 y 5 a\u00f1os, sobrinos del matrimonio. Se detuvieron en la fuente termal de Puente del Inca. Juan sac\u00f3 varias fotos. Us\u00f3 una Kodak Instamatic 56x, por entonces la t\u00edpica camarita familiar, y una pel\u00edcula Fujicolor (126). Nadie vio nada raro. Eran cerca de las 18 horas.<\/p>\n<\/div>\n<\/div>\n<div class=\"row pb-content-type-text\">\n<div class=\"col-xs-12 col-print-12\">\n<p class=\"element element-paragraph\"><mark class=\"hl_yellow\">In\u00e9s Tecchioli fue quien descubri\u00f3 que algo m\u00e1s aparte de su sonrisa se destacaba en esa foto. Vio una curiosa mancha anaranjada-rojiza ubicada a la par del grupo familiar.\u00a0<b>La cabeza del \u201chumanoide\u201d ten\u00eda forma de cono, parece levantar el brazo izquierdo en gesto de saludo<\/b>; el derecho parece cortado a la altura del antebrazo. No tiene pies y las piernas tampoco parecen integradas a lo que ser\u00eda el tronco. In\u00e9s sostiene que sinti\u00f3 algo esa tarde. \u201cPercib\u00ed algo raro. Algo diferente, no raro. Y cuando vi la foto me di cuenta qu\u00e9 era lo que hab\u00eda sentido.\u201d<\/mark><\/p>\n<\/div>\n<\/div>\n<div class=\"row pb-content-type-text\">\n<div class=\"col-xs-12 col-print-12\">\n<p class=\"element element-paragraph\"><b>\u201cJuan sac\u00f3 la foto, yo fui la insistente\u201d, dice In\u00e9s hoy, 40 a\u00f1os despu\u00e9s<\/b>. Llev\u00f3 el rollo a una casa de revelado, vio la figura en el \u00faltimo cuadro y aprovech\u00f3 que los padres del\u00a0<b>uf\u00f3logo Victorio Corradi<\/b>\u00a0eran pacientes de su marido para obtener una opini\u00f3n calificada.<\/p>\n<\/div>\n<\/div>\n<div class=\"row pb-content-type-text\">\n<div class=\"col-xs-12 col-print-12\">\n<p class=\"element element-paragraph\">Corradi era\u00a0<b>\u201cel Fabio Zerpa mendocino\u201d<\/b>. Director del Instituto de Estudios de Fen\u00f3menos Extrahumanos \u201cHombre C\u00f3smico\u201d (IDEFEH); egresado de la Facultad de Filosof\u00eda y Letras de la Universidad Nacional de Cuyo y profesor de literatura, castellano, griego y lat\u00edn, particip\u00f3 en persona y se encarg\u00f3 de defender la realidad de varios casos ovni de la regi\u00f3n de Cuyo. El m\u00e1s difundido hab\u00eda sido el supuesto encuentro con cinco seres y un platillo volador que tuvieron el 31 de agosto de 1968 los empleados del Casino de Mendoza Juan Carlos Peccinetti y Fernando Villegas. Por entonces, Corradi integraba el Centro de Investigaciones Espaciales de Mendoza (CIEM) junto con el Dr. Ignacio Correa Llanos y Mario Rodriguez Cobos, luego conocido como Silo.<\/p>\n<\/div>\n<\/div>\n<div class=\"row pb-content-type-text\">\n<div class=\"col-xs-12 col-print-12\">\n<p class=\"element element-paragraph\">En julio de 1980 Corradi imprimi\u00f3 el \u00fanico n\u00famero de\u00a0<i>Dimensi\u00f3n Extrahumana, Publicaci\u00f3n Cient\u00edfico-Informativa del IDEFEH.<\/i>\u00a0El caso Nobilt\u00e1 ocupaba las 32 p\u00e1ginas del volumen, y cada ejemplar regalaba una copia a color de la famosa imagen.<\/p>\n<\/div>\n<\/div>\n<div class=\"row pb-content-type-text\">\n<div class=\"col-xs-12 col-print-12\">\n<p class=\"element element-paragraph\">\u201c<b>Yo vi el ser y tuve la sensaci\u00f3n.\u00a0<\/b>Todav\u00eda me veo parada en la vereda, en el centro. Sal\u00ed con la foto y sent\u00ed algo muy importante. Por eso insist\u00eda. De ah\u00ed sali\u00f3 una efervescencia que despu\u00e9s amain\u00f3\u201d, recuerda la Sra. Nobilt\u00e1.<\/p>\n<\/div>\n<\/div>\n<div class=\"row pb-content-type-text\">\n<div class=\"col-xs-12 col-print-12\">\n<p class=\"element element-paragraph\">Su esposo luego me dir\u00e1 que supo de las sensaciones que tuvo su mujer cuando volvi\u00f3 de presentar el caso en Buenos Aires en un programa de televisi\u00f3n de m\u00e1xima audiencia.\u00a0<mark class=\"hl_yellow\">\u201cMi se\u00f1ora me dijo: \u2018Mir\u00e1, cuando vos sacaste la foto yo sent\u00ed algo raro. Tuve una sensaci\u00f3n extra\u00f1a\u2019\u201d.<\/mark><\/p>\n<\/div>\n<\/div>\n<div class=\"row pb-content-type-image\">\n<figure class=\"element element-image col-xs-12\">\n<div class=\"single-image\">\n<div class=\"shares\">\n<div class=\"share-button facebook\" data-url=\"https:\/\/www.infobae.com\/sociedad\/2019\/11\/13\/el-medico-que-fotografio-un-enanito-verde-junto-a-su-familia-y-la-banda-de-rock-que-se-inspiro-en-la-increible-historia\/%23IGBUCDPOVNDTNLZK5QRDMJNHLA\" data-original=\"https:\/\/arc-anglerfish-arc2-prod-infobae.s3.amazonaws.com\/public\/IGBUCDPOVNDTNLZK5QRDMJNHLA.jpg\"><\/div>\n<\/div>\n<p><img decoding=\"async\" id=\"IGBUCDPOVNDTNLZK5QRDMJNHLA\" class=\"image-lazy\" src=\"https:\/\/www.infobae.com\/new-resizer\/HOnyRL5Igo484i_2bHHXUvyonJQ=\/750x0\/filters:quality(100)\/arc-anglerfish-arc2-prod-infobae.s3.amazonaws.com\/public\/IGBUCDPOVNDTNLZK5QRDMJNHLA.jpg\" alt=\"A sus 77 a\u00f1os, el fot\u00f3grafo Atilio Spinello recuerda el \u201ccaso Nobilt\u00e1\u201d con placer, entusiasmo y cautela. \u201cEn Mendoza yo ten\u00eda cierto prestigio porque era due\u00f1o de un laboratorio color\u201d, comienza. Descarta un truco fotogr\u00e1fico, un reflejo \u00f3ptico o un da\u00f1o en el proceso de emulsi\u00f3n. \u201cLa imagen (del enanito) ocupaba un lugar en el espacio. En este negativo se nota la impresi\u00f3n de una caracter\u00edstica figura no tradicional, nunca observada en nuestro laboratorio de foto color\u201d, dice\" width=\"750\" height=\"854.1666666666666\" data-url=\"https:\/\/www.infobae.com\/sociedad\/2019\/11\/13\/el-medico-que-fotografio-un-enanito-verde-junto-a-su-familia-y-la-banda-de-rock-que-se-inspiro-en-la-increible-historia\/%23IGBUCDPOVNDTNLZK5QRDMJNHLA\" data-original=\"https:\/\/www.infobae.com\/new-resizer\/HOnyRL5Igo484i_2bHHXUvyonJQ=\/750x0\/filters:quality(100)\/arc-anglerfish-arc2-prod-infobae.s3.amazonaws.com\/public\/IGBUCDPOVNDTNLZK5QRDMJNHLA.jpg\" \/><\/div><figcaption class=\"\"><span class=\"credit\">A sus 77 a\u00f1os, el fot\u00f3grafo Atilio Spinello recuerda el \u201ccaso Nobilt\u00e1\u201d con placer, entusiasmo y cautela. \u201cEn Mendoza yo ten\u00eda cierto prestigio porque era due\u00f1o de un laboratorio color\u201d, comienza. Descarta un truco fotogr\u00e1fico, un reflejo \u00f3ptico o un da\u00f1o en el proceso de emulsi\u00f3n. \u201cLa imagen (del enanito) ocupaba un lugar en el espacio. En este negativo se nota la impresi\u00f3n de una caracter\u00edstica figura no tradicional, nunca observada en nuestro laboratorio de foto color\u201d, dice<\/span><\/figcaption><\/figure>\n<\/div>\n<div class=\"row pb-content-type-text\">\n<div class=\"col-xs-12 col-print-12\">\n<p class=\"element element-paragraph\">In\u00e9s Tecchioli y Juan Nobilt\u00e1 son un matrimonio moderno. Se hablan a diario y se visitan, pero viven en casas distintas. In\u00e9s hoy tiene 81 a\u00f1os y naci\u00f3 en la ciudad de Santa Fe. A los seis a\u00f1os fue a vivir a Huertas Grandes, C\u00f3rdoba, provincia donde permaneci\u00f3 hasta 1965, cuando se cas\u00f3 con Juan y emigraron a Mendoza. De aquella experiencia casi solo habla con su hijo Gabriel, quien le dedic\u00f3 a la historia un poema en un libro que public\u00f3 hace dos a\u00f1os.<\/p>\n<\/div>\n<\/div>\n<div class=\"row pb-content-type-text\">\n<div class=\"col-xs-12 col-print-12\">\n<p class=\"element element-paragraph\"><b>\u2013Deteng\u00e1monos en el instante en que tuvo esa sensaci\u00f3n&#8230;<\/b><\/p>\n<\/div>\n<\/div>\n<div class=\"row pb-content-type-text\">\n<div class=\"col-xs-12 col-print-12\">\n<p class=\"element element-paragraph\">Le recuerdo a In\u00e9s que Corradi destac\u00f3 una frase suya: \u201cProcedido el revelado del rollo pude advertir instintivamente la significativa figura que aparec\u00eda en una de las fotograf\u00edas e inmediatamente relacion\u00e9 este hecho con la poderosa percepci\u00f3n de lo extraordinario que sent\u00ed en aquel lugar y en aquella oportunidad, como esos grandes interrogantes existenciales que invariablemente nos llevan a Dios\u201d.<\/p>\n<\/div>\n<\/div>\n<div class=\"row pb-content-type-text\">\n<div class=\"col-xs-12 col-print-12\">\n<p class=\"element element-paragraph\"><mark class=\"hl_yellow\">\u201cEsa frase la escrib\u00ed yo\u201d,<\/mark>\u00a0susurra In\u00e9s. \u201cNo s\u00e9 si suena un poco\u2026 no s\u00e9 si absurdo, pero sent\u00ed eso. Hoy a lo mejor escribir\u00eda otra cosa. Pero el impacto fue muy fuerte.\u201d<\/p>\n<\/div>\n<\/div>\n<div class=\"row pb-content-type-text\">\n<div class=\"col-xs-12 col-print-12\">\n<p class=\"element element-paragraph\"><b>\u2013Lo relaciona con Dios.<\/b><\/p>\n<\/div>\n<\/div>\n<div class=\"row pb-content-type-text\">\n<div class=\"col-xs-12 col-print-12\">\n<p class=\"element element-paragraph\">S\u00ed, sent\u00ed como una manifestaci\u00f3n, m\u00e1s all\u00e1 de la foto y de lo poco que conoc\u00eda de ufolog\u00eda. Despu\u00e9s empec\u00e9 a leer a Don Pedro Romaniuk. Tengo la casa tapada de papeles.<\/p>\n<\/div>\n<\/div>\n<div class=\"row pb-content-type-text\">\n<div class=\"col-xs-12 col-print-12\">\n<p class=\"element element-paragraph\"><b>\u2013\u00bfAntes de la foto estaba familiarizada con el tema?<\/b><\/p>\n<\/div>\n<\/div>\n<div class=\"row pb-content-type-text\">\n<div class=\"col-xs-12 col-print-12\">\n<p class=\"element element-paragraph\">-S\u00ed, hab\u00eda ido a conferencias de Fabio Zerpa. Yo viv\u00eda en C\u00f3rdoba, donde siempre se hablaron de estas cosas.<\/p>\n<\/div>\n<\/div>\n<div class=\"row pb-content-type-text\">\n<div class=\"col-xs-12 col-print-12\">\n<p class=\"element element-paragraph\"><mark class=\"hl_orange\"><b>Marat\u00f3n televisiva<\/b><\/mark><\/p>\n<\/div>\n<\/div>\n<div class=\"row pb-content-type-text\">\n<div class=\"col-xs-12 col-print-12\">\n<p class=\"element element-paragraph\"><b>Juan Nobilt\u00e1 tiene 85 a\u00f1os, vive en Chacras de Coria<\/b>, y se toma muy a pecho lo que vivi\u00f3 aquel verano de 1979, cuando tuvo su minuto de fama involuntaria por su retrato de un extraterrestre. Pero esas famas duran poco.\u00a0<b>El prestigio se lo dio la medicina, a la que dedic\u00f3 55 a\u00f1os de su vida.<\/b><\/p>\n<\/div>\n<\/div>\n<div class=\"row pb-content-type-text\">\n<div class=\"col-xs-12 col-print-12\">\n<p class=\"element element-paragraph\">Juan todav\u00eda arrastra el acento italiano de su ciudad natal, Belluno, en los Alpes Andinos. Durante la Segunda Guerra, sus padres se mudaron a Klausen, una ciudadela entre Italia e Alemania, cuando Juan ten\u00eda 5 a\u00f1os. Su padre era carabinero y tuvo a su cargo custodiar un castillo. \u201cUn castillo lleno de riquezas donde vivieron unos condes de Holanda que terminaron en los campos de concentraci\u00f3n\u201d, precisa.<\/p>\n<\/div>\n<\/div>\n<div class=\"row pb-content-type-text\">\n<div class=\"col-xs-12 col-print-12\">\n<p class=\"element element-paragraph\">En 1950, los Nobilt\u00e1 emigraron a Huerta Grande. En 1955 Juan se recibi\u00f3 de bachiller y en 1964 ya era m\u00e9dico por la Universidad Nacional de C\u00f3rdoba. Un amigo lo anim\u00f3 a establecerse en Mendoza. En 1965 se cas\u00f3 con In\u00e9s y fueron a vivir a Guaymall\u00e9n. Trabaj\u00f3 en el Hospital Lencinas y a lo largo de tres d\u00e9cadas fue docente de la c\u00e1tedra de Infectolog\u00eda de la Universidad Nacional de Cuyo.<\/p>\n<\/div>\n<\/div>\n<div class=\"row pb-content-type-image\">\n<figure class=\"element element-image col-xs-12\">\n<div class=\"single-image\">\n<div class=\"shares\">\n<div class=\"share-button facebook\" data-url=\"https:\/\/www.infobae.com\/sociedad\/2019\/11\/13\/el-medico-que-fotografio-un-enanito-verde-junto-a-su-familia-y-la-banda-de-rock-que-se-inspiro-en-la-increible-historia\/%23RZBZ74APDRC6TMBFCNCIZKW2NY\" data-original=\"https:\/\/arc-anglerfish-arc2-prod-infobae.s3.amazonaws.com\/public\/RZBZ74APDRC6TMBFCNCIZKW2NY.jpg\"><\/div>\n<\/div>\n<p><img decoding=\"async\" id=\"RZBZ74APDRC6TMBFCNCIZKW2NY\" class=\"image-lazy\" src=\"https:\/\/www.infobae.com\/new-resizer\/1QC5BPPo5qTz9kFGKEWIqebXKcQ=\/750x0\/filters:quality(100)\/arc-anglerfish-arc2-prod-infobae.s3.amazonaws.com\/public\/RZBZ74APDRC6TMBFCNCIZKW2NY.jpg\" alt=\"El doctor Nobilt\u00e1 en el programa de M\u00f3nica Cahen D'Anvers. \" width=\"750\" height=\"506.25000000000006\" data-url=\"https:\/\/www.infobae.com\/sociedad\/2019\/11\/13\/el-medico-que-fotografio-un-enanito-verde-junto-a-su-familia-y-la-banda-de-rock-que-se-inspiro-en-la-increible-historia\/%23RZBZ74APDRC6TMBFCNCIZKW2NY\" data-original=\"https:\/\/www.infobae.com\/new-resizer\/1QC5BPPo5qTz9kFGKEWIqebXKcQ=\/750x0\/filters:quality(100)\/arc-anglerfish-arc2-prod-infobae.s3.amazonaws.com\/public\/RZBZ74APDRC6TMBFCNCIZKW2NY.jpg\" \/><\/div><figcaption class=\"\"><span class=\"credit\">El doctor Nobilt\u00e1 en el programa de M\u00f3nica Cahen D&#8217;Anvers. \u00abNos alojaron en el Bauen Hotel. Una noche el conserje nos pregunt\u00f3 si pod\u00edamos recibir a unos contralmirantes, almirantes o capitanes de la Marina. Ellos nos dijeron que atr\u00e1s del gnomo hab\u00eda un platillo volador. \u2018De ah\u00ed descendi\u00f3\u2019, dijo un marino. Ni el uf\u00f3logo Corradi se hab\u00eda dado cuenta\u00bb, recuerda hoy<\/span><\/figcaption><\/figure>\n<\/div>\n<div class=\"row pb-content-type-text\">\n<div class=\"col-xs-12 col-print-12\">\n<p class=\"element element-paragraph\">En 2003 se jubil\u00f3 y fue a vivir a La Fortuna, un pueblito pr\u00f3ximo a Santa Rosa, La Pampa, donde<b>\u00a0fue m\u00e9dico rural por diez a\u00f1os.\u00a0<\/b>\u201cAll\u00ed fui partero, cirujano, traumat\u00f3logo y pediatra, todo. Como Favaloro\u201d, dice entre risas.<\/p>\n<\/div>\n<\/div>\n<div class=\"row pb-content-type-text\">\n<div class=\"col-xs-12 col-print-12\">\n<p class=\"element element-paragraph\">Mantiene frescos sus recuerdos de la tarde en que la prole se meti\u00f3 en la fuente termal de Puente del Inca. De las fotos que sac\u00f3 ese d\u00eda no record\u00f3 nada en particular. Entre una o dos semanas despu\u00e9s, su esposa mand\u00f3 a revelar el rollo a la casa Castillo Fotocolor, Las Heras 236, Mendoza. \u201cMir\u00e1 lo que sali\u00f3\u201d, le dijo.\u00a0<b>\u201cParece un mu\u00f1equito\u201d, dijeron sus hijos.<\/b>\u00a0Nobilt\u00e1 le rest\u00f3 importancia:\u00a0<b>\u201cPens\u00e9 que era una falsa imagen\u201d.<\/b><\/p>\n<\/div>\n<\/div>\n<div class=\"row pb-content-type-text\">\n<div class=\"col-xs-12 col-print-12\">\n<p class=\"element element-paragraph\">Los padres del uf\u00f3logo Victorio Corradi eran pacientes y amigos de Nobilt\u00e1.<mark class=\"hl_yellow\">\u00a0Juan dice que el mismo d\u00eda que el rollo estaba revelado, Victorio recibi\u00f3 la foto y dio un veredicto express: \u201c\u2018Esto es un gnomo, o un extraterrestre, ya me comunico con M\u00f3nica Presenta\u2019, dijo\u201d<\/mark>.<\/p>\n<\/div>\n<\/div>\n<div class=\"row pb-content-type-text\">\n<div class=\"col-xs-12 col-print-12\">\n<p class=\"element element-paragraph\">La noticia fue todo lo viral que pod\u00eda ser una noticia a fines de los 70. Los productores de\u00a0<b>M\u00f3nica Cahen D\u2019Anvers<\/b>, que emit\u00eda Canal 13, le tuvieron fe: no eran tiempos de mail ni de whatsapp; ni siquiera de fax. \u201c&#8217;Vengan, nosotros pagamos todo&#8217;, nos dijeron. En el aeropuerto nos esperaban periodistas, fot\u00f3grafos\u2026 un despelote de la madonna\u201d, recuerda Juan.<\/p>\n<\/div>\n<\/div>\n<div class=\"row pb-content-type-text\">\n<div class=\"col-xs-12 col-print-12\">\n<p class=\"element element-paragraph\"><b>\u2013\u00bfCu\u00e1nto tiempo pas\u00f3 desde que revelaron las fotos hasta que viajaron ?<\/b><\/p>\n<\/div>\n<\/div>\n<div class=\"row pb-content-type-text\">\n<div class=\"col-xs-12 col-print-12\">\n<p class=\"element element-paragraph\">-No, no, viajamos a Buenos Aires el mismo d\u00eda que mi se\u00f1ora trajo la foto: Corradi la vio a las cinco de la tarde y a las diez de la noche tomamos el avi\u00f3n. A medianoche ya est\u00e1bamos en Buenos Aires.<\/p>\n<\/div>\n<\/div>\n<div class=\"row pb-content-type-image\">\n<figure class=\"element element-image col-xs-12\">\n<div class=\"single-image\">\n<div class=\"shares\">\n<div class=\"share-button facebook\" data-url=\"https:\/\/www.infobae.com\/sociedad\/2019\/11\/13\/el-medico-que-fotografio-un-enanito-verde-junto-a-su-familia-y-la-banda-de-rock-que-se-inspiro-en-la-increible-historia\/%23CRFHUPBBKRDJRDZ2PORNSDOJQE\" data-original=\"https:\/\/arc-anglerfish-arc2-prod-infobae.s3.amazonaws.com\/public\/CRFHUPBBKRDJRDZ2PORNSDOJQE.jpg\"><\/div>\n<\/div>\n<p><img decoding=\"async\" id=\"CRFHUPBBKRDJRDZ2PORNSDOJQE\" class=\"image-lazy\" src=\"https:\/\/www.infobae.com\/new-resizer\/e-7YRIraDRVDTJ0sZB8PRJKsqqg=\/750x0\/filters:quality(100)\/arc-anglerfish-arc2-prod-infobae.s3.amazonaws.com\/public\/CRFHUPBBKRDJRDZ2PORNSDOJQE.jpg\" alt=\"El an\u00e1lisis del fot\u00f3grafo Atilio Spinello hizo de la extra\u00f1a mancha en la foto. Para el profesional la figura era aut\u00e9ntica. \u201cPor entonces no exist\u00eda el photoshop, no hab\u00eda forma de incorporar en el negativo algo que no est\u00e1\u201d. El negativo ten\u00eda 24 x 36 cm. \u201cImag\u00ednese cu\u00e1n peque\u00f1a era la imagen\u201d, prosigue. Hizo una ampliaci\u00f3n, observ\u00f3 las figuras a trasluz con una lupa muy potente y supo que \u201cera imposible que sea el producto de una falla en el negativo\u201d.\" width=\"750\" height=\"1111.3426941641071\" data-url=\"https:\/\/www.infobae.com\/sociedad\/2019\/11\/13\/el-medico-que-fotografio-un-enanito-verde-junto-a-su-familia-y-la-banda-de-rock-que-se-inspiro-en-la-increible-historia\/%23CRFHUPBBKRDJRDZ2PORNSDOJQE\" data-original=\"https:\/\/www.infobae.com\/new-resizer\/e-7YRIraDRVDTJ0sZB8PRJKsqqg=\/750x0\/filters:quality(100)\/arc-anglerfish-arc2-prod-infobae.s3.amazonaws.com\/public\/CRFHUPBBKRDJRDZ2PORNSDOJQE.jpg\" \/><\/div><figcaption class=\"\"><span class=\"credit\">El an\u00e1lisis del fot\u00f3grafo Atilio Spinello hizo de la extra\u00f1a mancha en la foto. Para el profesional la figura era aut\u00e9ntica. \u201cPor entonces no exist\u00eda el photoshop, no hab\u00eda forma de incorporar en el negativo algo que no est\u00e1\u201d. El negativo ten\u00eda 24 x 36 cm. \u201cImag\u00ednese cu\u00e1n peque\u00f1a era la imagen\u201d, prosigue. Hizo una ampliaci\u00f3n, observ\u00f3 las figuras a trasluz con una lupa muy potente y supo que \u201cera imposible que sea el producto de una falla en el negativo\u201d.<\/span><\/figcaption><\/figure>\n<\/div>\n<div class=\"row pb-content-type-text\">\n<div class=\"col-xs-12 col-print-12\">\n<p class=\"element element-paragraph\">Seg\u00fan Nobilt\u00e1, el caso se dispar\u00f3 entre el 4 y el 11 de marzo de 1979. Pero Corradi cuenta que In\u00e9s revel\u00f3 el rollo el 7 de julio. El 31 de agosto,\u00a0<i>La Voz de San Justo\u00a0<\/i>anunci\u00f3 que \u201cen las pr\u00f3ximas horas\u201d Nobilt\u00e1 y Corradi viajaban a Buenos Aires para la famosa entrevista. Y adelantaba\u00a0<b>los resultados del<\/b>\u00a0<b>informe del fot\u00f3grafo Atilio Spinello, quien garantizaba que la figura \u201cocupaba un lugar en el espacio\u201d.<\/b><\/p>\n<\/div>\n<\/div>\n<div class=\"row pb-content-type-text\">\n<div class=\"col-xs-12 col-print-12\">\n<p class=\"element element-paragraph\"><mark class=\"hl_yellow\">\u201cComo en Buenos Aires dec\u00edan que pod\u00eda ser trucada, la vieron en la revista\u00a0<i>El Gr\u00e1fico<\/i>. \u00bfYo voy a dedicarme a trucar fotos?\u00a0<i><b>El Gr\u00e1fico<\/b><\/i><b>\u00a0comprob\u00f3 que la foto era ver\u00eddica.\u00a0<\/b>Nos alojaron en el Bauen Hotel. Una noche el conserje nos pregunt\u00f3 si pod\u00edamos recibir a unos contralmirantes, almirantes o capitanes de la Marina. Ellos nos dijeron que atr\u00e1s del gnomo hab\u00eda un platillo volador. \u2018De ah\u00ed descendi\u00f3\u2019, dijo un marino. Ni Corradi se hab\u00eda dado cuenta\u00bb.<\/mark><\/p>\n<\/div>\n<\/div>\n<div class=\"row pb-content-type-text\">\n<div class=\"col-xs-12 col-print-12\">\n<p class=\"element element-paragraph\">Nobilt\u00e1 no recuerda sus nombres. \u00c9l dice que, todav\u00eda, era esc\u00e9ptico. Le pregunto si el inter\u00e9s que mostr\u00f3 Corradi modific\u00f3 su opini\u00f3n. \u201cFue algo muy raro\u201d, responde. \u201cCorradi me pregunt\u00f3 muchas cosas y me dio instrucciones sobre el tema. Yo personalmente creo que existen extraterrestres, pero de ah\u00ed a comprobarlo\u2026 Es igual que la religi\u00f3n. Uno puede creer o no\u00bb.<\/p>\n<\/div>\n<\/div>\n<div class=\"row pb-content-type-text\">\n<div class=\"col-xs-12 col-print-12\">\n<p class=\"element element-paragraph\"><b>\u2013Usted arriesg\u00f3 mucho, por su profesi\u00f3n.<\/b><\/p>\n<\/div>\n<\/div>\n<div class=\"row pb-content-type-text\">\n<div class=\"col-xs-12 col-print-12\">\n<p class=\"element element-paragraph\">-Me dec\u00edan: \u201cChe, cuentero, qu\u00e9 and\u00e1s haciendo vos con los platos voladores, con lo ovni\u201d \u2026 jaja. Pero la gente no fue esc\u00e9ptica. Cree en eso. Adem\u00e1s, yo no la busqu\u00e9, \u00a1vino sola!<\/p>\n<\/div>\n<\/div>\n<div class=\"row pb-content-type-text\">\n<div class=\"col-xs-12 col-print-12\">\n<p class=\"element element-paragraph\">Nobilt\u00e1 y Corradi se quedaron en Buenos Aires cuatro d\u00edas. \u201cCanal 13 nos dio hasta ropa, porque viajamos apurados. Yo no quer\u00eda ir. Iban a decir: \u2018Este m\u00e9dico metido en cosas raras\u2019. Pero Corradi me pidi\u00f3 que le hiciera el favor y me convenci\u00f3. \u2018Vos sacaste la foto, sos el responsable del hecho\u2019, me dijo. Era mi amigo, hac\u00eda veinte a\u00f1os que lo conoc\u00eda. Al final agarr\u00e9 viaje, despu\u00e9s tuve que reponer esos d\u00edas en el hospital. No me arrepiento\u201d.<\/p>\n<\/div>\n<\/div>\n<div class=\"row pb-content-type-text\">\n<div class=\"col-xs-12 col-print-12\">\n<p class=\"element element-paragraph\"><b>\u2013\u00bfHoy cu\u00e1l es su idea acerca de lo que apareci\u00f3 en la foto?<\/b><\/p>\n<\/div>\n<\/div>\n<div class=\"row pb-content-type-text\">\n<div class=\"col-xs-12 col-print-12\">\n<p class=\"element element-paragraph\"><mark class=\"hl_yellow\">-Creo que es una foto ver\u00eddica de un ser que estuvo ah\u00ed con los chicos y que apareci\u00f3 de una forma en que nadie hubiera imaginado.<\/mark><\/p>\n<\/div>\n<\/div>\n<div class=\"row pb-content-type-text\">\n<div class=\"col-xs-12 col-print-12\">\n<p class=\"element element-paragraph\"><mark class=\"hl_orange\"><b>El heredero<\/b><\/mark><\/p>\n<\/div>\n<\/div>\n<div class=\"row pb-content-type-text\">\n<div class=\"col-xs-12 col-print-12\">\n<p class=\"element element-paragraph\">Gabriel Nobilt\u00e1 Tecchioli ten\u00eda 13 a\u00f1os cuando su pap\u00e1 tom\u00f3 la foto. Es t\u00e9cnico electr\u00f3nico, programador y artista. Su vocaci\u00f3n por el arte es tard\u00eda: empez\u00f3 hace seis a\u00f1os, un poco para combatir el estr\u00e9s laboral y otro poco, quiz\u00e1, para alejarse de la obligaci\u00f3n de hacer cosas que sirvan para algo. Descubri\u00f3 un arte original, que mantiene un sentido utilitario, como una computadora steampunk armada con piezas de una antigua m\u00e1quina de escribir, un marco de madera para la pantalla y parlantes de cobre.<\/p>\n<\/div>\n<\/div>\n<div class=\"row pb-content-type-text\">\n<div class=\"col-xs-12 col-print-12\">\n<p class=\"element element-paragraph\">Cuando en reuniones sociales sal\u00eda el tema ovni, Gabriel disimulaba. En charlas familiares el asunto est\u00e1 poco presente. \u201cPero todos creemos\u201d, aclara.<\/p>\n<\/div>\n<\/div>\n<div class=\"row pb-content-type-image\">\n<figure class=\"element element-image col-xs-12\">\n<div class=\"single-image\">\n<div class=\"shares\">\n<div class=\"share-button facebook\" data-url=\"https:\/\/www.infobae.com\/sociedad\/2019\/11\/13\/el-medico-que-fotografio-un-enanito-verde-junto-a-su-familia-y-la-banda-de-rock-que-se-inspiro-en-la-increible-historia\/%23QXQGIQXDT5AVDFP4IRIG4YWEY4\" data-original=\"https:\/\/arc-anglerfish-arc2-prod-infobae.s3.amazonaws.com\/public\/QXQGIQXDT5AVDFP4IRIG4YWEY4.jpg\"><\/div>\n<\/div>\n<p><img decoding=\"async\" id=\"QXQGIQXDT5AVDFP4IRIG4YWEY4\" class=\"image-lazy\" src=\"https:\/\/www.infobae.com\/new-resizer\/BtEtpjUdpGUI5YmRkHhZ9xKwtFM=\/750x0\/filters:quality(100)\/arc-anglerfish-arc2-prod-infobae.s3.amazonaws.com\/public\/QXQGIQXDT5AVDFP4IRIG4YWEY4.jpg\" alt=\"La ilustraci\u00f3n de Andr\u00e9s Casciani en Libro de Gabriel Nobilt\u00e1\" width=\"750\" height=\"1087.573385518591\" data-url=\"https:\/\/www.infobae.com\/sociedad\/2019\/11\/13\/el-medico-que-fotografio-un-enanito-verde-junto-a-su-familia-y-la-banda-de-rock-que-se-inspiro-en-la-increible-historia\/%23QXQGIQXDT5AVDFP4IRIG4YWEY4\" data-original=\"https:\/\/www.infobae.com\/new-resizer\/BtEtpjUdpGUI5YmRkHhZ9xKwtFM=\/750x0\/filters:quality(100)\/arc-anglerfish-arc2-prod-infobae.s3.amazonaws.com\/public\/QXQGIQXDT5AVDFP4IRIG4YWEY4.jpg\" \/><\/div><figcaption class=\"\"><span class=\"credit\">La ilustraci\u00f3n de Andr\u00e9s Casciani en Libro de Gabriel Nobilt\u00e1<\/span><\/figcaption><\/figure>\n<\/div>\n<div class=\"row pb-content-type-text\">\n<div class=\"col-xs-12 col-print-12\">\n<p class=\"element element-paragraph\"><mark class=\"hl_yellow\">Me explica el qui\u00e9n es qui\u00e9n de la famosa foto: su hermano menor, Juan, es el que est\u00e1 m\u00e1s cerca de la figura. Alicia In\u00e9s, su hermana mayor, hoy licenciada en Cartograf\u00eda, est\u00e1 a la izquierda de su madre. Sus primos, Silvana y Mart\u00edn, est\u00e1n a la izquierda. Y \u00e9l, debajo de todo. \u201cNunca m\u00e1s volvimos a Puente del Inca en familia\u201d, afirma Gabriel.<\/mark><\/p>\n<\/div>\n<\/div>\n<div class=\"row pb-content-type-text\">\n<div class=\"col-xs-12 col-print-12\">\n<p class=\"element element-paragraph\">Refleja el impacto que le caus\u00f3 la vivencia su libro de tautogramas\u00a0<i>Letras con Alma<\/i>\u00a0(2017), donde dedic\u00f3 el cap\u00edtulo\u00a0<i>Espacio<\/i>\u00a0(pp 34-39) al humanoide de Puente del Inca, ilustrado por Andr\u00e9s Casciani. Los tautogramas son poemas formados por palabras que empiezan por la misma letra. \u201cEdred\u00f3n et\u00e9reo, envu\u00e9lvenos en exquisitos espejismos. \/ Estupefacta eyaculaci\u00f3n ectoplasm\u00e1tica eclipsada en epidermis esquel\u00e9tica\u201d, escribe el poeta.<\/p>\n<\/div>\n<\/div>\n<div class=\"row pb-content-type-text\">\n<div class=\"col-xs-12 col-print-12\">\n<p class=\"element element-paragraph\"><mark class=\"hl_orange\"><b>Im\u00e1genes de otra dimensi\u00f3n<\/b><\/mark><\/p>\n<\/div>\n<\/div>\n<div class=\"row pb-content-type-text\">\n<div class=\"col-xs-12 col-print-12\">\n<p class=\"element element-paragraph\">Victorio Corradi\u00a0<b>busc\u00f3 al fot\u00f3grafo Atilio Spinello para su primera consulta.<\/b>\u00a0Era un profesional reconocido y quiz\u00e1 el t\u00e9cnico m\u00e1s preparado para analizar la imagen en Mendoza. Hab\u00eda estudiado fotograf\u00eda color en Leverkusen, Alemania, y en Rochester, sede de la f\u00e1brica de Kodak. \u201cEn aquel tiempo no solo era fot\u00f3grafo sino que entend\u00eda de t\u00e9cnica fotogr\u00e1fica\u201d, explica.<\/p>\n<\/div>\n<\/div>\n<div class=\"row pb-content-type-text\">\n<div class=\"col-xs-12 col-print-12\">\n<p class=\"element element-paragraph\">A sus 77 a\u00f1os,\u00a0<b>Spinello recuerda el \u201ccaso Nobilt\u00e1\u201d con placer, entusiasmo y cautela<\/b>: avisa que pudo haber olvidado algunos detalles. \u201cEn Mendoza yo ten\u00eda cierto prestigio porque era due\u00f1o de un laboratorio color y fui uno de los primeros que hizo foto color en la Argentina\u201d, comienza. Descart\u00f3 un truco fotogr\u00e1fico, un reflejo \u00f3ptico o un da\u00f1o en el proceso de emulsi\u00f3n.\u00a0<mark class=\"hl_yellow\">\u201cLa imagen (del enanito) ocupaba un lugar en el espacio. En este negativo se nota la impresi\u00f3n de una caracter\u00edstica figura no tradicional, nunca observada en nuestro laboratorio de foto color\u201d.<\/mark><\/p>\n<\/div>\n<\/div>\n<div class=\"row pb-content-type-image\">\n<figure class=\"element element-image col-xs-12\">\n<div class=\"single-image\">\n<div class=\"shares\">\n<div class=\"share-button facebook\" data-url=\"https:\/\/www.infobae.com\/sociedad\/2019\/11\/13\/el-medico-que-fotografio-un-enanito-verde-junto-a-su-familia-y-la-banda-de-rock-que-se-inspiro-en-la-increible-historia\/%23PVILWGJQZNDWBA7QUIBNMTRNFA\" data-original=\"https:\/\/arc-anglerfish-arc2-prod-infobae.s3.amazonaws.com\/public\/PVILWGJQZNDWBA7QUIBNMTRNFA.jpg\"><\/div>\n<\/div>\n<p><img decoding=\"async\" id=\"PVILWGJQZNDWBA7QUIBNMTRNFA\" class=\"image-lazy\" src=\"https:\/\/www.infobae.com\/new-resizer\/eiv3_j6rlcT8jAqlIu-2845QqxY=\/750x0\/filters:quality(100)\/arc-anglerfish-arc2-prod-infobae.s3.amazonaws.com\/public\/PVILWGJQZNDWBA7QUIBNMTRNFA.jpg\" alt=\"El 15 de noviembre de 1979, el uf\u00f3logo Corradi envi\u00f3 una copia del negativo a William H. Spaulding, director del grupo especializado en an\u00e1lisis de fotos ovni Ground Saucer Watch Inc (GSW) para que utilizara \u201ctodos los modos de digitalizaci\u00f3n y realce por computadora\u201d. El 19 de febrero de 1980, tres expertos de la GSW enviaron sus conclusiones: \u201cCreemos que la imagen es una mancha qu\u00edmica, rara solo en su forma, que ocurri\u00f3 durante el revelado de los negativos originales\" width=\"750\" height=\"497.61336515513125\" data-url=\"https:\/\/www.infobae.com\/sociedad\/2019\/11\/13\/el-medico-que-fotografio-un-enanito-verde-junto-a-su-familia-y-la-banda-de-rock-que-se-inspiro-en-la-increible-historia\/%23PVILWGJQZNDWBA7QUIBNMTRNFA\" data-original=\"https:\/\/www.infobae.com\/new-resizer\/eiv3_j6rlcT8jAqlIu-2845QqxY=\/750x0\/filters:quality(100)\/arc-anglerfish-arc2-prod-infobae.s3.amazonaws.com\/public\/PVILWGJQZNDWBA7QUIBNMTRNFA.jpg\" \/><\/div><figcaption class=\"\"><span class=\"credit\">El 15 de noviembre de 1979, el uf\u00f3logo Corradi envi\u00f3 una copia del negativo a William H. Spaulding, director del grupo especializado en an\u00e1lisis de fotos ovni Ground Saucer Watch Inc (GSW) para que utilizara \u201ctodos los modos de digitalizaci\u00f3n y realce por computadora\u201d. El 19 de febrero de 1980, tres expertos de la GSW enviaron sus conclusiones: \u201cCreemos que la imagen es una mancha qu\u00edmica, rara solo en su forma, que ocurri\u00f3 durante el revelado de los negativos originales\u00bb<\/span><\/figcaption><\/figure>\n<\/div>\n<div class=\"row pb-content-type-text\">\n<div class=\"col-xs-12 col-print-12\">\n<p class=\"element element-paragraph\">El cuestionario elaborado por Corradi ten\u00eda en cuenta el llamado \u201csesgo del investigador\u201d: se le preguntaba al analista \u201csi estaba vinculado al estudio del fen\u00f3meno ovni\u201d. En ese \u00edtem Spinello negaba toda relaci\u00f3n con el tema. En nuestra charla dijo lo contrario:\u00a0<b>\u201cYo ya era investigador de casos paranormales\u201d.\u00a0<\/b>No record\u00f3 investigaciones anteriores a 1979.<\/p>\n<\/div>\n<\/div>\n<div class=\"row pb-content-type-text\">\n<div class=\"col-xs-12 col-print-12\">\n<p class=\"element element-paragraph\">En su lista mencion\u00f3 haber estudiado\u00a0<b>dos casos de abducci\u00f3n<\/b>: la experiencia de Filiberto C\u00e1rdenas, en Miami y la de un jugador profesional de f\u00fatbol, el mendocino Ricardo Jes\u00fas Vel\u00e1zquez, que llam\u00f3 la atenci\u00f3n del Dr. J. Allen Hynek. El astr\u00f3nomo que asesor\u00f3 a la Fuerza A\u00e9rea de los Estados Unidos en el Proyecto Libro Azul y a Steven Spielberg en\u00a0<i>Encuentros Cercanos del Tercer Tipo<\/i>\u00a0(1977) entrevist\u00f3 a Vel\u00e1zquez en 1982, durante un congreso ufol\u00f3gico realizado en Mendoza. En 1988 rod\u00f3 un ciclo de entrevistas en Capilla del Monte conducido por el uf\u00f3logo cubano Virgilio S\u00e1nchez Ocejo,<i>\u00a0Puerta a lo Desconocido.\u00a0<\/i>Durante el rodaje le acercaron el libro\u00a0<i>Mi Baba y yo<\/i>, escrito por John Hislop, un m\u00e9dico devoto de Sai Baba. \u201c<b>Fui a la India buscar la mentira y result\u00f3 que Sai Baba materializaba cosas de la nada<\/b>. Hice m\u00e1s de 20 pel\u00edculas all\u00e1. Hoy tengo cosas materializadas por Sai Baba. De eso s\u00ed puedo dar pruebas\u201d. Atilio film\u00f3 al gur\u00fa por cinco a\u00f1os. Tambi\u00e9n entrevist\u00f3 a la Madre Teresa de Calcuta, al Dalai Lama y a la reina de Holanda.<\/p>\n<\/div>\n<\/div>\n<div class=\"row pb-content-type-image\">\n<figure class=\"element element-image col-xs-12\">\n<div class=\"single-image\">\n<div class=\"shares\">\n<div class=\"share-button facebook\" data-url=\"https:\/\/www.infobae.com\/sociedad\/2019\/11\/13\/el-medico-que-fotografio-un-enanito-verde-junto-a-su-familia-y-la-banda-de-rock-que-se-inspiro-en-la-increible-historia\/%23O4QRODBT6JC2JGTX33URPEW6DQ\" data-original=\"https:\/\/arc-anglerfish-arc2-prod-infobae.s3.amazonaws.com\/public\/O4QRODBT6JC2JGTX33URPEW6DQ.jpg\"><\/div>\n<\/div>\n<p><img decoding=\"async\" id=\"O4QRODBT6JC2JGTX33URPEW6DQ\" class=\"image-lazy\" src=\"https:\/\/www.infobae.com\/new-resizer\/wD1JOM7tLhFJTLTx8W-Z4xpPLhw=\/750x0\/filters:quality(100)\/arc-anglerfish-arc2-prod-infobae.s3.amazonaws.com\/public\/O4QRODBT6JC2JGTX33URPEW6DQ.jpg\" alt=\"El fot\u00f3grafo Spinello junto al Sai Baba. \u201cFui a la India buscar la mentira y result\u00f3 que Sai Baba materializaba cosas de la nada. Hice m\u00e1s de 20 pel\u00edculas all\u00e1. Hoy tengo cosas materializadas por Sai Baba. De eso s\u00ed puedo dar pruebas\u201d. Atilio film\u00f3 al gur\u00fa por cinco a\u00f1os\" width=\"750\" height=\"583.8762214983714\" data-url=\"https:\/\/www.infobae.com\/sociedad\/2019\/11\/13\/el-medico-que-fotografio-un-enanito-verde-junto-a-su-familia-y-la-banda-de-rock-que-se-inspiro-en-la-increible-historia\/%23O4QRODBT6JC2JGTX33URPEW6DQ\" data-original=\"https:\/\/www.infobae.com\/new-resizer\/wD1JOM7tLhFJTLTx8W-Z4xpPLhw=\/750x0\/filters:quality(100)\/arc-anglerfish-arc2-prod-infobae.s3.amazonaws.com\/public\/O4QRODBT6JC2JGTX33URPEW6DQ.jpg\" \/><\/div><figcaption class=\"\"><span class=\"credit\">El fot\u00f3grafo Spinello junto al Sai Baba. \u201cFui a la India buscar la mentira y result\u00f3 que Sai Baba materializaba cosas de la nada. Hice m\u00e1s de 20 pel\u00edculas all\u00e1. Hoy tengo cosas materializadas por Sai Baba. De eso s\u00ed puedo dar pruebas\u201d. Atilio film\u00f3 al gur\u00fa por cinco a\u00f1os<\/span><\/figcaption><\/figure>\n<\/div>\n<div class=\"row pb-content-type-text\">\n<div class=\"col-xs-12 col-print-12\">\n<p class=\"element element-paragraph\">Atilio se despega de Corradi: \u201cEste se\u00f1or era un poco dogm\u00e1tico de los extraterrestres. Yo estaba m\u00e1s en el centro, quer\u00eda investigar. Quer\u00eda determinar la veracidad. Estaba involucrado mi nombre, ya ten\u00eda una trayectoria. No me hubiera gustado que me tacharan de mentiroso o fan\u00e1tico. Yo lo analic\u00e9 imparcialmente, pero en esos tiempos yo no ten\u00eda tanta experiencia\u201d.<\/p>\n<\/div>\n<\/div>\n<div class=\"row pb-content-type-text\">\n<div class=\"col-xs-12 col-print-12\">\n<p class=\"element element-paragraph\"><mark class=\"hl_yellow\"><b>Para el fot\u00f3grafo la figura era aut\u00e9ntica.\u00a0<\/b>\u201cPor entonces no exist\u00eda el photoshop, no hab\u00eda forma de incorporar en el negativo algo que no est\u00e1\u201d. El negativo ten\u00eda 24 x 36 cm. \u201cImag\u00ednese cu\u00e1n peque\u00f1a era la imagen\u201d, prosigue. Hizo una ampliaci\u00f3n, observ\u00f3 las figuras a trasluz con una lupa muy potente y supo que \u201cera imposible que sea el producto de una falla en el negativo\u201d. El enanito era, para \u00e9l, \u201cun conjunto de microim\u00e1genes que forman una imagen\u201d.<\/mark><\/p>\n<\/div>\n<\/div>\n<div class=\"row pb-content-type-text\">\n<div class=\"col-xs-12 col-print-12\">\n<p class=\"element element-paragraph\"><mark class=\"hl_yellow\"><b>Hoy sigue pensando que era una cosa real, que no estaba trucada.<\/b>\u00a0\u201cNunca tuve una experiencia as\u00ed, pero no me cabe la menor duda de que \u2018ellos\u2019 conviven con nosotros en esta tercera dimensi\u00f3n, sin hablar de la cuarta, la quinta, en otras dimensiones y que, en determinado momento, se pueden plasmar en la tercera dimensi\u00f3n\u201d.<\/mark><\/p>\n<\/div>\n<\/div>\n<div class=\"row pb-content-type-text\">\n<div class=\"col-xs-12 col-print-12\">\n<p class=\"element element-paragraph\">En un momento la conversaci\u00f3n vir\u00f3 a la pol\u00edtica. En mayo de 2015 declar\u00f3 por los juicios de delitos de lesa humanidad. El 25 de abril de 1978, un a\u00f1o antes de su protagonismo por el enanito de Puente del Inca, fue secuestrado por el Ej\u00e9rcito de su casa de Las Vegas, Potrerillos, donde viv\u00eda con su esposa y sus dos hijos. \u201cEstuve en un s\u00f3tano, con los ojos vendados, amordazado y atado a una cama donde fui golpeado, colgado de un techo y torturado con picana el\u00e9ctrica\u201d.<\/p>\n<\/div>\n<\/div>\n<div class=\"row pb-content-type-text\">\n<div class=\"col-xs-12 col-print-12\">\n<p class=\"element element-paragraph\">Como no ten\u00eda ninguna militancia pol\u00edtica, hoy asegura que lo chuparon porque era \u201cun bicho raro\u201d y por el bot\u00edn de guerra: su casa fue desvalijada. Tras nueve d\u00edas de cautiverio, recuper\u00f3 la libertad. Recibi\u00f3 amenazas y decidi\u00f3 irse del pa\u00eds. As\u00ed comenz\u00f3 su nueva vida en la India, donde pas\u00f3 m\u00e1s de 20 a\u00f1os.<\/p>\n<\/div>\n<\/div>\n<div class=\"row pb-content-type-text\">\n<div class=\"col-xs-12 col-print-12\">\n<p class=\"element element-paragraph\"><mark class=\"hl_orange\"><b>Fot\u00f3grafos en pie de guerra<\/b><\/mark><\/p>\n<\/div>\n<\/div>\n<div class=\"row pb-content-type-text\">\n<div class=\"col-xs-12 col-print-12\">\n<p class=\"element element-paragraph\">\u201cDesde un primer momento, el Sr. Spinello descart\u00f3 que la singular figura fuera debida a alg\u00fan defecto fotogr\u00e1fico o a un truco, y basado en mis conocimientos espec\u00edficos sobre las tradiciones orales y escritas pertenecientes a la Historia de la Cultura de la mayor parte de los pueblos del planeta, que aluden a la existencia de seres no humanos cuya descripci\u00f3n es significativamente an\u00e1loga a la de esta imagen, defend\u00ed abiertamente la importancia de la foto en cuesti\u00f3n desde el punto de vista estrictamente cient\u00edfico. Pero a pesar de otros detalles reveladores que aparec\u00edan en la placa,<b>\u00a0se desat\u00f3 una verdadera pol\u00e9mica a nivel internacional<\/b>. M\u00e1s, convencido de la trascendencia que podr\u00eda tener para la ciencia, en un futuro inmediato, proced\u00ed al estudio rigurosamente sistem\u00e1tico\u201d, escribi\u00f3 Corradi en su trabajo.<\/p>\n<\/div>\n<\/div>\n<div class=\"row pb-content-type-text\">\n<div class=\"col-xs-12 col-print-12\">\n<p class=\"element element-paragraph\">En el informe adjunt\u00f3 la<b>\u00a0opini\u00f3n de otros fot\u00f3grafos<\/b>: F\u00e9lix de Borb\u00f3n, Rosendo Osvaldo Ruiz, Juan Carlos Sarmiento, Angel Morales y Ra\u00fal Rubens.\u00a0<mark class=\"hl_yellow\">\u201cTodos coincidieron \u2013prosigui\u00f3\u2013 que no es un truco fotogr\u00e1fico, que la emulsi\u00f3n no est\u00e1 da\u00f1ada, que no es un reflejo, que no es un objeto conocido; ni una \u2018imagen fantasma\u2019 ni ning\u00fan otro fen\u00f3meno definible fotogr\u00e1ficamente (\u2026) \u201ctodos descartaron que hubiese habido alg\u00fan tipo de defecto en el revelado\u201d<\/mark>.<\/p>\n<\/div>\n<\/div>\n<div class=\"row pb-content-type-text\">\n<div class=\"col-xs-12 col-print-12\">\n<p class=\"element element-paragraph\">De Borb\u00f3n, con 22 a\u00f1os de experiencia,<b>\u00a0destac\u00f3 que la imagen carec\u00eda de continuidad.<\/b>\u00a0\u201cEso es raro\u201d, escribi\u00f3. \u201cUna tentativa de explicaci\u00f3n de este fen\u00f3meno que desconozco, que jam\u00e1s he visto como fot\u00f3grafo, podr\u00eda ser que la luz que emana de la peque\u00f1a figura fuera emitida en una longitud de onda diferente del espectro visible, quiz\u00e1 una luz cercana al infrarrojo.<mark class=\"hl_yellow\">\u00a0Lo que es decididamente INEXPLICABLE es c\u00f3mo una pel\u00edcula com\u00fan y una m\u00e1quina tan sencilla como la Kodak Instamatic haya podido captarla\u201d.<\/mark><\/p>\n<\/div>\n<\/div>\n<div class=\"row pb-content-type-image\">\n<figure class=\"element element-image col-xs-12\">\n<div class=\"single-image\">\n<div class=\"shares\">\n<div class=\"share-button facebook\" data-url=\"https:\/\/www.infobae.com\/sociedad\/2019\/11\/13\/el-medico-que-fotografio-un-enanito-verde-junto-a-su-familia-y-la-banda-de-rock-que-se-inspiro-en-la-increible-historia\/%23HCQDZA7O3BCALAYLO4HKMVDLGM\" data-original=\"https:\/\/arc-anglerfish-arc2-prod-infobae.s3.amazonaws.com\/public\/HCQDZA7O3BCALAYLO4HKMVDLGM.jpg\"><\/div>\n<\/div>\n<p><img decoding=\"async\" id=\"HCQDZA7O3BCALAYLO4HKMVDLGM\" class=\"image-lazy\" src=\"https:\/\/www.infobae.com\/new-resizer\/_MoHkZrmHdYW0FuVYf0btyVKjSE=\/750x0\/filters:quality(100)\/arc-anglerfish-arc2-prod-infobae.s3.amazonaws.com\/public\/HCQDZA7O3BCALAYLO4HKMVDLGM.jpg\" alt=\"El an\u00e1lisis realizado en Estados Unidos no conform\u00f3 a muchos. El fot\u00f3grafo Spinello hoy sigue pensando que era una cosa real, que no estaba trucada. \u201cNunca tuve una experiencia as\u00ed, pero no me cabe la menor duda de que \u2018ellos\u2019 conviven con nosotros en esta tercera dimensi\u00f3n, sin hablar de la cuarta, la quinta, en otras dimensiones y que, en determinado momento, se pueden plasmar en la tercera dimensi\u00f3n\u201d\" width=\"750\" height=\"632.3397579560735\" data-url=\"https:\/\/www.infobae.com\/sociedad\/2019\/11\/13\/el-medico-que-fotografio-un-enanito-verde-junto-a-su-familia-y-la-banda-de-rock-que-se-inspiro-en-la-increible-historia\/%23HCQDZA7O3BCALAYLO4HKMVDLGM\" data-original=\"https:\/\/www.infobae.com\/new-resizer\/_MoHkZrmHdYW0FuVYf0btyVKjSE=\/750x0\/filters:quality(100)\/arc-anglerfish-arc2-prod-infobae.s3.amazonaws.com\/public\/HCQDZA7O3BCALAYLO4HKMVDLGM.jpg\" \/><\/div><figcaption class=\"\"><span class=\"credit\">El an\u00e1lisis realizado en Estados Unidos no conform\u00f3 a muchos. El fot\u00f3grafo Spinello hoy sigue pensando que era una cosa real, que no estaba trucada. \u201cNunca tuve una experiencia as\u00ed, pero no me cabe la menor duda de que \u2018ellos\u2019 conviven con nosotros en esta tercera dimensi\u00f3n, sin hablar de la cuarta, la quinta, en otras dimensiones y que, en determinado momento, se pueden plasmar en la tercera dimensi\u00f3n\u201d<\/span><\/figcaption><\/figure>\n<\/div>\n<div class=\"row pb-content-type-text\">\n<div class=\"col-xs-12 col-print-12\">\n<p class=\"element element-paragraph\">El 15 de noviembre de 1979, Corradi envi\u00f3 una copia del negativo a\u00a0<b>William H. Spaulding<\/b>, director del grupo especializado en an\u00e1lisis de fotos ovni Ground Saucer Watch Inc (GSW) para que utilizara \u201ctodos los modos de digitalizaci\u00f3n y realce por computadora\u201d.<\/p>\n<\/div>\n<\/div>\n<div class=\"row pb-content-type-text\">\n<div class=\"col-xs-12 col-print-12\">\n<p class=\"element element-paragraph\">El 19 de febrero de 1980, tres expertos de la GSW coincidieron parcialmente con los fot\u00f3grafos cuyanos. Porque sus conclusiones fueron otras: \u201cCreemos que la imagen es una mancha qu\u00edmica, rara solo en su forma, que ocurri\u00f3 durante el revelado de los negativos originales. El primer ciclo de revelado en el proceso color crear\u00e1 im\u00e1genes azules. Aparentemente la anomal\u00eda ocurri\u00f3 entre el ciclo de revelado y lavado. GSW ha visto este tipo (no forma) de artefacto en an\u00e1lisis previos.\u00a0<mark class=\"hl_yellow\">Hay quienes quieren creer que la fotograf\u00eda representa una criatura o extra\u00f1a anomal\u00eda; sin embargo, esto ser\u00e1 dif\u00edcil de probar sin la colaboraci\u00f3n de testigos. No hemos hallado evidencia que apoye una imagen no planar<\/mark>\u201d.<\/p>\n<\/div>\n<\/div>\n<div class=\"row pb-content-type-text\">\n<div class=\"col-xs-12 col-print-12\">\n<p class=\"element element-paragraph\">Corradi respondi\u00f3 al GSW en duros t\u00e9rminos. Le reproch\u00f3 que no se pronunciara sobre \u201cla otra imagen an\u00f3mala que se observa a la derecha y arriba de la imagen an\u00f3mala que se destaca en primer plano\u201d. Esa otra mancha, para el uf\u00f3logo, era \u201csumamente extra\u00f1a\u201d. Una serie de luces, abundar\u00e1, \u201csim\u00e9tricamente dispuestas\u201d. Tambi\u00e9n<mark class=\"hl_yellow\">\u00a0le enrostr\u00f3 al organismo que no aclarase la probabilidad de que \u201cla formaci\u00f3n de una mancha qu\u00edmica adopte esa forma tan precisa en sus contornos y cuya forma es decididamente humanoide<\/mark>\u201d.<\/p>\n<\/div>\n<\/div>\n<div class=\"row pb-content-type-text\">\n<div class=\"col-xs-12 col-print-12\">\n<p class=\"element element-paragraph\">En cuanto a que la imagen no fuera plana, Corradi objet\u00f3: \u201cNo podemos dejarnos influir por el prejuicio de pensar que estos ENTES forzosamente deban tener cuerpo como nosotros lo entendemos\u201d.<\/p>\n<\/div>\n<\/div>\n<div class=\"row pb-content-type-text\">\n<div class=\"col-xs-12 col-print-12\">\n<p class=\"element element-paragraph\"><b>\u201c\u00bfEra un extraterrestre?\u00bb<\/b>. Con ese t\u00edtulo regres\u00f3 al caso<i>\u00a0La Raz\u00f3n\u00a0<\/i>del 7 de marzo de 1980. El vespertino reprodujo lo que ser\u00eda la \u00faltima palabra del uf\u00f3logo cuyano. Tras las conclusiones del GSW,<b>\u00a0deb\u00eda descartar que fuera una \u201cmancha qu\u00edmica\u201d<\/b>. As\u00ed, el director del IDEFEH le pidi\u00f3 opini\u00f3n a Pedro Ampuero, doctor en Bioqu\u00edmica egresado de la Universidad Nacional de C\u00f3rdoba, jefe del Laboratorio del Hospital Emilio Civit y jefe del Laboratorio de la C\u00e1tedra de Ni\u00f1os de la Universidad Nacional de Cuyo (UNC), y al fot\u00f3grafo Nicol\u00e1s Vita, jefe de Fototecnia del Instituto de Histolog\u00eda y Embriolog\u00eda de la Facultad de Ciencias M\u00e9dicas de la UNC.\u00a0<b>Ambos descartaron la posibilidad de manchas qu\u00edmicas o im\u00e1genes fantasmas o veladuras.<\/b><\/p>\n<\/div>\n<\/div>\n<div class=\"row pb-content-type-image\">\n<figure class=\"element element-image col-xs-12\">\n<div class=\"single-image\">\n<div class=\"shares\">\n<div class=\"share-button facebook\" data-url=\"https:\/\/www.infobae.com\/sociedad\/2019\/11\/13\/el-medico-que-fotografio-un-enanito-verde-junto-a-su-familia-y-la-banda-de-rock-que-se-inspiro-en-la-increible-historia\/%23O5QOW6AJTJF47KOX6SI4Y3SGLM\" data-original=\"https:\/\/arc-anglerfish-arc2-prod-infobae.s3.amazonaws.com\/public\/O5QOW6AJTJF47KOX6SI4Y3SGLM.jpg\"><\/div>\n<\/div>\n<p><img decoding=\"async\" id=\"O5QOW6AJTJF47KOX6SI4Y3SGLM\" class=\"image-lazy\" src=\"https:\/\/www.infobae.com\/new-resizer\/Qgnm52pck65lvU3COLoC5PFHi7k=\/750x0\/filters:quality(100)\/arc-anglerfish-arc2-prod-infobae.s3.amazonaws.com\/public\/O5QOW6AJTJF47KOX6SI4Y3SGLM.jpg\" alt=\"El t\u00edtulo del diario La Raz\u00f3n en 1980\" width=\"750\" height=\"419.53124999999994\" data-url=\"https:\/\/www.infobae.com\/sociedad\/2019\/11\/13\/el-medico-que-fotografio-un-enanito-verde-junto-a-su-familia-y-la-banda-de-rock-que-se-inspiro-en-la-increible-historia\/%23O5QOW6AJTJF47KOX6SI4Y3SGLM\" data-original=\"https:\/\/www.infobae.com\/new-resizer\/Qgnm52pck65lvU3COLoC5PFHi7k=\/750x0\/filters:quality(100)\/arc-anglerfish-arc2-prod-infobae.s3.amazonaws.com\/public\/O5QOW6AJTJF47KOX6SI4Y3SGLM.jpg\" \/><\/div><figcaption class=\"\"><span class=\"credit\">El t\u00edtulo del diario La Raz\u00f3n en 1980<\/span><\/figcaption><\/figure>\n<\/div>\n<div class=\"row pb-content-type-text\">\n<div class=\"col-xs-12 col-print-12\">\n<p class=\"element element-paragraph\">Menos la GSW, que arriesg\u00f3 una hip\u00f3tesis, los analistas explicaron lo que la imagen NO era. Corradi, en cambio, fue categ\u00f3rico:\u00a0<mark class=\"hl_yellow\">\u201cDescartada la posibilidad de un truco o de un fen\u00f3meno producido por un defecto fotogr\u00e1ficamente definible, los estudios realizados han demostrado inobjetablemente que esta placa constituye una de las pruebas m\u00e1s incuestionables de la existencia de seres poseedores de una tecnolog\u00eda considerada \u2018m\u00e1gica\u2019 para nosotros\u201d.<\/mark><\/p>\n<\/div>\n<\/div>\n<div class=\"row pb-content-type-text\">\n<div class=\"col-xs-12 col-print-12\">\n<p class=\"element element-paragraph\">En la web, la \u00fanica\u00a0<b>opini\u00f3n esc\u00e9ptica\u00a0<\/b>es la del Ingeniero Qu\u00edmico Luis Ruiz Noguez:<mark class=\"hl_yellow\">\u00a0\u201cDe la nave se puede decir muy poco. Se encuentra arriba, a la derecha del muchacho (a la derecha seg\u00fan nuestro punto de visi\u00f3n, pero a la izquierda de \u00e9l). Es una mancha amorfa que ni siquiera tiene la forma cl\u00e1sica del platillo volador. El tono similar en ambas manchas (\u201cmu\u00f1equito\u201d y \u201cnave\u201d) indica un origen com\u00fan. Como dudo mucho que un extraterrestre posea forma humanoide y miembros que no est\u00e1n conectados al cuerpo, creo que, con toda probabilidad, se trata de una mancha de revelado\u201d<\/mark>.<\/p>\n<\/div>\n<\/div>\n<div class=\"row pb-content-type-text\">\n<div class=\"col-xs-12 col-print-12\">\n<p class=\"element element-paragraph\">El Lic. Andr\u00e9s Duarte, qu\u00edmico chileno, experto en an\u00e1lisis de im\u00e1genes y colaborador del proyecto Fotocat del investigador espa\u00f1ol Vicente-Juan Ballester Olmos, coincide: \u201c<b>Creo que es un defecto de revelado.<\/b>\u00a0Esta posibilidad fue descartada mediante argumentos incorrectos en el informe de Corradi. Es importante aclarar que un defecto de revelado no implica da\u00f1o en la emulsi\u00f3n, de manera que la aparente ausencia de evidencias de da\u00f1o no implica que no pueda haber un defecto de revelado.\u201d<\/p>\n<\/div>\n<\/div>\n<div class=\"row pb-content-type-text\">\n<div class=\"col-xs-12 col-print-12\">\n<p class=\"element element-paragraph\">Sea lo que fuere, la familia Nobilt\u00e1 atesora recuerdos entra\u00f1ables. No deben ser distintos a los de legiones de conversos a realidades alternativas que propici\u00f3 la fotograf\u00eda. La publicidad negativa de las observaciones de Charles Darwin cuando visit\u00f3 Puente del Inca es contrarrestada por aquella imagen. Ese monumento natural es, y seguir\u00e1 siendo, el escenario donde fue fotografiado el primer enanito verde. Aunque su color fuera otro.<\/p>\n<p>Por\u00a0<b>Alejandro Agostinelli<\/b><\/p>\n<p>Infobae<\/p>\n<\/div>\n<\/div>\n","protected":false},"excerpt":{"rendered":"<p>Hace 40 a\u00f1os un prestigioso infect\u00f3logo y profesor universitario de Mendoza sac\u00f3 la sorprendente fotograf\u00eda en Puente del Inca. Los canales de televisi\u00f3n tomaron el caso y los expertos analizaron la curiosa imagen de la diminuta figura \u201cal lado de su platillo volador\u201d. Fue tan grande la popularidad que alcanz\u00f3 la familia Nobilt\u00e1 que un<a class=\"read-more\" href=\"https:\/\/elfederalmendoza.com.ar\/index.php\/2019\/11\/13\/el-medico-que-fotografio-un-enanito-verde-junto-a-su-familia-y-la-banda-de-rock-que-se-inspiro-en-la-increible-historia\/\"> [&hellip;]<\/a><\/p>\n","protected":false},"author":2,"featured_media":278,"comment_status":"open","ping_status":"open","sticky":false,"template":"","format":"image","meta":{"footnotes":""},"categories":[1],"tags":[133,134,11,132],"class_list":["post-277","post","type-post","status-publish","format-image","has-post-thumbnail","hentry","category-mza","tag-enanitos-verdes","tag-foto","tag-mendoza","tag-puente-del-inca","post_format-post-format-image"],"rttpg_featured_image_url":{"full":["https:\/\/elfederalmendoza.com.ar\/wp-content\/uploads\/2019\/11\/nobilta.jpg",747,421,false],"landscape":["https:\/\/elfederalmendoza.com.ar\/wp-content\/uploads\/2019\/11\/nobilta.jpg",747,421,false],"portraits":["https:\/\/elfederalmendoza.com.ar\/wp-content\/uploads\/2019\/11\/nobilta.jpg",747,421,false],"thumbnail":["https:\/\/elfederalmendoza.com.ar\/wp-content\/uploads\/2019\/11\/nobilta-150x150.jpg",150,150,true],"medium":["https:\/\/elfederalmendoza.com.ar\/wp-content\/uploads\/2019\/11\/nobilta-300x169.jpg",300,169,true],"large":["https:\/\/elfederalmendoza.com.ar\/wp-content\/uploads\/2019\/11\/nobilta.jpg",640,361,false],"1536x1536":["https:\/\/elfederalmendoza.com.ar\/wp-content\/uploads\/2019\/11\/nobilta.jpg",747,421,false],"2048x2048":["https:\/\/elfederalmendoza.com.ar\/wp-content\/uploads\/2019\/11\/nobilta.jpg",747,421,false],"ultp_layout_landscape_large":["https:\/\/elfederalmendoza.com.ar\/wp-content\/uploads\/2019\/11\/nobilta.jpg",747,421,false],"ultp_layout_landscape":["https:\/\/elfederalmendoza.com.ar\/wp-content\/uploads\/2019\/11\/nobilta.jpg",747,421,false],"ultp_layout_portrait":["https:\/\/elfederalmendoza.com.ar\/wp-content\/uploads\/2019\/11\/nobilta.jpg",600,338,false],"ultp_layout_square":["https:\/\/elfederalmendoza.com.ar\/wp-content\/uploads\/2019\/11\/nobilta.jpg",600,338,false],"rpwe-thumbnail":["https:\/\/elfederalmendoza.com.ar\/wp-content\/uploads\/2019\/11\/nobilta-45x45.jpg",45,45,true],"advps-thumb-one":["https:\/\/elfederalmendoza.com.ar\/wp-content\/uploads\/2019\/11\/nobilta-600x220.jpg",600,220,true]},"rttpg_author":{"display_name":"Redacci\u00f3n El Federal","author_link":"https:\/\/elfederalmendoza.com.ar\/index.php\/author\/angelflores\/"},"rttpg_comment":0,"rttpg_category":"<a href=\"https:\/\/elfederalmendoza.com.ar\/index.php\/category\/mza\/\" rel=\"category tag\">Mendoza<\/a>","rttpg_excerpt":"Hace 40 a\u00f1os un prestigioso infect\u00f3logo y profesor universitario de Mendoza sac\u00f3 la sorprendente fotograf\u00eda en Puente del Inca. Los canales de televisi\u00f3n tomaron el caso y los expertos analizaron la curiosa imagen de la diminuta figura \u201cal lado de su platillo volador\u201d. Fue tan grande la popularidad que alcanz\u00f3 la familia Nobilt\u00e1 que un&hellip;","_links":{"self":[{"href":"https:\/\/elfederalmendoza.com.ar\/index.php\/wp-json\/wp\/v2\/posts\/277","targetHints":{"allow":["GET"]}}],"collection":[{"href":"https:\/\/elfederalmendoza.com.ar\/index.php\/wp-json\/wp\/v2\/posts"}],"about":[{"href":"https:\/\/elfederalmendoza.com.ar\/index.php\/wp-json\/wp\/v2\/types\/post"}],"author":[{"embeddable":true,"href":"https:\/\/elfederalmendoza.com.ar\/index.php\/wp-json\/wp\/v2\/users\/2"}],"replies":[{"embeddable":true,"href":"https:\/\/elfederalmendoza.com.ar\/index.php\/wp-json\/wp\/v2\/comments?post=277"}],"version-history":[{"count":1,"href":"https:\/\/elfederalmendoza.com.ar\/index.php\/wp-json\/wp\/v2\/posts\/277\/revisions"}],"predecessor-version":[{"id":279,"href":"https:\/\/elfederalmendoza.com.ar\/index.php\/wp-json\/wp\/v2\/posts\/277\/revisions\/279"}],"wp:featuredmedia":[{"embeddable":true,"href":"https:\/\/elfederalmendoza.com.ar\/index.php\/wp-json\/wp\/v2\/media\/278"}],"wp:attachment":[{"href":"https:\/\/elfederalmendoza.com.ar\/index.php\/wp-json\/wp\/v2\/media?parent=277"}],"wp:term":[{"taxonomy":"category","embeddable":true,"href":"https:\/\/elfederalmendoza.com.ar\/index.php\/wp-json\/wp\/v2\/categories?post=277"},{"taxonomy":"post_tag","embeddable":true,"href":"https:\/\/elfederalmendoza.com.ar\/index.php\/wp-json\/wp\/v2\/tags?post=277"}],"curies":[{"name":"wp","href":"https:\/\/api.w.org\/{rel}","templated":true}]}}