{"id":296,"date":"2019-11-19T18:12:48","date_gmt":"2019-11-19T21:12:48","guid":{"rendered":"https:\/\/elfederalmendoza.com\/?p=296"},"modified":"2019-11-19T18:12:48","modified_gmt":"2019-11-19T21:12:48","slug":"un-adolescente-de-15-anos-y-un-joven-de-22-fueron-asesinados-a-balazos-en-las-heras","status":"publish","type":"post","link":"https:\/\/elfederalmendoza.com.ar\/index.php\/2019\/11\/19\/un-adolescente-de-15-anos-y-un-joven-de-22-fueron-asesinados-a-balazos-en-las-heras\/","title":{"rendered":"Un adolescente de 15 a\u00f1os y un joven de 22 fueron asesinados a balazos en Las Heras"},"content":{"rendered":"<h3>Ocurri\u00f3 en el barrio Santa Teresita. Otras dos personas resultaron heridas y fueron internadas en el hospital Carrillo.<\/h3>\n<p><strong>Dos j\u00f3venes fueron asesinados a balazos en Las Heras<\/strong>\u00a0e investigan si se trat\u00f3 de un enfrentamiento entre bandas.<\/p>\n<p>Adem\u00e1s,\u00a0<strong>otras dos personas resultaron heridas<\/strong>\u00a0y fueron internadas en el hospital Carrillo. Ocurri\u00f3 pasadas las 20 de este lunes en el interior del\u00a0<strong>barrio Santa Teresita<\/strong>.<\/p>\n<p>Seg\u00fan fuentes policiales, los cuatros j\u00f3venes se encontraban en calle Albox cuando pas\u00f3 un veh\u00edculo y les comenzaron a disparar desde su interior.<\/p>\n<div class=\"peperito-text\">\n<div class=\"col-xs-4\">\n<div class=\"square\">Producto de las heridas Alexis Alejandro Corzo<strong>\u00a0de 15 a\u00f1os y\u00a0<\/strong>Daniel Ezequiel Rold\u00e1n<strong>\u00a0de 22 fallecieron.\u00a0<\/strong>Los otros dos j\u00f3venes que se encontraban junto a las v\u00edctimas fatales fueron trasladados al hospital Carrillo donde\u00a0fueron asistidos por los profesionales de guardia.<\/div>\n<\/div>\n<\/div>\n<div class=\"peperito-text\">\n<div class=\"col-xs-20\">\n<h5><span style=\"font-size: 16px;\">Nicol\u00e1s A presentaba una herida por arma de fuego en el costado izquierdo del t\u00f3rax y en el brazo izquierdo permanec\u00eda con pron\u00f3stico reservado. En tanto, Dami\u00e1n C ten\u00eda heridas de arma de fuego en ambas manos.<\/span><\/h5>\n<\/div>\n<\/div>\n<div class=\"peperito-text\">\n<div class=\"col-xs-20\">\n<h5><span style=\"font-size: 16px;\">Seg\u00fan transcendidos el tiroteo habr\u00eda ocurrido en un enfrentamiento entre dos bandas\u00a0 conocidas como<\/span><strong style=\"font-size: 16px;\">\u00a0\u201cLos Jamaica\u201d y \u201cLos Cannabis\u201d.<\/strong><span style=\"font-size: 16px;\">\u00a0Las v\u00edctimas fatales pertenecer\u00edan al primer grupo. El\u00a0<\/span><strong style=\"font-size: 16px;\">fiscal\u00a0especial de homicidios Gustavo Pirello<\/strong><span style=\"font-size: 16px;\">\u00a0se hizo cargo de la instrucci\u00f3n.<\/span><\/h5>\n<p>Diario Los Andes<\/p>\n<\/div>\n<\/div>\n","protected":false},"excerpt":{"rendered":"<p>Ocurri\u00f3 en el barrio Santa Teresita. Otras dos personas resultaron heridas y fueron internadas en el hospital Carrillo. Dos j\u00f3venes fueron asesinados a balazos en Las Heras\u00a0e investigan si se trat\u00f3 de un enfrentamiento entre bandas. Adem\u00e1s,\u00a0otras dos personas resultaron heridas\u00a0y fueron internadas en el hospital Carrillo. Ocurri\u00f3 pasadas las 20 de este lunes en<a class=\"read-more\" href=\"https:\/\/elfederalmendoza.com.ar\/index.php\/2019\/11\/19\/un-adolescente-de-15-anos-y-un-joven-de-22-fueron-asesinados-a-balazos-en-las-heras\/\"> [&hellip;]<\/a><\/p>\n","protected":false},"author":2,"featured_media":297,"comment_status":"open","ping_status":"open","sticky":false,"template":"","format":"image","meta":{"footnotes":""},"categories":[1],"tags":[122,149,147,148],"class_list":["post-296","post","type-post","status-publish","format-image","has-post-thumbnail","hentry","category-mza","tag-asesinato","tag-balazos","tag-las-heras","tag-menor","post_format-post-format-image"],"rttpg_featured_image_url":{"full":["https:\/\/elfederalmendoza.com.ar\/wp-content\/uploads\/2019\/11\/image5dd339c7734cd.jpg",945,532,false],"landscape":["https:\/\/elfederalmendoza.com.ar\/wp-content\/uploads\/2019\/11\/image5dd339c7734cd.jpg",945,532,false],"portraits":["https:\/\/elfederalmendoza.com.ar\/wp-content\/uploads\/2019\/11\/image5dd339c7734cd.jpg",945,532,false],"thumbnail":["https:\/\/elfederalmendoza.com.ar\/wp-content\/uploads\/2019\/11\/image5dd339c7734cd-150x150.jpg",150,150,true],"medium":["https:\/\/elfederalmendoza.com.ar\/wp-content\/uploads\/2019\/11\/image5dd339c7734cd-300x169.jpg",300,169,true],"large":["https:\/\/elfederalmendoza.com.ar\/wp-content\/uploads\/2019\/11\/image5dd339c7734cd.jpg",640,360,false],"1536x1536":["https:\/\/elfederalmendoza.com.ar\/wp-content\/uploads\/2019\/11\/image5dd339c7734cd.jpg",945,532,false],"2048x2048":["https:\/\/elfederalmendoza.com.ar\/wp-content\/uploads\/2019\/11\/image5dd339c7734cd.jpg",945,532,false],"ultp_layout_landscape_large":["https:\/\/elfederalmendoza.com.ar\/wp-content\/uploads\/2019\/11\/image5dd339c7734cd.jpg",945,532,false],"ultp_layout_landscape":["https:\/\/elfederalmendoza.com.ar\/wp-content\/uploads\/2019\/11\/image5dd339c7734cd.jpg",870,490,false],"ultp_layout_portrait":["https:\/\/elfederalmendoza.com.ar\/wp-content\/uploads\/2019\/11\/image5dd339c7734cd.jpg",600,338,false],"ultp_layout_square":["https:\/\/elfederalmendoza.com.ar\/wp-content\/uploads\/2019\/11\/image5dd339c7734cd.jpg",600,338,false],"rpwe-thumbnail":["https:\/\/elfederalmendoza.com.ar\/wp-content\/uploads\/2019\/11\/image5dd339c7734cd-45x45.jpg",45,45,true],"advps-thumb-one":["https:\/\/elfederalmendoza.com.ar\/wp-content\/uploads\/2019\/11\/image5dd339c7734cd-600x220.jpg",600,220,true]},"rttpg_author":{"display_name":"Redacci\u00f3n El Federal","author_link":"https:\/\/elfederalmendoza.com.ar\/index.php\/author\/angelflores\/"},"rttpg_comment":0,"rttpg_category":"<a href=\"https:\/\/elfederalmendoza.com.ar\/index.php\/category\/mza\/\" rel=\"category tag\">Mendoza<\/a>","rttpg_excerpt":"Ocurri\u00f3 en el barrio Santa Teresita. Otras dos personas resultaron heridas y fueron internadas en el hospital Carrillo. Dos j\u00f3venes fueron asesinados a balazos en Las Heras\u00a0e investigan si se trat\u00f3 de un enfrentamiento entre bandas. Adem\u00e1s,\u00a0otras dos personas resultaron heridas\u00a0y fueron internadas en el hospital Carrillo. Ocurri\u00f3 pasadas las 20 de este lunes en&hellip;","_links":{"self":[{"href":"https:\/\/elfederalmendoza.com.ar\/index.php\/wp-json\/wp\/v2\/posts\/296","targetHints":{"allow":["GET"]}}],"collection":[{"href":"https:\/\/elfederalmendoza.com.ar\/index.php\/wp-json\/wp\/v2\/posts"}],"about":[{"href":"https:\/\/elfederalmendoza.com.ar\/index.php\/wp-json\/wp\/v2\/types\/post"}],"author":[{"embeddable":true,"href":"https:\/\/elfederalmendoza.com.ar\/index.php\/wp-json\/wp\/v2\/users\/2"}],"replies":[{"embeddable":true,"href":"https:\/\/elfederalmendoza.com.ar\/index.php\/wp-json\/wp\/v2\/comments?post=296"}],"version-history":[{"count":1,"href":"https:\/\/elfederalmendoza.com.ar\/index.php\/wp-json\/wp\/v2\/posts\/296\/revisions"}],"predecessor-version":[{"id":298,"href":"https:\/\/elfederalmendoza.com.ar\/index.php\/wp-json\/wp\/v2\/posts\/296\/revisions\/298"}],"wp:featuredmedia":[{"embeddable":true,"href":"https:\/\/elfederalmendoza.com.ar\/index.php\/wp-json\/wp\/v2\/media\/297"}],"wp:attachment":[{"href":"https:\/\/elfederalmendoza.com.ar\/index.php\/wp-json\/wp\/v2\/media?parent=296"}],"wp:term":[{"taxonomy":"category","embeddable":true,"href":"https:\/\/elfederalmendoza.com.ar\/index.php\/wp-json\/wp\/v2\/categories?post=296"},{"taxonomy":"post_tag","embeddable":true,"href":"https:\/\/elfederalmendoza.com.ar\/index.php\/wp-json\/wp\/v2\/tags?post=296"}],"curies":[{"name":"wp","href":"https:\/\/api.w.org\/{rel}","templated":true}]}}