{"id":29856,"date":"2023-11-27T09:26:14","date_gmt":"2023-11-27T12:26:14","guid":{"rendered":"https:\/\/elfederalmendoza.com\/?p=29856"},"modified":"2023-11-27T09:26:15","modified_gmt":"2023-11-27T12:26:15","slug":"milei-el-11-de-diciembre-mandare-al-congreso-un-plan-de-shock-contra-la-inflacion-y-para-reformar-el-estado","status":"publish","type":"post","link":"https:\/\/elfederalmendoza.com.ar\/index.php\/2023\/11\/27\/milei-el-11-de-diciembre-mandare-al-congreso-un-plan-de-shock-contra-la-inflacion-y-para-reformar-el-estado\/","title":{"rendered":"Milei: \u201cEl 11 de diciembre mandar\u00e9 al Congreso un plan de shock contra la inflaci\u00f3n y para reformar el Estado\u00bb"},"content":{"rendered":"\n<p><strong>El presidente electo Javier Milei adelant\u00f3 este domingo que tras asumir enviar\u00e1 al Congreso un paquete de reformas del Estado para empezar a atacar el problema inflacionario. Confirm\u00f3 que, para ello, llamar\u00e1 a sesiones extraordinarias: \u201cNo vamos a esperar a marzo a que vengan las ordinarias\u201d, explic\u00f3 al periodista Luis Majul, en La Cornisa.<\/strong><\/p>\n\n\n\n<p><strong>\u201cEl d\u00eda 11 entra un paquete enorme con reformas del Estado<\/strong>. No vamos a esperar a marzo a que vengan las ordinarias. Vamos a llamar a sesiones extraordinarias y vamos a tratar todos estos temas porque es urgente. No podemos esperar hasta marzo, porque empieza a caer la demanda de dinero. Los problemas hay que resolverlos cuanto antes\u201d, agreg\u00f3 en di\u00e1logo con LN+.<\/p>\n\n\n\n<p>\u201cM\u00e1s vale que los problemas del Banco Central los empecemos a resolver cuanto antes, y no solo eso, sino que adem\u00e1s, empecemos a resolver la cuesti\u00f3n fiscal, para no solo frenar la emisi\u00f3n que genera d\u00e9ficit fiscal, sino tambi\u00e9n como la inflaci\u00f3n est\u00e1 tomando curso, limpiar el sobrante de dinero por suba del PBI nominal\u201d, especific\u00f3 en cuanto a sus primeras medidas a las que categoriz\u00f3 dentro de un<strong>&nbsp;\u201cplan de shock\u201d.<\/strong><\/p>\n\n\n\n<p>Milei insisti\u00f3 varias veces con que el ajuste que se viene ser\u00e1 grande: \u201cSi es desordenado, va a ser un caos. Lo que proponemos es un ajuste ordenado. El impacto va a ser duro, pero menos duro\u201d, consider\u00f3. Lo at\u00f3 tambi\u00e9n a las variables externas y a la reducci\u00f3n de la tasa de inter\u00e9s. Ante las posibles consecuencias de un recorte alto del gasto p\u00fablico, el presidente electo anticip\u00f3 que para eso \u201chabr\u00e1 contenci\u00f3n social\u201d. \u201cLa \u00fanica billetera abierta es la de la ministra de Capital Humano\u201d, precis\u00f3.<\/p>\n\n\n\n<p>Tambi\u00e9n se refiri\u00f3 a las idas y vueltas en la formaci\u00f3n de su gabinete y sugiri\u00f3 que algunos de los que se \u201cbajaron\u201d antes de asumir, lo hicieron \u201cpor miedo\u201d. \u201cEstamos armando un seleccionado\u201d, indic\u00f3, antes de viajar a Estados Unidos. \u201cNecesito los mejores para resolver un problema de caracter\u00edsticas enormes\u201d, esgrimi\u00f3.<\/p>\n\n\n\n<p>Sostuvo que desde que gan\u00f3 el balotaje contra Sergio Massa \u201cpasaron muchas cosas\u201d, entre ellas, algunas bajas en sus l\u00edneas que ya hab\u00edan sido confirmadas desde antes de las elecciones, como Emilio Ocampo en el Banco Central.&nbsp;<strong>\u201cHay que ir adapt\u00e1ndose, sino te estrellas con la pared\u201d, defini\u00f3.<br><\/strong><br>El l\u00edder de La Libertad Avanza justific\u00f3 los cambios a \u00faltimo momento como parte de una \u201cflexibilidad\u201d en busca del mejor equipo posible. \u201cEstamos armando un seleccionado y a veces en la din\u00e1mica algunos jugadores te dicen que no les interesa el partido\u201d. Explic\u00f3 que \u201cdesde la tribuna se ve f\u00e1cil, pero cuando te ten\u00e9s que calzar las medias y los botines, muchos se dan cuenta que no estaban para eso\u201d.<\/p>\n\n\n\n<p>En la misma l\u00ednea, se mostr\u00f3 dispuesto a incorporar en sus equipos de trabajo ministeriales a miembros de Pro, tras el apoyo brindado por el expresidente Mauricio Macri y la excandidata presidencial Patricia Bullrich: \u201cSe abre una posibilidad de integraci\u00f3n y fusi\u00f3n de equipos para construir uno much\u00edsimo mejor\u201d.<\/p>\n\n\n\n<p>El pr\u00f3ximo jefe de Estado dijo que la buena relaci\u00f3n con el Pro \u201campl\u00eda el men\u00fa de opciones para elegir a los mejores\u201d, y mediante una met\u00e1fora explic\u00f3: \u201cSi veo un cuadro que me parece fabuloso, pero que no lo pod\u00eda incorporar porque estaba en otra estructura, ahora lo llamo yo directamente porque quiero tener a los mejores\u201d.<\/p>\n\n\n\n<p>Consultado respecto de si Luis \u201cToto\u201d Caputo ser\u00eda el ministro de Econom\u00eda de su gesti\u00f3n, Milei no lo neg\u00f3, y en cambio lo calific\u00f3 como la persona \u201cideal para arreglar el problema de las leliqs\u201d, uno de los puntos principales que advirti\u00f3 que abordar\u00e1 a partir de asumir su mandato. \u201cNo hay mayor experto financiero en la Argentina\u201d, insisti\u00f3.<\/p>\n\n\n\n<p>Justific\u00f3 su cercan\u00eda con el exministro de Econom\u00eda de la gesti\u00f3n de Macri y su compa\u00f1\u00eda en el viaje a Estados Unidos para reuniones claves en Washington alegando que para el rol de titular de la cartera econ\u00f3mica necesita a \u201calguien que tenga una mu\u00f1eca financiera experta para desarmar el problema de las leliqs\u201d. Resalt\u00f3 que en la \u00faltima semana, Caputo \u201ctuvo una reuni\u00f3n con 20 banqueros y salieron todos contentos\u201d.<\/p>\n\n\n\n<p>\u201cLa Argentina tiene un problema claro con el balance de los bancos. Es decir con el balance del Banco Central que tiene que ver con el problema de las leliqs. All\u00ed, si uno se fuera a un equilibrio tipo \u201cRodrigazo\u201d, habr\u00eda una llamarada inflacionaria que la multiplicar\u00eda -a la inflaci\u00f3n- por cuatro. Estar\u00edamos hablando de un 1800% de inflaci\u00f3n. Pero nuestro problema actual es el doble de eso, 3600%. Y si a eso le agregamos un problema en el balance en el Banco Central que la multiplica por cuatro, estamos frente a un desastre\u201d, detall\u00f3.<\/p>\n\n\n\n<p>A\u00f1adi\u00f3 que resolver el desbalance de leliqs en el Central \u201cevitar\u00eda la hiperinflaci\u00f3n\u201d, y permitir\u00eda \u201cabrir el cepo\u201d. \u201cEso genera que se baje la tasa de inter\u00e9s, que te aumente la actividad econ\u00f3mica, que te rebote el empleo y que te mejoren los salarios reales\u201d, vislumbr\u00f3.<\/p>\n\n\n\n<p>Por otro lado, destac\u00f3 dos indicadores que observan sus equipos para continuar con las medidas econ\u00f3micas: el riesgo pa\u00eds y la cotizaci\u00f3n de las empresas. \u201cCuando baja el riesgo pa\u00eds, quiere decir que la tasa de inter\u00e9s est\u00e1 bajando, y cuando es por condiciones naturales, todos los activos valen m\u00e1s\u201d, asegur\u00f3.<\/p>\n\n\n\n<p>Asimismo, ponder\u00f3 que tras su victoria por m\u00e1s de 11 puntos en el balotaje \u201cel riesgo pa\u00eds pas\u00f3 de niveles de 2700 a 1960? y agreg\u00f3: \u201cCasi que comprimimos 800 puntos\u201d. Tambi\u00e9n se refiri\u00f3 a la suba en las acciones de algunas empresas como las de YPF: \u201cAdem\u00e1s las acciones subieron en d\u00f3lares. Cuando gener\u00e1s estos incrementos en los activos financieros, significa que tiene sentido invertir\u201d.<\/p>\n\n\n\n<p>A ra\u00edz de esos datos, Milei defini\u00f3 que eso les dio \u201cmayores fuerzas para redoblar las apuestas sobre el equilibrio fiscal porque el mercado ley\u00f3 la se\u00f1al\u201d. \u201cVamos a avanzar de manera inclaudicable\u201d, advirti\u00f3.<\/p>\n\n\n\n<p>Por \u00faltimo se encarg\u00f3 de aclarar c\u00f3mo actuar\u00eda frente a las manifestaciones en contra de sus medidas. \u201cDentro de la ley todo, afuera nada\u201d, enfatiz\u00f3. \u201cA Los que violen la ley van a pagar las consecuencias. La protesta tiene sentido y es algo consagrado, pero no tiene que violentar las voluntades del resto de argentinos\u201d, marc\u00f3 el presidente electo.&nbsp;<\/p>\n","protected":false},"excerpt":{"rendered":"<p>El presidente electo Javier Milei adelant\u00f3 este domingo que tras asumir enviar\u00e1 al Congreso un paquete de reformas del Estado para empezar a atacar el problema inflacionario. Confirm\u00f3 que, para ello, llamar\u00e1 a sesiones extraordinarias: \u201cNo vamos a esperar a marzo a que vengan las ordinarias\u201d, explic\u00f3 al periodista Luis Majul, en La Cornisa. \u201cEl<a class=\"read-more\" href=\"https:\/\/elfederalmendoza.com.ar\/index.php\/2023\/11\/27\/milei-el-11-de-diciembre-mandare-al-congreso-un-plan-de-shock-contra-la-inflacion-y-para-reformar-el-estado\/\"> [&hellip;]<\/a><\/p>\n","protected":false},"author":2,"featured_media":27055,"comment_status":"open","ping_status":"open","sticky":false,"template":"","format":"standard","meta":{"footnotes":""},"categories":[5618],"tags":[],"class_list":["post-29856","post","type-post","status-publish","format-standard","has-post-thumbnail","hentry","category-arg"],"rttpg_featured_image_url":{"full":["https:\/\/elfederalmendoza.com.ar\/wp-content\/uploads\/2023\/09\/milei-y-el-agua.jpg",786,494,false],"landscape":["https:\/\/elfederalmendoza.com.ar\/wp-content\/uploads\/2023\/09\/milei-y-el-agua.jpg",786,494,false],"portraits":["https:\/\/elfederalmendoza.com.ar\/wp-content\/uploads\/2023\/09\/milei-y-el-agua.jpg",786,494,false],"thumbnail":["https:\/\/elfederalmendoza.com.ar\/wp-content\/uploads\/2023\/09\/milei-y-el-agua-150x150.jpg",150,150,true],"medium":["https:\/\/elfederalmendoza.com.ar\/wp-content\/uploads\/2023\/09\/milei-y-el-agua-300x189.jpg",300,189,true],"large":["https:\/\/elfederalmendoza.com.ar\/wp-content\/uploads\/2023\/09\/milei-y-el-agua.jpg",640,402,false],"1536x1536":["https:\/\/elfederalmendoza.com.ar\/wp-content\/uploads\/2023\/09\/milei-y-el-agua.jpg",786,494,false],"2048x2048":["https:\/\/elfederalmendoza.com.ar\/wp-content\/uploads\/2023\/09\/milei-y-el-agua.jpg",786,494,false],"ultp_layout_landscape_large":["https:\/\/elfederalmendoza.com.ar\/wp-content\/uploads\/2023\/09\/milei-y-el-agua.jpg",786,494,false],"ultp_layout_landscape":["https:\/\/elfederalmendoza.com.ar\/wp-content\/uploads\/2023\/09\/milei-y-el-agua.jpg",786,494,false],"ultp_layout_portrait":["https:\/\/elfederalmendoza.com.ar\/wp-content\/uploads\/2023\/09\/milei-y-el-agua-600x494.jpg",600,494,true],"ultp_layout_square":["https:\/\/elfederalmendoza.com.ar\/wp-content\/uploads\/2023\/09\/milei-y-el-agua-600x494.jpg",600,494,true],"rpwe-thumbnail":["https:\/\/elfederalmendoza.com.ar\/wp-content\/uploads\/2023\/09\/milei-y-el-agua-45x45.jpg",45,45,true],"advps-thumb-one":["https:\/\/elfederalmendoza.com.ar\/wp-content\/uploads\/2023\/09\/milei-y-el-agua-786x420.jpg",786,420,true]},"rttpg_author":{"display_name":"Redacci\u00f3n El Federal","author_link":"https:\/\/elfederalmendoza.com.ar\/index.php\/author\/angelflores\/"},"rttpg_comment":0,"rttpg_category":"<a href=\"https:\/\/elfederalmendoza.com.ar\/index.php\/category\/arg\/\" rel=\"category tag\">Argentina<\/a>","rttpg_excerpt":"El presidente electo Javier Milei adelant\u00f3 este domingo que tras asumir enviar\u00e1 al Congreso un paquete de reformas del Estado para empezar a atacar el problema inflacionario. Confirm\u00f3 que, para ello, llamar\u00e1 a sesiones extraordinarias: \u201cNo vamos a esperar a marzo a que vengan las ordinarias\u201d, explic\u00f3 al periodista Luis Majul, en La Cornisa. \u201cEl&hellip;","_links":{"self":[{"href":"https:\/\/elfederalmendoza.com.ar\/index.php\/wp-json\/wp\/v2\/posts\/29856","targetHints":{"allow":["GET"]}}],"collection":[{"href":"https:\/\/elfederalmendoza.com.ar\/index.php\/wp-json\/wp\/v2\/posts"}],"about":[{"href":"https:\/\/elfederalmendoza.com.ar\/index.php\/wp-json\/wp\/v2\/types\/post"}],"author":[{"embeddable":true,"href":"https:\/\/elfederalmendoza.com.ar\/index.php\/wp-json\/wp\/v2\/users\/2"}],"replies":[{"embeddable":true,"href":"https:\/\/elfederalmendoza.com.ar\/index.php\/wp-json\/wp\/v2\/comments?post=29856"}],"version-history":[{"count":1,"href":"https:\/\/elfederalmendoza.com.ar\/index.php\/wp-json\/wp\/v2\/posts\/29856\/revisions"}],"predecessor-version":[{"id":29858,"href":"https:\/\/elfederalmendoza.com.ar\/index.php\/wp-json\/wp\/v2\/posts\/29856\/revisions\/29858"}],"wp:featuredmedia":[{"embeddable":true,"href":"https:\/\/elfederalmendoza.com.ar\/index.php\/wp-json\/wp\/v2\/media\/27055"}],"wp:attachment":[{"href":"https:\/\/elfederalmendoza.com.ar\/index.php\/wp-json\/wp\/v2\/media?parent=29856"}],"wp:term":[{"taxonomy":"category","embeddable":true,"href":"https:\/\/elfederalmendoza.com.ar\/index.php\/wp-json\/wp\/v2\/categories?post=29856"},{"taxonomy":"post_tag","embeddable":true,"href":"https:\/\/elfederalmendoza.com.ar\/index.php\/wp-json\/wp\/v2\/tags?post=29856"}],"curies":[{"name":"wp","href":"https:\/\/api.w.org\/{rel}","templated":true}]}}