{"id":299,"date":"2019-11-19T18:32:50","date_gmt":"2019-11-19T21:32:50","guid":{"rendered":"https:\/\/elfederalmendoza.com\/?p=299"},"modified":"2019-11-19T18:38:09","modified_gmt":"2019-11-19T21:38:09","slug":"video-por-negligencias-le-mataron-a-su-bebe-y-luego-la-morgue-del-hospital-le-entrego-el-cuerpo-de-otro-bebe","status":"publish","type":"post","link":"https:\/\/elfederalmendoza.com.ar\/index.php\/2019\/11\/19\/video-por-negligencias-le-mataron-a-su-bebe-y-luego-la-morgue-del-hospital-le-entrego-el-cuerpo-de-otro-bebe\/","title":{"rendered":"-VIDEO- Por negligencias le mataron a su beba y luego la morgue del hospital le entregaron el cuerpo de otro beb\u00e9"},"content":{"rendered":"<p><strong>Florencia Yllanes Palermo<\/strong> fue mam\u00e1 de F\u00e1tima Catalina el 23 de septiembre. La beba naci\u00f3 prematura, con 800 gramos de peso, en el Hospital de la Madre y del Ni\u00f1o de la ciudad de La Rioja. Hasta el viernes 15 de noviembre estuvo internada en \u00e1rea de neonatolog\u00eda, en terapia intensiva, con asistencia respiratoria. El \u00faltimo viernes, cerca de las 13,\u00a0<strong>muri\u00f3 \u00abpor extubaci\u00f3n\u00bb<\/strong>; es decir, falta de ox\u00edgeno. Pesaba 1,5 kilos.<\/p>\n<p>Micaela, la hermana de Florencia, fue ese mismo\u00a0viernes por la tarde a la morgue del hospital. All\u00ed descubri\u00f3 que<strong>\u00a0el cuerpo de F\u00e1tima ya no estaba<\/strong>.\u00a0\u00abEl morguero le dijo: &#8216;<strong><em>Disculpe, por negligencia,<\/em>\u00a0<em>se lo entregamos a otra familia<\/em><\/strong><em>; esp\u00e9reme un minuto&#8217;<\/em>. Se fue y no apareci\u00f3 m\u00e1s\u00bb, le dice a\u00a0<strong>Clar\u00edn<\/strong> Florencia, entre l\u00e1grimas y bronca.<\/p>\n<div id=\"nl-box\">\n<div class=\"newsletter-embeb\">\n<article>\n<div class=\"bd\" style=\"text-align: left;\">\n<figure>Seg\u00fan pudo averiguar este medio, a trav\u00e9s de contactos brindados por elfederalonline.com, portal riojano,<strong>\u00a0F\u00e1tima ya hab\u00eda sido despedida y enterrada el mismo viernes por la otra familia<\/strong>, en Punta de los Llanos, a m\u00e1s de 100 kil\u00f3metros de la capital provincial.<\/figure>\n<p>&nbsp;<\/p>\n<p><iframe loading=\"lazy\" title=\"Medios Provincia - El desgarrador testimonio de Florencia\" width=\"640\" height=\"360\" src=\"https:\/\/www.youtube.com\/embed\/zVTSY6aic3k?feature=oembed\" frameborder=\"0\" allow=\"accelerometer; autoplay; clipboard-write; encrypted-media; gyroscope; picture-in-picture; web-share\" referrerpolicy=\"strict-origin-when-cross-origin\" allowfullscreen><\/iframe><\/p>\n<\/div>\n<\/article>\n<\/div>\n<\/div>\n<p>Video gentileza Medios Provincia y del periodista Daniel L\u00f3pez, La Rioja<\/p>\n<p>\u00ab\u00bfQui\u00e9n puede aguantar semejante cosa? Primero la negligencia de los enfermeros por la muerte de mi hija, y luego se la entregan a otra familia\u00bb, cuestiona\u00a0Florencia, quien no s\u00f3lo apunta los responsables por la entrega equivocada del cuerpo, sino tambi\u00e9n\u00a0al personal que deb\u00eda atender a su hija. Afirma que\u00a0no la cuidaron.\u00a0<strong>Que la dejaron morir.<\/strong><\/p>\n<p>De 26 a\u00f1os, Yllanes Palermo es\u00a0estudiante terciaria de Educaci\u00f3n Especial. Llev\u00f3 adelante sola su embarazo. F\u00e1tima naci\u00f3 con 26 semanas de gestaci\u00f3n y vivi\u00f3 53 d\u00edas. \u00ab<strong>Los m\u00e9dicos dicen que no hab\u00eda evolucionado, mentira<\/strong>; naci\u00f3 con 800 gramos y muri\u00f3 con 1,5 kilos. Tomaba leche por la sondita y le iban a sacar el respirador para probar su frecuencia card\u00edaca y su saturaci\u00f3n.\u00a0<strong>Pero no lleg\u00f3<\/strong>\u00ab.<\/p>\n<p>Florencia hace una pausa, respira hondo y\u00a0<strong>recupera fuerzas para denunciar al Hospital\u00a0<\/strong>de la Madre y del Ni\u00f1o: \u00ab<strong>A mi hija la mataron, la dejaron morir<\/strong>, si la hubiesen asistido hoy estar\u00eda aqu\u00ed conmigo\u00bb, descarga. \u00abNadie del hospital vino a verme ni me llam\u00f3 por tel\u00e9fono. Ni su director, Julio Fuentes, ni los m\u00e9dicos, ni la Ministra de Salud, Judith D\u00edaz Baz\u00e1n\u00bb.<\/p>\n<div class=\"sp__SM\">\n<div class=\"content-new \">\n<div class=\"mg\">\n<div class=\"wrap-figure\"><\/div>\n<\/div>\n<\/div>\n<\/div>\n<p>Florencia, que este martes ir\u00e1 a la fiscal\u00eda para interiorizarse para hacer la denuncia, no pierde el foco: \u00abLa m\u00e1xima responsabilidad en ese momento del cuidado de mi ni\u00f1a era de Nicol\u00e1s, el enfermero, pero todos son culpables porque\u00a0<strong>en la enfermer\u00eda nadie quiere trabajar<\/strong>, y no<strong>\u00a0<\/strong>es la primera vez que pasa esto, pero<strong>\u00a0nadie los supervisa<\/strong>\u00ab.<\/p>\n<p>La madre, que el a\u00f1o pasado perdi\u00f3 un embarazo de siete meses en el mismo hospital (\u00abme dijeron que fue por un aborto espont\u00e1neo; yo pagu\u00e9 una consulta particular y me aseguraron que no hay abortos espont\u00e1neos a los 7 meses de embarazo\u00bb)\u00a0<strong>conoce a la perfecci\u00f3n el movimiento interno de la terapia intensiva<\/strong>, porque estuvo all\u00ed\u00a0m\u00e1s de 50 noches.<\/p>\n<p>\u00abYo, y tambi\u00e9n otras madres que pasamos muchas semanas all\u00ed,\u00a0<strong>somos testigos del maltrato de los m\u00e9dicos<\/strong>, que\u00a0<strong>te ven sola y te ningunean<\/strong>, te menosprecian, te tratan de ignorante. Y de los enfermeros que te faltan el respeto cuando acud\u00eds a ellos,\u00a0<strong>bajan el volumen de las alarmas cuando pasa algo para no interrumpir sus fiestitas<\/strong>, se la pasan mirando videos en el celular, como pas\u00f3 con Nicol\u00e1s, que ten\u00eda que cuidar a F\u00e1tima\u00bb.<\/p>\n<div class=\"sp__Normal\">\n<div class=\"image-embeb image-trigger pointer\" data-index=\"2\">\n<figure><img decoding=\"async\" src=\"https:\/\/images.clarin.com\/2019\/11\/18\/florencia-junto-a-su-mama___k6vTg3zo_720x0__1.jpg\" alt=\"Florencia junto a su mam\u00e1 Ver\u00f3nica, semanas atr\u00e1s, cuando la peque\u00f1a F\u00e1tima evolucionaba favorablemente.\" data-big=\"https:\/\/images.clarin.com\/2019\/11\/18\/florencia-junto-a-su-mama___k6vTg3zo_720x0__1.jpg\" data-small=\"https:\/\/images.clarin.com\/2019\/11\/18\/florencia-junto-a-su-mama___k6vTg3zo_720x0__1.jpg\" data-observer-function=\"loadLazyImg\" \/><i class=\"fa fa-circle fa-stack-2x icon-background1\"><\/i><i class=\"fa fa-expand fa-stack-1x\"><\/i><\/figure>\n<p>Florencia junto a su mam\u00e1 Ver\u00f3nica, semanas atr\u00e1s, cuando la peque\u00f1a F\u00e1tima evolucionaba favorablemente.<\/p>\n<\/div>\n<\/div>\n<p>Yllanes Palermo describe que tiraba un colch\u00f3n en el piso y pasaba las noches junto a su hija para asistirla. \u00abS\u00ed,\u00a0<strong>yo la atend\u00eda, le tomaba la presi\u00f3n, la temperatura, la pesaba, le cambiaba el pa\u00f1al<\/strong>, cuando esa tarea la ten\u00edan que hacer los enfermeros. A veces me iba unas horas a mi casa para descansar un poco, o estudiar, y le dejaba todos los datos para que \u00e9l -en este caso, Nicol\u00e1s- completara la ficha\u00bb, revela con indignaci\u00f3n.<\/p>\n<p>A las dos de la ma\u00f1ana del viernes, Florencia dej\u00f3 a su hija F\u00e1tima tranquila, y aprovech\u00f3 para irse unas horas a estudiar (Educaci\u00f3n Especial) y recostarse un rato. Le avis\u00f3 a Nicol\u00e1s que se iba\u00a0<strong>pero \u00e9ste ni la registr\u00f3<\/strong>, \u00abestaba hipnotizado con su tel\u00e9fono\u00bb. Lleg\u00f3 a su casa, repas\u00f3 la tarea y se acost\u00f3 a las 4. \u00ab<strong>A las 4.30 son\u00f3\u00a0el tel\u00e9fono<\/strong>, era una de las madres que estaban en el hospital, que me pidi\u00f3\u00a0que fuera urgente, que F\u00e1tima estaba grave. Yo no entend\u00eda nada\u00bb.<\/p>\n<p>A las cinco menos cuarto lleg\u00f3 Florencia al hospital, pero esta vez la puerta de neonatologia estaba cerrada y el timbre desactivado.<strong>\u00a0A los gritos, pate\u00f3 la puerta, imaginando lo peor<\/strong>. \u00abMe abrieron y estaba m\u00e9dicos y enfermeros rodeando a F\u00e1tima, intentando hacer algo. Una m\u00e9dica me apart\u00f3, no me dej\u00f3 verla, y<strong>\u00a0me dijo que lo que pas\u00f3 con mi hija era algo l\u00f3gico<\/strong>. \u00a1\u00bfL\u00f3gico?! Mentirosos. Ahora se cubren. Ahora dir\u00e1n que ella estaba grav\u00edsima cuando me hab\u00edan dicho, y yo lo notaba, que la beba estaba en franca evoluci\u00f3n\u00bb.<\/p>\n<div class=\"sp__SM\">\n<div class=\"content-new \">\n<div class=\"mg\">\n<div class=\"wrap-figure\">\n<figure>\u00abNo me olvido m\u00e1s de ese instante, estaba a los gritos, les cuestionaba <strong>su manera de trabajar, su destrato, su desidia<\/strong>&#8230; Ellos dicen que la beba ten\u00eda una prematurez extrema, que no mientan. F\u00e1tima, como todo beb\u00e9, manote\u00f3 el respirador y se lo sac\u00f3.\u00a0<strong>Son\u00f3 la alarma mucho tiempo y nadie la atendi\u00f3<\/strong>. \u00bfPor qu\u00e9? Porque\u00a0<strong>el monitor estaba silenciado, yo mismo lo comprob\u00e9<\/strong>. Fati hizo dos paros card\u00edacos y muri\u00f3. Una muerte perfectamente evitable\u00bb.<\/figure>\n<\/div>\n<\/div>\n<\/div>\n<\/div>\n<p>Despu\u00e9s de toda esta pesadilla, el s\u00e1bado por la ma\u00f1ana Florencia\u00a0<strong>se enter\u00f3 por Internet de que al cuerpito de F\u00e1tima se lo hab\u00edan entregado a otros padres,<\/strong>\u00a0que hab\u00edan perdido un beb\u00e9 que el mismo viernes 15 naci\u00f3 muerte en ese hospital riojano. \u00abMi familia sab\u00eda de ese horror, de lo que hab\u00eda hecho el morguero, pero no me quisieron decir nada por temor a que no lo pudiera resistir\u00bb, comparte la joven, que est\u00e1 tomando calmantes.<\/p>\n<p>Yllanes Palermo pudo despedirse de su hijita en el cementerio municipal. \u00abVoy a empezar a trabajar cuanto antes\u00a0<strong>para poder pagar una parcela a mi beb\u00e9<\/strong>. Con mi familia s\u00f3lo pudimos hacernos cargo de una\u00a0<strong>compartida con dos fallecidos m\u00e1s\u00bb<\/strong>. Pagaron 25.000 pesos y necesitaba\u00a070.000.<\/p>\n<p><strong>Clar\u00edn<\/strong>\u00a0intent\u00f3 comunicarse con el director del Hospital de la Madre y del Ni\u00f1o, Julio Fuentes, quien\u00a0no respondi\u00f3 a llamadas ni a mensajes v\u00eda Whatsapp. Lo mismo que la Ministra de Salud provincial, Judith D\u00edaz Baz\u00e1n.<\/p>\n<div class=\"sp__SM\">\n<div class=\"content-new \">\n<div class=\"mg\">\n<div class=\"wrap-figure\"><\/div>\n<\/div>\n<div class=\"mt\">\n<h2><span style=\"font-size: 16px;\">Desde el hospital, emitieron un comunicado sobre la entrega equivocada del cuerpo: \u00abEn relaci\u00f3n a los hechos de p\u00fablico conocimiento, el Dr. Julio Fuentes, director m\u00e9dico del Hospital de la Madre y del Ni\u00f1o, expresa la m\u00e1s profunda aflicci\u00f3n por el grave hecho que involucra el dolor de dos familias riojanas, ordenando el inmediato inicio de sumario administrativo a las personas involucradas.\u00bb<\/span><\/h2>\n<\/div>\n<\/div>\n<\/div>\n<div class=\"sp__Normal\">\n<div class=\"image-embeb image-trigger pointer\" data-index=\"3\">\n<figure><img decoding=\"async\" src=\"https:\/\/images.clarin.com\/2019\/11\/18\/el-hospital-de-la-madre___TiYjfYc9_720x0__1.jpg\" alt=\"El Hospital de la Madre y del Ni\u00f1o admiti\u00f3 el error de la entrega del cuerpo de F\u00e1tima a otros padres. &quot;Ordenamos el inmediato inicio de sumario a las personas involucradas&quot;..\" data-big=\"https:\/\/images.clarin.com\/2019\/11\/18\/el-hospital-de-la-madre___TiYjfYc9_720x0__1.jpg\" data-small=\"https:\/\/images.clarin.com\/2019\/11\/18\/el-hospital-de-la-madre___TiYjfYc9_720x0__1.jpg\" data-observer-function=\"loadLazyImg\" \/><i class=\"fa fa-circle fa-stack-2x icon-background1\"><\/i><i class=\"fa fa-expand fa-stack-1x\"><\/i><\/figure>\n<p>El Hospital de la Madre y del Ni\u00f1o admiti\u00f3 el error de la entrega del cuerpo de F\u00e1tima a otros padres. \u00abOrdenamos el inmediato inicio de sumario a las personas involucradas\u00bb..<\/p>\n<\/div>\n<\/div>\n<p>\u00abEl \u00e1rea de la morgue del nosocomio ocurri\u00f3 en error en la entrega de los cuerpos, por lo que debi\u00f3 intervenir medicina legal el director m\u00e9dico, comisar\u00eda 6ta, comisar\u00eda de Punta de los Llanos y Juez de instrucci\u00f3n Dr. Barr\u00eda.\u00bb, dice.<\/p>\n<p>Seg\u00fan explica el texto, ese mismo viernes 15 hubo un\u00a0\u00abparto prematuro de un no nato, a las 12.50\u00bb y un familiar retir\u00f3 el cuerpo, sin saber que era el de F\u00e1tima Catalina.<\/p>\n<p>Y agrega: \u00abEl Director m\u00e9dico del HMYN, Dr. Julio Fuentes, junto al Departamento Jur\u00eddico, Dra. Sanchez y Dr. C\u00e1ceres, dio inicio inmediato a sumario correspondiente para determinar las responsabilidades de cada una de las personas involucradas que finalizar\u00e1 con el resumen sumarial y las medidas disciplinarias correspondientes.\u00bb<\/p>\n<p>Clar\u00edn<\/p>\n","protected":false},"excerpt":{"rendered":"<p>Florencia Yllanes Palermo fue mam\u00e1 de F\u00e1tima Catalina el 23 de septiembre. La beba naci\u00f3 prematura, con 800 gramos de peso, en el Hospital de la Madre y del Ni\u00f1o de la ciudad de La Rioja. Hasta el viernes 15 de noviembre estuvo internada en \u00e1rea de neonatolog\u00eda, en terapia intensiva, con asistencia respiratoria. El<a class=\"read-more\" href=\"https:\/\/elfederalmendoza.com.ar\/index.php\/2019\/11\/19\/video-por-negligencias-le-mataron-a-su-bebe-y-luego-la-morgue-del-hospital-le-entrego-el-cuerpo-de-otro-bebe\/\"> [&hellip;]<\/a><\/p>\n","protected":false},"author":2,"featured_media":300,"comment_status":"open","ping_status":"open","sticky":false,"template":"","format":"video","meta":{"footnotes":""},"categories":[1],"tags":[151,152,150,153],"class_list":["post-299","post","type-post","status-publish","format-video","has-post-thumbnail","hentry","category-mza","tag-bebe","tag-hospital","tag-la-rioja","tag-mala-praxis","post_format-post-format-video"],"rttpg_featured_image_url":{"full":["https:\/\/elfederalmendoza.com.ar\/wp-content\/uploads\/2019\/11\/florencia6.jpg",612,557,false],"landscape":["https:\/\/elfederalmendoza.com.ar\/wp-content\/uploads\/2019\/11\/florencia6.jpg",612,557,false],"portraits":["https:\/\/elfederalmendoza.com.ar\/wp-content\/uploads\/2019\/11\/florencia6.jpg",612,557,false],"thumbnail":["https:\/\/elfederalmendoza.com.ar\/wp-content\/uploads\/2019\/11\/florencia6-150x150.jpg",150,150,true],"medium":["https:\/\/elfederalmendoza.com.ar\/wp-content\/uploads\/2019\/11\/florencia6-300x273.jpg",300,273,true],"large":["https:\/\/elfederalmendoza.com.ar\/wp-content\/uploads\/2019\/11\/florencia6.jpg",612,557,false],"1536x1536":["https:\/\/elfederalmendoza.com.ar\/wp-content\/uploads\/2019\/11\/florencia6.jpg",612,557,false],"2048x2048":["https:\/\/elfederalmendoza.com.ar\/wp-content\/uploads\/2019\/11\/florencia6.jpg",612,557,false],"ultp_layout_landscape_large":["https:\/\/elfederalmendoza.com.ar\/wp-content\/uploads\/2019\/11\/florencia6.jpg",612,557,false],"ultp_layout_landscape":["https:\/\/elfederalmendoza.com.ar\/wp-content\/uploads\/2019\/11\/florencia6.jpg",612,557,false],"ultp_layout_portrait":["https:\/\/elfederalmendoza.com.ar\/wp-content\/uploads\/2019\/11\/florencia6.jpg",600,546,false],"ultp_layout_square":["https:\/\/elfederalmendoza.com.ar\/wp-content\/uploads\/2019\/11\/florencia6.jpg",600,546,false],"rpwe-thumbnail":["https:\/\/elfederalmendoza.com.ar\/wp-content\/uploads\/2019\/11\/florencia6-45x45.jpg",45,45,true],"advps-thumb-one":["https:\/\/elfederalmendoza.com.ar\/wp-content\/uploads\/2019\/11\/florencia6-600x220.jpg",600,220,true]},"rttpg_author":{"display_name":"Redacci\u00f3n El Federal","author_link":"https:\/\/elfederalmendoza.com.ar\/index.php\/author\/angelflores\/"},"rttpg_comment":0,"rttpg_category":"<a href=\"https:\/\/elfederalmendoza.com.ar\/index.php\/category\/mza\/\" rel=\"category tag\">Mendoza<\/a>","rttpg_excerpt":"Florencia Yllanes Palermo fue mam\u00e1 de F\u00e1tima Catalina el 23 de septiembre. La beba naci\u00f3 prematura, con 800 gramos de peso, en el Hospital de la Madre y del Ni\u00f1o de la ciudad de La Rioja. Hasta el viernes 15 de noviembre estuvo internada en \u00e1rea de neonatolog\u00eda, en terapia intensiva, con asistencia respiratoria. El&hellip;","_links":{"self":[{"href":"https:\/\/elfederalmendoza.com.ar\/index.php\/wp-json\/wp\/v2\/posts\/299","targetHints":{"allow":["GET"]}}],"collection":[{"href":"https:\/\/elfederalmendoza.com.ar\/index.php\/wp-json\/wp\/v2\/posts"}],"about":[{"href":"https:\/\/elfederalmendoza.com.ar\/index.php\/wp-json\/wp\/v2\/types\/post"}],"author":[{"embeddable":true,"href":"https:\/\/elfederalmendoza.com.ar\/index.php\/wp-json\/wp\/v2\/users\/2"}],"replies":[{"embeddable":true,"href":"https:\/\/elfederalmendoza.com.ar\/index.php\/wp-json\/wp\/v2\/comments?post=299"}],"version-history":[{"count":5,"href":"https:\/\/elfederalmendoza.com.ar\/index.php\/wp-json\/wp\/v2\/posts\/299\/revisions"}],"predecessor-version":[{"id":306,"href":"https:\/\/elfederalmendoza.com.ar\/index.php\/wp-json\/wp\/v2\/posts\/299\/revisions\/306"}],"wp:featuredmedia":[{"embeddable":true,"href":"https:\/\/elfederalmendoza.com.ar\/index.php\/wp-json\/wp\/v2\/media\/300"}],"wp:attachment":[{"href":"https:\/\/elfederalmendoza.com.ar\/index.php\/wp-json\/wp\/v2\/media?parent=299"}],"wp:term":[{"taxonomy":"category","embeddable":true,"href":"https:\/\/elfederalmendoza.com.ar\/index.php\/wp-json\/wp\/v2\/categories?post=299"},{"taxonomy":"post_tag","embeddable":true,"href":"https:\/\/elfederalmendoza.com.ar\/index.php\/wp-json\/wp\/v2\/tags?post=299"}],"curies":[{"name":"wp","href":"https:\/\/api.w.org\/{rel}","templated":true}]}}