{"id":307,"date":"2019-11-19T18:51:40","date_gmt":"2019-11-19T21:51:40","guid":{"rendered":"https:\/\/elfederalmendoza.com\/?p=307"},"modified":"2019-11-19T18:51:40","modified_gmt":"2019-11-19T21:51:40","slug":"amado-boudou-soy-inocente-lo-unico-que-hice-fue-defender-a-los-argentinos-a-los-jubilados","status":"publish","type":"post","link":"https:\/\/elfederalmendoza.com.ar\/index.php\/2019\/11\/19\/amado-boudou-soy-inocente-lo-unico-que-hice-fue-defender-a-los-argentinos-a-los-jubilados\/","title":{"rendered":"Amado Boudou: \u201cSoy inocente, lo \u00fanico que hice fue defender a los argentinos, a los jubilados\u201d"},"content":{"rendered":"<p>Desde el penal de Ezeiza, adem\u00e1s, el ex vicepresidente critic\u00f3 a Mauricio Macri: \u201cSe rob\u00f3 el pa\u00eds junto a sus amigos\u201d, afirm\u00f3.<\/p>\n<p>El ex vicepresidente\u00a0<b>Amado Boudou<\/b>, condenado por el caso Ciccone y detenido en el penal de Ezeiza, se refiri\u00f3 hoy al nuevo proceso pol\u00edtico que se iniciar\u00e1 el pr\u00f3ximo 10 de diciembre con el gobierno de\u00a0<b>Alberto Fern\u00e1ndez<\/b>, calific\u00f3 de \u201c<mark class=\"hl_yellow\">horrible<\/mark>\u201d la gesti\u00f3n de\u00a0<b>Mauricio Macri\u00a0<\/b>como presidente y se defendi\u00f3: \u201c<mark class=\"hl_yellow\">Soy inocente, lo \u00fanico que hice defender a los argentinos, a los jubilados<\/mark>\u201d.<\/p>\n<div class=\"row pb-content-type-text\">\n<div class=\"col-xs-12 col-print-12\">\n<p class=\"element element-paragraph\">\u201cLos argentinos tenemos la oportunidad de revertir algo horrible, que fueron estos cuatro a\u00f1os de macrismo, pero la contracara de lo horrible es que es la primera vez en la historia que un proceso tan destructivo dura solo cuatro a\u00f1os y vuelve el campo popular\u201d, afirm\u00f3 Boudou, que este martes cumple 57 a\u00f1os.<\/p>\n<\/div>\n<\/div>\n<div class=\"row pb-content-type-text\">\n<div class=\"col-xs-12 col-print-12\">\n<p class=\"element element-paragraph\">En este sentido, agreg\u00f3 que la crisis econ\u00f3mica generada por el Gobierno \u201cno se va a solucionar sin mucho esfuerzo, sin mucha pasi\u00f3n, y sin cambios estructurales de fondo que reviertan los mecanismos mediante los cuales Macri junto a sus amigos se rob\u00f3 el pa\u00eds a trav\u00e9s de los servicios p\u00fablicos, a trav\u00e9s de las tarifas\u201d.<\/p>\n<\/div>\n<\/div>\n<div class=\"row pb-content-type-text\">\n<div class=\"col-xs-12 col-print-12\">\n<p class=\"element element-paragraph\">Boudou, en di\u00e1logo con radio\u00a0<i>AM 530<\/i>, y consultado sobre su situaci\u00f3n personal y la de otros ex funcionarios detenidos por diversos casos de corrupci\u00f3n en la funci\u00f3n p\u00fablica, se\u00f1al\u00f3: \u201c<mark class=\"hl_yellow\">Somos inocentes y objetos de una persecuci\u00f3n para que no se hable de lo que se tiene que hablar<\/mark>\u201d.<\/p>\n<\/div>\n<\/div>\n<div class=\"row pb-content-type-text\">\n<div class=\"col-xs-12 col-print-12\">\n<p class=\"element element-paragraph\">\u201cMiro para atr\u00e1s y veo lo que fue mi detenci\u00f3n, el montaje; montaron una foto para que saliera como un trofeo de caza, y la verdad son cosas dolorosas, pero no me iban a sacar con la cabeza gacha. Soy inocente, lo \u00fanico que hice defender a los argentinos, a los jubilados, y formar parte de un gobierno que no tiene nada de lo que arrepentirse\u201d, a\u00f1adi\u00f3.<\/p>\n<\/div>\n<\/div>\n<div class=\"row pb-content-type-image\">\n<figure class=\"element element-image col-xs-12\">\n<div class=\"single-image\">\n<div class=\"shares\">\n<div class=\"share-button facebook\" data-url=\"https:\/\/www.infobae.com\/politica\/2019\/11\/19\/amado-boudou-soy-inocente-lo-unico-que-hice-defender-a-los-argentinos-a-los-jubilados\/%23C74WKYMEDFDIPATHAVKXLOIOUU\" data-original=\"https:\/\/arc-anglerfish-arc2-prod-infobae.s3.amazonaws.com\/public\/C74WKYMEDFDIPATHAVKXLOIOUU.jpg\"><\/div>\n<\/div>\n<p><img decoding=\"async\" id=\"C74WKYMEDFDIPATHAVKXLOIOUU\" class=\"image-lazy\" src=\"https:\/\/www.infobae.com\/new-resizer\/RKhEa1ORkzGPoNl-xuNd4ky5TPA=\/750x0\/filters:quality(100)\/arc-anglerfish-arc2-prod-infobae.s3.amazonaws.com\/public\/C74WKYMEDFDIPATHAVKXLOIOUU.jpg\" alt=\"Amado Boudou, en una salida del penal de Ezeiza antes de la condena por el caso Ciccone (Gustavo Gavotti)\" width=\"750\" height=\"421.484375\" data-url=\"https:\/\/www.infobae.com\/politica\/2019\/11\/19\/amado-boudou-soy-inocente-lo-unico-que-hice-defender-a-los-argentinos-a-los-jubilados\/%23C74WKYMEDFDIPATHAVKXLOIOUU\" data-original=\"https:\/\/www.infobae.com\/new-resizer\/RKhEa1ORkzGPoNl-xuNd4ky5TPA=\/750x0\/filters:quality(100)\/arc-anglerfish-arc2-prod-infobae.s3.amazonaws.com\/public\/C74WKYMEDFDIPATHAVKXLOIOUU.jpg\" \/><\/div><figcaption class=\"\"><span class=\"credit\">Amado Boudou, en una salida del penal de Ezeiza antes de la condena por el caso Ciccone (Gustavo Gavotti)<\/span><\/figcaption><\/figure>\n<\/div>\n<div class=\"row pb-content-type-text\">\n<div class=\"col-xs-12 col-print-12\">\n<p class=\"element element-paragraph\">Para el ex vicepresidente, Alberto Fern\u00e1ndez deber\u00e1 armar \u201calgo que funcione de 10 y que les sirva a los argentinos, y que en lugar de llamarse el mejor equipo de los \u00faltimos 50 a\u00f1os sean las mejores pol\u00edticas de los \u00faltimos 50 a\u00f1os, que contin\u00faen en el rumbo de los 12 a\u00f1os de N\u00e9stor y Cristina Kirchner\u201d. \u201cEn agenda est\u00e1 volver a un sistema que distribuya mejor, porque hoy el centro de extracci\u00f3n de valor de una sociedad es el sistema de servicios p\u00fablicos\u00bb, consider\u00f3.<\/p>\n<\/div>\n<\/div>\n<div class=\"row pb-content-type-text\">\n<div class=\"col-xs-12 col-print-12\">\n<p class=\"element element-paragraph\">Las declaraciones de Boudou tienen lugar en medio de la discusi\u00f3n sobre las prisiones preventivas,\u00a0figura legal por la cual estuvo detenido durante un tiempo prolongado hasta su condena por el caso Ciccone.<\/p>\n<\/div>\n<\/div>\n<div class=\"row pb-content-type-text\">\n<div class=\"col-xs-12 col-print-12\">\n<p class=\"element element-paragraph\">El Gobierno public\u00f3 este martes en el Bolet\u00edn Oficial la Resoluci\u00f3n 2\/2019, que ordena implementar en \u201clos tribunales con competencia en materia penal de todas las jurisdicciones federales del territorio nacional\u201d gran parte del nuevo C\u00f3digo Procesal en el que, entre otras cosas, se plantean l\u00edmites al uso de las prisiones preventivas y comenzar\u00e1 a regir este viernes.<\/p>\n<\/div>\n<\/div>\n<div class=\"row pb-content-type-text\">\n<div class=\"col-xs-12 col-print-12\">\n<p class=\"element element-paragraph\">Actualmente, el criterio general para dictar la detenci\u00f3n de un sospechoso surge de un fallo plenario de la C\u00e1mara de Casaci\u00f3n (D\u00edaz Bessone) que dispone utilizar esta herramienta cuando se verifique peligro de fuga o riesgo de entorpecimiento de la investigaci\u00f3n. Sin embargo, los jueces suelen tener distintos criterios para encasillar cada caso concreto. Con el objetivo de terminar con la arbitrariedad, el C\u00f3digo \u201cfij\u00f3 pautas concretas para regular las restricciones a la libertad durante el proceso\u00bb, que acotan el margen de interpretaci\u00f3n de los magistrados.<\/p>\n<\/div>\n<\/div>\n","protected":false},"excerpt":{"rendered":"<p>Desde el penal de Ezeiza, adem\u00e1s, el ex vicepresidente critic\u00f3 a Mauricio Macri: \u201cSe rob\u00f3 el pa\u00eds junto a sus amigos\u201d, afirm\u00f3. El ex vicepresidente\u00a0Amado Boudou, condenado por el caso Ciccone y detenido en el penal de Ezeiza, se refiri\u00f3 hoy al nuevo proceso pol\u00edtico que se iniciar\u00e1 el pr\u00f3ximo 10 de diciembre con el<a class=\"read-more\" href=\"https:\/\/elfederalmendoza.com.ar\/index.php\/2019\/11\/19\/amado-boudou-soy-inocente-lo-unico-que-hice-fue-defender-a-los-argentinos-a-los-jubilados\/\"> [&hellip;]<\/a><\/p>\n","protected":false},"author":2,"featured_media":308,"comment_status":"open","ping_status":"open","sticky":false,"template":"","format":"image","meta":{"footnotes":""},"categories":[1],"tags":[155,28,154],"class_list":["post-307","post","type-post","status-publish","format-image","has-post-thumbnail","hentry","category-mza","tag-amado-boudou","tag-carcel","tag-ezeiza","post_format-post-format-image"],"rttpg_featured_image_url":{"full":["https:\/\/elfederalmendoza.com.ar\/wp-content\/uploads\/2019\/11\/0002923210.jpg",770,433,false],"landscape":["https:\/\/elfederalmendoza.com.ar\/wp-content\/uploads\/2019\/11\/0002923210.jpg",770,433,false],"portraits":["https:\/\/elfederalmendoza.com.ar\/wp-content\/uploads\/2019\/11\/0002923210.jpg",770,433,false],"thumbnail":["https:\/\/elfederalmendoza.com.ar\/wp-content\/uploads\/2019\/11\/0002923210-150x150.jpg",150,150,true],"medium":["https:\/\/elfederalmendoza.com.ar\/wp-content\/uploads\/2019\/11\/0002923210-300x169.jpg",300,169,true],"large":["https:\/\/elfederalmendoza.com.ar\/wp-content\/uploads\/2019\/11\/0002923210.jpg",640,360,false],"1536x1536":["https:\/\/elfederalmendoza.com.ar\/wp-content\/uploads\/2019\/11\/0002923210.jpg",770,433,false],"2048x2048":["https:\/\/elfederalmendoza.com.ar\/wp-content\/uploads\/2019\/11\/0002923210.jpg",770,433,false],"ultp_layout_landscape_large":["https:\/\/elfederalmendoza.com.ar\/wp-content\/uploads\/2019\/11\/0002923210.jpg",770,433,false],"ultp_layout_landscape":["https:\/\/elfederalmendoza.com.ar\/wp-content\/uploads\/2019\/11\/0002923210.jpg",770,433,false],"ultp_layout_portrait":["https:\/\/elfederalmendoza.com.ar\/wp-content\/uploads\/2019\/11\/0002923210.jpg",600,337,false],"ultp_layout_square":["https:\/\/elfederalmendoza.com.ar\/wp-content\/uploads\/2019\/11\/0002923210.jpg",600,337,false],"rpwe-thumbnail":["https:\/\/elfederalmendoza.com.ar\/wp-content\/uploads\/2019\/11\/0002923210-45x45.jpg",45,45,true],"advps-thumb-one":["https:\/\/elfederalmendoza.com.ar\/wp-content\/uploads\/2019\/11\/0002923210-600x220.jpg",600,220,true]},"rttpg_author":{"display_name":"Redacci\u00f3n El Federal","author_link":"https:\/\/elfederalmendoza.com.ar\/index.php\/author\/angelflores\/"},"rttpg_comment":0,"rttpg_category":"<a href=\"https:\/\/elfederalmendoza.com.ar\/index.php\/category\/mza\/\" rel=\"category tag\">Mendoza<\/a>","rttpg_excerpt":"Desde el penal de Ezeiza, adem\u00e1s, el ex vicepresidente critic\u00f3 a Mauricio Macri: \u201cSe rob\u00f3 el pa\u00eds junto a sus amigos\u201d, afirm\u00f3. El ex vicepresidente\u00a0Amado Boudou, condenado por el caso Ciccone y detenido en el penal de Ezeiza, se refiri\u00f3 hoy al nuevo proceso pol\u00edtico que se iniciar\u00e1 el pr\u00f3ximo 10 de diciembre con el&hellip;","_links":{"self":[{"href":"https:\/\/elfederalmendoza.com.ar\/index.php\/wp-json\/wp\/v2\/posts\/307","targetHints":{"allow":["GET"]}}],"collection":[{"href":"https:\/\/elfederalmendoza.com.ar\/index.php\/wp-json\/wp\/v2\/posts"}],"about":[{"href":"https:\/\/elfederalmendoza.com.ar\/index.php\/wp-json\/wp\/v2\/types\/post"}],"author":[{"embeddable":true,"href":"https:\/\/elfederalmendoza.com.ar\/index.php\/wp-json\/wp\/v2\/users\/2"}],"replies":[{"embeddable":true,"href":"https:\/\/elfederalmendoza.com.ar\/index.php\/wp-json\/wp\/v2\/comments?post=307"}],"version-history":[{"count":1,"href":"https:\/\/elfederalmendoza.com.ar\/index.php\/wp-json\/wp\/v2\/posts\/307\/revisions"}],"predecessor-version":[{"id":309,"href":"https:\/\/elfederalmendoza.com.ar\/index.php\/wp-json\/wp\/v2\/posts\/307\/revisions\/309"}],"wp:featuredmedia":[{"embeddable":true,"href":"https:\/\/elfederalmendoza.com.ar\/index.php\/wp-json\/wp\/v2\/media\/308"}],"wp:attachment":[{"href":"https:\/\/elfederalmendoza.com.ar\/index.php\/wp-json\/wp\/v2\/media?parent=307"}],"wp:term":[{"taxonomy":"category","embeddable":true,"href":"https:\/\/elfederalmendoza.com.ar\/index.php\/wp-json\/wp\/v2\/categories?post=307"},{"taxonomy":"post_tag","embeddable":true,"href":"https:\/\/elfederalmendoza.com.ar\/index.php\/wp-json\/wp\/v2\/tags?post=307"}],"curies":[{"name":"wp","href":"https:\/\/api.w.org\/{rel}","templated":true}]}}