{"id":30825,"date":"2024-01-02T08:34:02","date_gmt":"2024-01-02T11:34:02","guid":{"rendered":"https:\/\/elfederalmendoza.com\/?p=30825"},"modified":"2024-01-02T08:34:03","modified_gmt":"2024-01-02T11:34:03","slug":"luis-petri-decidio-pasar-ano-nuevo-cenando-con-la-guardia-del-colegio-militar","status":"publish","type":"post","link":"https:\/\/elfederalmendoza.com.ar\/index.php\/2024\/01\/02\/luis-petri-decidio-pasar-ano-nuevo-cenando-con-la-guardia-del-colegio-militar\/","title":{"rendered":"Luis Petri decidi\u00f3 pasar A\u00f1o Nuevo cenando con la guardia del Colegio Militar"},"content":{"rendered":"\n<p>El ministro de Defensa, el mendocino Luis Petri, termin\u00f3 el 2023 cenando con j\u00f3venes militares de la guardia del Colegio Militar. Al brindis se sum\u00f3 tambi\u00e9n su pareja, Cristina P\u00e9rez.<\/p>\n\n\n\n<p>A m\u00e1s de 1.000 kil\u00f3metros de su familia mendocina,\u00a0el ministro de Defensa, Luis Petri<strong>, decidi\u00f3 pasar fin de a\u00f1o cenando con un grupo de militares de la guardia del Colegio Militar.<\/strong><\/p>\n\n\n\n<p>El funcionario nacional, junto a su pareja la periodista Cristina P\u00e9rez, se mostraron compartiendo la cena y el brindis con varios uniformados que cumpl\u00edan su labor en esa instituci\u00f3n de formaci\u00f3n militar y lo mostr\u00f3 en un posteo en su red social X.<\/p>\n\n\n\n<figure class=\"wp-block-image\"><img decoding=\"async\" src=\"https:\/\/media.diariouno.com.ar\/p\/bac05bc4a8d205104b0cc4965d38d89f\/adjuntos\/298\/imagenes\/009\/277\/0009277126\/1200x0\/smart\/luis-petri-cena-fin-ano-colegio-militar-2jpg.jpg\" alt=\"El ministro de Defensa, Luis Petri, decidi\u00f3 pasar fin de a\u00f1o con los uniformados del Colegio Militar de la Naci\u00f3n.\" title=\"\"\/><\/figure>\n\n\n\n<p>El ministro de Defensa, Luis Petri, decidi\u00f3 pasar fin de a\u00f1o con los uniformados del Colegio Militar de la Naci\u00f3n. Foto: X @luispetri<\/p>\n\n\n\n<p>\u00abNo olvidaremos este a\u00f1o nuevo que compartimos junto a la guardia del Colegio Militar\u00bb, poste\u00f3 el ministro y comparti\u00f3 fotos y videos con los militares del Ej\u00e9rcito, a quienes dijo les llev\u00f3 el saludo del presidente Javier Milei.<\/p>\n\n\n\n<figure class=\"wp-block-image\"><img decoding=\"async\" src=\"https:\/\/media.diariouno.com.ar\/p\/2168b973cf9469e591fade8492d7c69b\/adjuntos\/298\/imagenes\/009\/277\/0009277117\/1200x0\/smart\/luis-petri-brinda-la-guardia-del-colegio-militarpng.png\" alt=\"\" title=\"\"\/><\/figure>\n\n\n\n<p>El gesto del ministro pareci\u00f3 sorprender a los militares que t\u00edmidamente se fueron plegando al brindis.<\/p>\n\n\n\n<p>El Colegio Militar de la Naci\u00f3n es una instituci\u00f3n de formaci\u00f3n que depende del Ej\u00e9rcito Argentino y que tiene la misi\u00f3n de formar a los futuros oficiales del Cuerpo Comando y del Cuerpo Profesional, capacit\u00e1ndolos para ejercer el mando de la fracci\u00f3n b\u00e1sica de su arma, especialidad o servicio.<\/p>\n\n\n\n<h2 class=\"wp-block-heading\">Petri quiere reivindicar a las Fuerzas Armadas, \u00abque no son las de los &#8217;70\u00bb<\/h2>\n\n\n\n<p>En su reciente paso por el programa de Mirtha Legrand, Luis Petri evalu\u00f3 que la Defensa \u00abest\u00e1 devastada\u00bb y asegur\u00f3 que, durante a\u00f1os, las Fuerzas Armadas&nbsp;<strong>\u00abfueron desprestigiadas y maltratadas\u00bb&nbsp;<\/strong>por la dirigencia pol\u00edtica.<\/p>\n\n\n\n<p><strong>\u00abVamos a revindicar a las Fuerzas Armadas que no son las de los &#8217;70, son las de la democracia y la Constituci\u00f3n.&nbsp;<\/strong>Tenemos que estar orgullosos de ellas\u00bb, subray\u00f3 el ministro.<\/p>\n\n\n\n<p>Petri confirm\u00f3 que uno de los objetivos de la pol\u00edtica de Defensa es volver a contar con aviones de combate que \u00abtengan capacidad supers\u00f3nica\u00bb, y asegur\u00f3 que hay negociaciones en ese sentido con varios pa\u00edses para adquirir esas aeronaves.<\/p>\n\n\n\n<p>Petri tambi\u00e9n se pronunci\u00f3 en favor de cambiar el marco legal actual para que las Fuerzas Armadas puedan repeler una agresi\u00f3n que surja internamente.<\/p>\n\n\n\n<p><strong>\u00abTenemos que estar preparados para combatir al terrorismo y los ciberataques.&nbsp;<\/strong>Hay que darle a las Fuerzas Armadas un marco para que puedan actuar contra esas amenazas. Hasta hace poco, no pod\u00edan honrar a sus muertos. Y tambi\u00e9n vamos a prohibir el lenguaje inclusivo para reforzar la disciplina\u00bb, puntualiz\u00f3 Petri.<\/p>\n\n\n\n<p><strong>\u00abEl protocolo antipiquetes es algo muy elevado y concreto.&nbsp;<\/strong>Queremos que se cumpla la ley, y eso no puede discutirse m\u00e1s. No deber\u00eda haber violencia porque estamos ante un gobierno que reci\u00e9n empez\u00f3 y la gente quiera que se cumpla la ley\u00bb, se\u00f1al\u00f3 Adorni al participar junto a Petri del programa de Mirtha Legrand que se emite por Canal 13.<\/p>\n","protected":false},"excerpt":{"rendered":"<p>El ministro de Defensa, el mendocino Luis Petri, termin\u00f3 el 2023 cenando con j\u00f3venes militares de la guardia del Colegio Militar. Al brindis se sum\u00f3 tambi\u00e9n su pareja, Cristina P\u00e9rez. A m\u00e1s de 1.000 kil\u00f3metros de su familia mendocina,\u00a0el ministro de Defensa, Luis Petri, decidi\u00f3 pasar fin de a\u00f1o cenando con un grupo de militares<a class=\"read-more\" href=\"https:\/\/elfederalmendoza.com.ar\/index.php\/2024\/01\/02\/luis-petri-decidio-pasar-ano-nuevo-cenando-con-la-guardia-del-colegio-militar\/\"> [&hellip;]<\/a><\/p>\n","protected":false},"author":2,"featured_media":30827,"comment_status":"open","ping_status":"open","sticky":false,"template":"","format":"standard","meta":{"footnotes":""},"categories":[5618],"tags":[],"class_list":["post-30825","post","type-post","status-publish","format-standard","has-post-thumbnail","hentry","category-arg"],"rttpg_featured_image_url":{"full":["https:\/\/elfederalmendoza.com.ar\/wp-content\/uploads\/2024\/01\/PETRI.jpg",1262,713,false],"landscape":["https:\/\/elfederalmendoza.com.ar\/wp-content\/uploads\/2024\/01\/PETRI.jpg",1262,713,false],"portraits":["https:\/\/elfederalmendoza.com.ar\/wp-content\/uploads\/2024\/01\/PETRI.jpg",1262,713,false],"thumbnail":["https:\/\/elfederalmendoza.com.ar\/wp-content\/uploads\/2024\/01\/PETRI-150x150.jpg",150,150,true],"medium":["https:\/\/elfederalmendoza.com.ar\/wp-content\/uploads\/2024\/01\/PETRI-300x169.jpg",300,169,true],"large":["https:\/\/elfederalmendoza.com.ar\/wp-content\/uploads\/2024\/01\/PETRI-1024x579.jpg",640,362,true],"1536x1536":["https:\/\/elfederalmendoza.com.ar\/wp-content\/uploads\/2024\/01\/PETRI.jpg",1262,713,false],"2048x2048":["https:\/\/elfederalmendoza.com.ar\/wp-content\/uploads\/2024\/01\/PETRI.jpg",1262,713,false],"ultp_layout_landscape_large":["https:\/\/elfederalmendoza.com.ar\/wp-content\/uploads\/2024\/01\/PETRI-1200x713.jpg",1200,713,true],"ultp_layout_landscape":["https:\/\/elfederalmendoza.com.ar\/wp-content\/uploads\/2024\/01\/PETRI-870x570.jpg",870,570,true],"ultp_layout_portrait":["https:\/\/elfederalmendoza.com.ar\/wp-content\/uploads\/2024\/01\/PETRI-600x713.jpg",600,713,true],"ultp_layout_square":["https:\/\/elfederalmendoza.com.ar\/wp-content\/uploads\/2024\/01\/PETRI-600x600.jpg",600,600,true],"rpwe-thumbnail":["https:\/\/elfederalmendoza.com.ar\/wp-content\/uploads\/2024\/01\/PETRI-45x45.jpg",45,45,true],"advps-thumb-one":["https:\/\/elfederalmendoza.com.ar\/wp-content\/uploads\/2024\/01\/PETRI-1200x420.jpg",1200,420,true]},"rttpg_author":{"display_name":"Redacci\u00f3n El Federal","author_link":"https:\/\/elfederalmendoza.com.ar\/index.php\/author\/angelflores\/"},"rttpg_comment":0,"rttpg_category":"<a href=\"https:\/\/elfederalmendoza.com.ar\/index.php\/category\/arg\/\" rel=\"category tag\">Argentina<\/a>","rttpg_excerpt":"El ministro de Defensa, el mendocino Luis Petri, termin\u00f3 el 2023 cenando con j\u00f3venes militares de la guardia del Colegio Militar. Al brindis se sum\u00f3 tambi\u00e9n su pareja, Cristina P\u00e9rez. A m\u00e1s de 1.000 kil\u00f3metros de su familia mendocina,\u00a0el ministro de Defensa, Luis Petri, decidi\u00f3 pasar fin de a\u00f1o cenando con un grupo de militares&hellip;","_links":{"self":[{"href":"https:\/\/elfederalmendoza.com.ar\/index.php\/wp-json\/wp\/v2\/posts\/30825","targetHints":{"allow":["GET"]}}],"collection":[{"href":"https:\/\/elfederalmendoza.com.ar\/index.php\/wp-json\/wp\/v2\/posts"}],"about":[{"href":"https:\/\/elfederalmendoza.com.ar\/index.php\/wp-json\/wp\/v2\/types\/post"}],"author":[{"embeddable":true,"href":"https:\/\/elfederalmendoza.com.ar\/index.php\/wp-json\/wp\/v2\/users\/2"}],"replies":[{"embeddable":true,"href":"https:\/\/elfederalmendoza.com.ar\/index.php\/wp-json\/wp\/v2\/comments?post=30825"}],"version-history":[{"count":1,"href":"https:\/\/elfederalmendoza.com.ar\/index.php\/wp-json\/wp\/v2\/posts\/30825\/revisions"}],"predecessor-version":[{"id":30828,"href":"https:\/\/elfederalmendoza.com.ar\/index.php\/wp-json\/wp\/v2\/posts\/30825\/revisions\/30828"}],"wp:featuredmedia":[{"embeddable":true,"href":"https:\/\/elfederalmendoza.com.ar\/index.php\/wp-json\/wp\/v2\/media\/30827"}],"wp:attachment":[{"href":"https:\/\/elfederalmendoza.com.ar\/index.php\/wp-json\/wp\/v2\/media?parent=30825"}],"wp:term":[{"taxonomy":"category","embeddable":true,"href":"https:\/\/elfederalmendoza.com.ar\/index.php\/wp-json\/wp\/v2\/categories?post=30825"},{"taxonomy":"post_tag","embeddable":true,"href":"https:\/\/elfederalmendoza.com.ar\/index.php\/wp-json\/wp\/v2\/tags?post=30825"}],"curies":[{"name":"wp","href":"https:\/\/api.w.org\/{rel}","templated":true}]}}