{"id":30907,"date":"2024-01-05T13:18:15","date_gmt":"2024-01-05T16:18:15","guid":{"rendered":"https:\/\/elfederalmendoza.com\/?p=30907"},"modified":"2024-01-05T13:19:48","modified_gmt":"2024-01-05T16:19:48","slug":"artistas-y-periodistas-famosos-en-la-lista-de-500-despedidos-de-radio-nacional","status":"publish","type":"post","link":"https:\/\/elfederalmendoza.com.ar\/index.php\/2024\/01\/05\/artistas-y-periodistas-famosos-en-la-lista-de-500-despedidos-de-radio-nacional\/","title":{"rendered":"Artistas y periodistas famosos en la lista de 500 despedidos de Radio Nacional"},"content":{"rendered":"\n<p>El listado incluye periodistas y artistas famosos, que ten\u00edan contrato hasta 2023. La mayor\u00eda de los ciclos debieron ser levantados y se encar\u00f3 una programaci\u00f3n de emergencia.<\/p>\n\n\n\n<p>Unos&nbsp;<strong>500 empleados de Radio Nacional<\/strong>&nbsp;en todo el pa\u00eds, que ten\u00edan contrato hasta finales de 2023,&nbsp;<strong>fueron despedidos&nbsp;<\/strong>como parte de un plan de ajuste&nbsp;encarado por la nueva gesti\u00f3n radical de la emisora, en miras a la eventual&nbsp;<strong>privatizaci\u00f3n&nbsp;<\/strong>que Javier Milei incluy\u00f3 en el proyecto de Ley \u00d3mnibus.&nbsp;<\/p>\n\n\n\n<p>El actual titular, Javier Monte, decidi\u00f3 mantener unos 700 cargos de empleados de planta permanente y poco menos de 100 contratos en las 50 emisoras de Radio Nacional, para encarar una programaci\u00f3n de emergencia durante el verano, que probablemente se mantenga en los meses siguientes.<\/p>\n\n\n\n<p>Como consecuencia de la medida, la mayor\u00eda de los programas que ven\u00edan de la gesti\u00f3n anterior, encabezada por Rosario Lufrano, fueron levantados de aire.&nbsp;Muchos de ellos ten\u00edan hasta cinco columnistas contratados.&nbsp;<\/p>\n\n\n\n<p><img decoding=\"async\" alt=\"\" src=\"https:\/\/px.cdn.lanueva.com\/012024\/1704464384695\/javier-monte-frente-al-edificio.jpg?cw=807\"><\/p>\n\n\n\n<p>El radical Javier Monte, actual titular de Radio Nacional.<\/p>\n\n\n\n<p>Pese a este recorte, desde Radio Nacional&nbsp;indicaron a&nbsp;<em>Clar\u00edn&nbsp;<\/em>que \u00abla programaci\u00f3n se mantiene muy bien con la gente que queda, con los empleados hist\u00f3ricos de la radio\u00bb.&nbsp;<\/p>\n\n\n\n<p>Los gremios plantearon a las autoridades que se renueven,&nbsp;al menos, 150 de los 500 contratos que se dieron de baja, principalmente para mantener la programaci\u00f3n propia en las 48 emisoras del interior.<\/p>\n\n\n\n<h2 class=\"wp-block-heading\">Qui\u00e9nes figuran entre los despedidos<\/h2>\n\n\n\n<p>Entre los despidos, seg\u00fan consign\u00f3&nbsp;<em>Clar\u00edn<\/em>, resaltan algunas personalidades conocidas en el periodismo y el mundo del espect\u00e1culo, como&nbsp;<strong>V\u00edctor Hugo Morales<\/strong>,&nbsp;que conduc\u00eda \u00abEstaci\u00f3n Piazzola\u00bb;&nbsp;<strong>Sandra Russo<\/strong>, que estaba al frente de \u00abCalandrias\u00bb; y&nbsp;<strong>Lautaro Maislin<\/strong>, que se encargaba de&nbsp;\u00abRosca and Roll 937\u00bb, en FM Nacional Rock.<img decoding=\"async\" alt=\"\" src=\"https:\/\/px.cdn.lanueva.com\/012024\/1704464431201\/multimedia.normal.9fcd7abe41ddba.jpg?cw=807\"><\/p>\n\n\n\n<p>V\u00edctor Hugo Morales<\/p>\n\n\n\n<p>Tampoco se renovaron los contratos de<strong>&nbsp;Oscar G\u00f3mez Casta\u00f1\u00f3n<\/strong>,<strong>&nbsp;Mex Urtizberea<\/strong>,&nbsp;<strong>Alejandro Apo&nbsp;<\/strong>y&nbsp;<strong>Jorge Dorio<\/strong>, entre otros.<\/p>\n\n\n\n<p>Tambi\u00e9n figura en el listado\u00a0<strong>Sandra Mihanovich<\/strong>, quien arranc\u00f3 con su ciclo \u00abSoy Nacional\u00bb en la gesti\u00f3n macrista de Ana Gerschenson y hab\u00eda celebrado los 300 programas en 2023, que se emit\u00eda en d\u00faplex de la AM 870 y la FM Folkl\u00f3rica.<\/p>\n\n\n\n<p><\/p>\n\n\n\n<p><img decoding=\"async\" src=\"https:\/\/px.cdn.lanueva.com\/012024\/1704464422791\/mihanovich.jpg?cw=807\" alt=\"\"><\/p>\n\n\n\n<p>Sandra Mihanovich<\/p>\n\n\n\n<p><\/p>\n\n\n\n<p>Adem\u00e1s, se cancelaron las contrataciones\u00a0de los periodistas que conduc\u00edan los principales programas de la semana en Radio Nacional:\u00a0<strong>Dar\u00edo Villarruel<\/strong>, de \u00abPase lo que pase\u00bb, en la primera ma\u00f1ana;\u00a0<strong>Gisella Busaniche<\/strong>, del siguiente bloque horario, hasta las 12 del mediod\u00eda, con \u00abAh\u00ed Vamos\u00bb;\u00a0<strong>Federica Pais<\/strong>, con \u00abRadio Pa\u00eds\u00bb, de 13 a 15;\u00a0<strong>Luisa Valmaggia<\/strong>, que estaba a cargo de 17 a 19 horas, \u00abEncuentro nacional\u00bb; y\u00a0<strong>Horacio Emb\u00f3n<\/strong>, que cerraba la programaci\u00f3n a la noche con \u00abEmb\u00f3n en cuerpo y alma\u00bb.<\/p>\n\n\n\n<p>Emb\u00f3n&nbsp;sigue conduciendo el noticiero de la TV P\u00fablica, que es parte de la misma empresa, Radio y Televisi\u00f3n Argentina (RTA). En tanto Jorge Halper\u00edn, conductor de \u00abCuentos del mediod\u00eda\u00bb, es \u00abpersonal de planta por orden judicial\u00bb,&nbsp;advierte un asterisco de aclaraci\u00f3n en la programaci\u00f3n actual.<\/p>\n\n\n\n<p>Este \u00faltimo gan\u00f3 un juicio laboral a la emisora que inici\u00f3 a partir de su despido en 2015,&nbsp;tras ocho a\u00f1os de trabajo en el medio. Como resultado logr\u00f3&nbsp;que le paguen $ 9 millones en abril de 2022 y $ 27,9 millones en febrero del a\u00f1o pasado -en total, a valores actuales son m\u00e1s de $ 100 millones-, adem\u00e1s de conseguir ser reincorporado a la radio estatal. (<em>Con informaci\u00f3n de Clar\u00edn<\/em>)<\/p>\n","protected":false},"excerpt":{"rendered":"<p>El listado incluye periodistas y artistas famosos, que ten\u00edan contrato hasta 2023. La mayor\u00eda de los ciclos debieron ser levantados y se encar\u00f3 una programaci\u00f3n de emergencia. Unos&nbsp;500 empleados de Radio Nacional&nbsp;en todo el pa\u00eds, que ten\u00edan contrato hasta finales de 2023,&nbsp;fueron despedidos&nbsp;como parte de un plan de ajuste&nbsp;encarado por la nueva gesti\u00f3n radical de<a class=\"read-more\" href=\"https:\/\/elfederalmendoza.com.ar\/index.php\/2024\/01\/05\/artistas-y-periodistas-famosos-en-la-lista-de-500-despedidos-de-radio-nacional\/\"> [&hellip;]<\/a><\/p>\n","protected":false},"author":2,"featured_media":30909,"comment_status":"open","ping_status":"open","sticky":false,"template":"","format":"standard","meta":{"footnotes":""},"categories":[5618],"tags":[],"class_list":["post-30907","post","type-post","status-publish","format-standard","has-post-thumbnail","hentry","category-arg"],"rttpg_featured_image_url":{"full":["https:\/\/elfederalmendoza.com.ar\/wp-content\/uploads\/2024\/01\/periodistas.jpg",1286,619,false],"landscape":["https:\/\/elfederalmendoza.com.ar\/wp-content\/uploads\/2024\/01\/periodistas.jpg",1286,619,false],"portraits":["https:\/\/elfederalmendoza.com.ar\/wp-content\/uploads\/2024\/01\/periodistas.jpg",1286,619,false],"thumbnail":["https:\/\/elfederalmendoza.com.ar\/wp-content\/uploads\/2024\/01\/periodistas-150x150.jpg",150,150,true],"medium":["https:\/\/elfederalmendoza.com.ar\/wp-content\/uploads\/2024\/01\/periodistas-300x144.jpg",300,144,true],"large":["https:\/\/elfederalmendoza.com.ar\/wp-content\/uploads\/2024\/01\/periodistas-1024x493.jpg",640,308,true],"1536x1536":["https:\/\/elfederalmendoza.com.ar\/wp-content\/uploads\/2024\/01\/periodistas.jpg",1286,619,false],"2048x2048":["https:\/\/elfederalmendoza.com.ar\/wp-content\/uploads\/2024\/01\/periodistas.jpg",1286,619,false],"ultp_layout_landscape_large":["https:\/\/elfederalmendoza.com.ar\/wp-content\/uploads\/2024\/01\/periodistas-1200x619.jpg",1200,619,true],"ultp_layout_landscape":["https:\/\/elfederalmendoza.com.ar\/wp-content\/uploads\/2024\/01\/periodistas-870x570.jpg",870,570,true],"ultp_layout_portrait":["https:\/\/elfederalmendoza.com.ar\/wp-content\/uploads\/2024\/01\/periodistas-600x619.jpg",600,619,true],"ultp_layout_square":["https:\/\/elfederalmendoza.com.ar\/wp-content\/uploads\/2024\/01\/periodistas-600x600.jpg",600,600,true],"rpwe-thumbnail":["https:\/\/elfederalmendoza.com.ar\/wp-content\/uploads\/2024\/01\/periodistas-45x45.jpg",45,45,true],"advps-thumb-one":["https:\/\/elfederalmendoza.com.ar\/wp-content\/uploads\/2024\/01\/periodistas-1200x420.jpg",1200,420,true]},"rttpg_author":{"display_name":"Redacci\u00f3n El Federal","author_link":"https:\/\/elfederalmendoza.com.ar\/index.php\/author\/angelflores\/"},"rttpg_comment":0,"rttpg_category":"<a href=\"https:\/\/elfederalmendoza.com.ar\/index.php\/category\/arg\/\" rel=\"category tag\">Argentina<\/a>","rttpg_excerpt":"El listado incluye periodistas y artistas famosos, que ten\u00edan contrato hasta 2023. La mayor\u00eda de los ciclos debieron ser levantados y se encar\u00f3 una programaci\u00f3n de emergencia. Unos&nbsp;500 empleados de Radio Nacional&nbsp;en todo el pa\u00eds, que ten\u00edan contrato hasta finales de 2023,&nbsp;fueron despedidos&nbsp;como parte de un plan de ajuste&nbsp;encarado por la nueva gesti\u00f3n radical de&hellip;","_links":{"self":[{"href":"https:\/\/elfederalmendoza.com.ar\/index.php\/wp-json\/wp\/v2\/posts\/30907","targetHints":{"allow":["GET"]}}],"collection":[{"href":"https:\/\/elfederalmendoza.com.ar\/index.php\/wp-json\/wp\/v2\/posts"}],"about":[{"href":"https:\/\/elfederalmendoza.com.ar\/index.php\/wp-json\/wp\/v2\/types\/post"}],"author":[{"embeddable":true,"href":"https:\/\/elfederalmendoza.com.ar\/index.php\/wp-json\/wp\/v2\/users\/2"}],"replies":[{"embeddable":true,"href":"https:\/\/elfederalmendoza.com.ar\/index.php\/wp-json\/wp\/v2\/comments?post=30907"}],"version-history":[{"count":2,"href":"https:\/\/elfederalmendoza.com.ar\/index.php\/wp-json\/wp\/v2\/posts\/30907\/revisions"}],"predecessor-version":[{"id":30913,"href":"https:\/\/elfederalmendoza.com.ar\/index.php\/wp-json\/wp\/v2\/posts\/30907\/revisions\/30913"}],"wp:featuredmedia":[{"embeddable":true,"href":"https:\/\/elfederalmendoza.com.ar\/index.php\/wp-json\/wp\/v2\/media\/30909"}],"wp:attachment":[{"href":"https:\/\/elfederalmendoza.com.ar\/index.php\/wp-json\/wp\/v2\/media?parent=30907"}],"wp:term":[{"taxonomy":"category","embeddable":true,"href":"https:\/\/elfederalmendoza.com.ar\/index.php\/wp-json\/wp\/v2\/categories?post=30907"},{"taxonomy":"post_tag","embeddable":true,"href":"https:\/\/elfederalmendoza.com.ar\/index.php\/wp-json\/wp\/v2\/tags?post=30907"}],"curies":[{"name":"wp","href":"https:\/\/api.w.org\/{rel}","templated":true}]}}