{"id":30962,"date":"2024-01-08T10:45:54","date_gmt":"2024-01-08T13:45:54","guid":{"rendered":"https:\/\/elfederalmendoza.com\/?p=30962"},"modified":"2024-01-08T10:45:55","modified_gmt":"2024-01-08T13:45:55","slug":"sobreseyeron-a-mauricio-macri-y-a-pepin-rodriguez-por-la-causa-mesa-judicial","status":"publish","type":"post","link":"https:\/\/elfederalmendoza.com.ar\/index.php\/2024\/01\/08\/sobreseyeron-a-mauricio-macri-y-a-pepin-rodriguez-por-la-causa-mesa-judicial\/","title":{"rendered":"Sobreseyeron a Mauricio Macri y a \u00abPep\u00edn\u00bb Rodr\u00edguez por la causa \u00abMesa judicial\u00bb"},"content":{"rendered":"\n<p>Era una de las causas que denunciaba el \u00ablawfare\u00bb contra el kirchnerismo. El fallo plantea que no existi\u00f3 delito y que los jueces nunca declararon ser presionados.<\/p>\n\n\n\n<p>Sobreseyeron al expresidente<strong>\u00a0Mauricio Macri,<\/strong>\u00a0el exministro de Justicia Germ\u00e1n Garavano, su asesor Fabi\u00e1n \u201cPep\u00edn\u201d Rodr\u00edguez Sim\u00f3n,\u00a0al\u00a0 exsecretario Legal y T\u00e9cnico Pablo Clusellas, al exministro de Trabajo Jorge Triaca, a la entonces diputada Graciela Oca\u00f1a, al exsubsecretario de Justicia y al hoy jefe de fiscales porte\u00f1os Juan Bautista Mahiques por la causa conocida como \u00abMesa Judicial\u00bb,\u00a0en donde se los acusaba de presionar a jueces para lograr fallos favorables o castigar a aquellos que firmaban resoluciones adversas, es decir, el famoso \u00ablawfare\u00bb contra el\u00a0<strong>kirchnerismo.\u00a0<\/strong><\/p>\n\n\n\n<p>El fallo, que fue firmado hace unas semanas por la doctora\u00a0<strong>Mar\u00eda Eugenia Capuchetti,\u00a0<\/strong>\u00a0pero que hasta ahora no hab\u00eda trascendido, estableci\u00f3 que uno de los principales motivos de su decisi\u00f3n se basaba en que los jueces o funcionarios que fueron supuestamente presionados nunca hicieron la denuncia en el momento, aunque estaban obligados a realizarla por ser funcionarios p\u00fablicos.<\/p>\n\n\n\n<p>Adem\u00e1s, cuando fueron a declarar, dijeron que no se hab\u00edan sentido afectado o extorsionados para tomar determinadas decisiones en las causas que ten\u00edan.&nbsp;La jueza tambi\u00e9n plante\u00f3 que no existi\u00f3 delito por \u00abfalta de acci\u00f3n\u00bb.&nbsp;<\/p>\n\n\n\n<p><strong>Capuchetti,<\/strong>\u00a0sobre la no denuncia de los jueces que habr\u00edan sido afectados, dijo que es\u00a0una \u00abcuesti\u00f3n no\u00a0menor\u00bb, ya que \u00abse\u00a0trata aqu\u00ed de magistrados del Poder Judicial y del Ministerio P\u00fablico Fiscal, que no solo se presume conocen el derecho y, por lo tanto, pueden m\u00ednimamente distinguir un accionar delictivo de aquel que no lo es, sino que, adem\u00e1s, cuentan con la carga p\u00fablica de denunciar ante la existencia de un delito como tal\u201d.\u00a0<\/p>\n\n\n\n<p>Tambi\u00e9n agreg\u00f3 en el fallo que \u00abtampoco se advierte que los&nbsp;magistrados (independientemente de que no hayan denunciado), se hayan apartado de los expedientes que presumiblemente motivaban las presiones, a fin de garantizar su imparcialidad\u201d. Todo este escenario \u201cevidencia que no fueron influenciados de manera indebida o que las presiones no tuvieron un impacto significativo en sus decisiones\u201d.<\/p>\n\n\n\n<h2 class=\"wp-block-heading\">Qui\u00e9nes hab\u00edan sido los afectados&nbsp;<\/h2>\n\n\n\n<p>En su momento, las figuras mencionadas como damnificadas en la causa \u00abMesa judicial\u00bb fueron:&nbsp;<\/p>\n\n\n\n<ul class=\"wp-block-list\">\n<li>Alejandra Gils Carb\u00f3,&nbsp;ex Procuradora General de la Naci\u00f3n.&nbsp;<\/li>\n\n\n\n<li>Ana Mar\u00eda Figueroa,&nbsp;integrante de la C\u00e1mara Federal de Casaci\u00f3n Penal hasta el a\u00f1o pasado cuando termin\u00f3 jubil\u00e1ndose en medio de pol\u00e9mica tras cumplir 75 a\u00f1os.&nbsp;<\/li>\n\n\n\n<li>&nbsp;Luis Raffaghelli,&nbsp;juez de la C\u00e1mara del Trabajo.&nbsp;<\/li>\n\n\n\n<li>Martina Forns, titular del Juzgado Federal en lo Civil, Comercial y Contencioso Administrativo de San Mart\u00edn.&nbsp;<\/li>\n\n\n\n<li>Mirta Graciela Gonz\u00e1lez Burbridg,&nbsp;jueza laboral titular.&nbsp;<\/li>\n\n\n\n<li>Alejo Ramos Padilla,&nbsp;titular del Juzgado Federal 1 de La Plata.&nbsp;<\/li>\n\n\n\n<li>Diana Ca\u00f1al,&nbsp;jueza de la C\u00e1mara Nacional de Apelaciones del Trabajo.&nbsp;<\/li>\n\n\n\n<li>Eduardo Freiler,&nbsp;exintegrante de la C\u00e1mara Federal porte\u00f1a, destituido en juicio pol\u00edtico.&nbsp;<\/li>\n\n\n\n<li>Luis An\u00edbal Raffaghelli,&nbsp;juez integrante de la C\u00e1mara del Trabajo.&nbsp;<\/li>\n\n\n\n<li>&nbsp;Eduardo Farah,&nbsp;integrante de la C\u00e1mara Federal porte\u00f1a.&nbsp;<\/li>\n\n\n\n<li>&nbsp;Marcela P\u00e9rez Pardo,&nbsp;jueza de la C\u00e1mara Nacional en lo Civil.&nbsp;<\/li>\n\n\n\n<li>Graciela Marino y Enrique Arias Gilbert,\u00a0exmiembros de la C\u00e1mara del Trabajo.\u00a0<\/li>\n<\/ul>\n\n\n\n<figure class=\"wp-block-image is-resized\"><img loading=\"lazy\" decoding=\"async\" src=\"https:\/\/www.mdzol.com\/u\/fotografias\/m\/2023\/9\/6\/f768x1-1472076_1472203_5531.png\" alt=\"\" width=\"838\" height=\"440\"\/><figcaption class=\"wp-element-caption\">Ana Mar\u00eda Figueroa, la jueza de Casaci\u00f3n que dio declaraciones que dieron pie al inicio de la causa. &nbsp;<\/figcaption><\/figure>\n\n\n\n<h2 class=\"wp-block-heading\">C\u00f3mo comenz\u00f3 la causa&nbsp;<\/h2>\n\n\n\n<p>El expediente fue impulsado en el 2020 por el diputado de ese entonces Mart\u00edn Soria, del Frente de Todos. La acci\u00f3n legal fue luego de que la exvicepresidenta Cristina Fern\u00e1ndez de Kirchner haya difundido el contenido de una entrevista radial que hab\u00eda dado la jueza de Casaci\u00f3n Ana Mar\u00eda Figueroa, en donde dec\u00eda que exist\u00eda una \u00abpresi\u00f3n\u00bb de un funcionario del Ministerio de Justicia, al que la jueza no identific\u00f3 en ese momento.&nbsp;<\/p>\n\n\n\n<p>Todo habr\u00eda ocurrido en 2015, cuando Garavano le habr\u00eda preguntado&nbsp;cu\u00e1ndo iba a salir una decisi\u00f3n de Casaci\u00f3n que analizaba si se reabr\u00eda la denuncia de Alberto Nisman por la causa Memor\u00e1ndum con Ir\u00e1n. El fallo por el Memor\u00e1ndum sali\u00f3 un a\u00f1o despu\u00e9s de esa fecha y la entonces jueza vot\u00f3 junto a sus colegas de sala por reabrir la denuncia de Nisman.<\/p>\n\n\n\n<p>Garavano, en una presentaci\u00f3n que hizo el a\u00f1o pasado, present\u00f3 el disparador de su sobreseimiento. All\u00ed, el exministro de Justicia explic\u00f3 que&nbsp;las pruebas demuestran que nunca existieron las supuestas presiones, sino que todo tuvo una intencionalidad pol\u00edtica: \u201cLa estrategia de sostener el \u2018inventado\u2019 concepto de &#8216;lawfare&#8217;&nbsp;en busca de beneficios en procesos penales en los que se encuentran involucrados &#8216;funcionarios de alt\u00edsimo rango del signo pol\u00edtico de los legisladores que hicieron la denuncia original&#8217;\u201d.<\/p>\n\n\n\n<p>Cabe destacar que&nbsp;el funcionario aclar\u00f3 en todo la presentaci\u00f3n que tanto Figueroa como los dem\u00e1s funcionarios del Poder Judicial no hab\u00edan denunciado los hechos luego, algo que legalmente les correspond\u00eda.<\/p>\n\n\n\n<p>Sobre el caso de Figueroa puntualmente, enfatiz\u00f3 en que no hab\u00eda&nbsp;utilizado los resortes administrativos de la C\u00e1mara que integraba para poner en conocimiento de sus colegas lo ocurrido, no hab\u00eda efectuado reclamo alguno por esta cuesti\u00f3n al propio Ministerio de Justicia, no&nbsp;lo hab\u00eda puesto en conocimiento de la Justicia al terminar el mandato de la administraci\u00f3n que supuestamente la hab\u00eda presionado. A su criterio, todo demostraba que las presiones no ocurrieron.<\/p>\n\n\n\n<p>\u201cLa teor\u00eda esbozada en autos por los denunciantes y algunos magistrados, conocida como &#8216;lawfare&#8217;, no solo es un invento inaceptable, sino que es una burla a las instituciones, especialmente el desenvolvimiento del Poder Judicial, cuya actividad se ve desprestigiada injustamente por quienes sostienen esa hip\u00f3tesis, en el solo inter\u00e9s de resolver sus situaciones procesales por v\u00edas indirectas&#8230; A esto se suma la gravedad institucional que importa el alcance de lo denunciado, que involucra a distintos funcionarios de la anterior administraci\u00f3n, del m\u00e1s alto rango\u2026 En funci\u00f3n de todo ello, corresponde se haga lugar al planteo efectuado y se dicte auto de sobreseimiento\u201d, afirm\u00f3 Garavano.&nbsp;<\/p>\n\n\n\n<figure class=\"wp-block-image is-resized\"><img loading=\"lazy\" decoding=\"async\" src=\"https:\/\/www.mdzol.com\/u\/fotografias\/m\/2022\/9\/2\/f768x1-1275358_1275485_4147.jpg\" alt=\"\" width=\"837\" height=\"570\"\/><figcaption class=\"wp-element-caption\">La jueza Capuchetti.&nbsp;<\/figcaption><\/figure>\n\n\n\n<h2 class=\"wp-block-heading\">La resoluci\u00f3n&nbsp;<\/h2>\n\n\n\n<p><strong>Capuchetti&nbsp;<\/strong>hizo lugar al planteo y sobresey\u00f3 a los afectados. \u00abLas cr\u00edticas al Poder Judicial,&nbsp;&nbsp;sean a trav\u00e9s de medios p\u00fablicos o de los sistemas institucionales previstos para la revisi\u00f3n del desempe\u00f1o de sus integrantes (siempre dando a los magistrados denunciados las garant\u00edas del debido proceso y haciendo primar criterios jur\u00eddicos en el procedimiento), no pueden ser consideradas una vulneraci\u00f3n a la garant\u00eda de independencia judicial\u00bb, declar\u00f3.&nbsp;<\/p>\n\n\n\n<p>\u201cTransitada una extensa investigaci\u00f3n que insumi\u00f3 m\u00e1s de cuatro a\u00f1os y relevado el itinerario procesal que aqu\u00ed nos ha tra\u00eddo, la tarea que se impone no es un nuevo repaso de toda la prueba producida, sino en primer lugar, el someter el objeto procesal de estos actuados al tamiz de la tipicidad, a fin de determinar si existe una verdadera sospecha susceptible de encuadre delictivo\u201d, dijo.<\/p>\n\n\n\n<p>Para la jueza, las conductas denunciadas \u201cno constituyen delito alguno, ni tampoco las probanzas sugieren una alternativa plausible\u201d.<\/p>\n\n\n\n<p>\u201cLa gran amplitud de los l\u00edmites de esta investigaci\u00f3n, y consecuentemente de las v\u00edas para acreditar las hip\u00f3tesis, ha importado una frondosa y diversa actividad probatoria que, inevitablemente, ha desdibujado en ocasiones la frontera del objeto procesal\u201d, asegur\u00f3&nbsp;<strong>Capuchetti.&nbsp;<\/strong><\/p>\n\n\n\n<p>\u201cBajo ning\u00fan punto puede soslayarse que las presuntas v\u00edctimas de las conductas denunciadas son o eran funcionarios p\u00fablicos, encargados de aplicar el derecho en el reparto de tareas republicano y, en ocasiones, encargados de tareas vinculadas a la administraci\u00f3n de justicia penal&#8230; La inexistencia de tal asociaci\u00f3n il\u00edcita no surge solo de la prueba recolectada (que mal conduce a corroborar una coordinaci\u00f3n jer\u00e1rquica, una distribuci\u00f3n de roles y un plan con acuerdo previo y com\u00fan para cometer delitos indeterminados), sino tambi\u00e9n de las propias conductas denunciadas\u201d.<\/p>\n\n\n\n<p>No obstante,&nbsp;<strong>Capuchetti&nbsp;<\/strong>orden\u00f3 extraer testimonios para que otro juez analice las distintas b\u00fasquedas que se hicieron sobre algunos de los funcionarios judiciales en bases de datos.&nbsp;<\/p>\n\n\n\n<p>Con los sobreseimientos firmados, la fiscal\u00eda apel\u00f3. Hubo que notificar a todos los involucrados porque algunos ni siquiera hab\u00edan presentado abogados en el expediente. Ahora, la revisi\u00f3n de la causa qued\u00f3 en manos de la C\u00e1mara Federal porte\u00f1a, para cuando se reanude la actividad habitual en febrero, en los tribunales de Comodoro Py 2002.<\/p>\n","protected":false},"excerpt":{"rendered":"<p>Era una de las causas que denunciaba el \u00ablawfare\u00bb contra el kirchnerismo. El fallo plantea que no existi\u00f3 delito y que los jueces nunca declararon ser presionados. Sobreseyeron al expresidente\u00a0Mauricio Macri,\u00a0el exministro de Justicia Germ\u00e1n Garavano, su asesor Fabi\u00e1n \u201cPep\u00edn\u201d Rodr\u00edguez Sim\u00f3n,\u00a0al\u00a0 exsecretario Legal y T\u00e9cnico Pablo Clusellas, al exministro de Trabajo Jorge Triaca, a<a class=\"read-more\" href=\"https:\/\/elfederalmendoza.com.ar\/index.php\/2024\/01\/08\/sobreseyeron-a-mauricio-macri-y-a-pepin-rodriguez-por-la-causa-mesa-judicial\/\"> [&hellip;]<\/a><\/p>\n","protected":false},"author":2,"featured_media":30968,"comment_status":"open","ping_status":"open","sticky":false,"template":"","format":"standard","meta":{"footnotes":""},"categories":[5618],"tags":[],"class_list":["post-30962","post","type-post","status-publish","format-standard","has-post-thumbnail","hentry","category-arg"],"rttpg_featured_image_url":{"full":["https:\/\/elfederalmendoza.com.ar\/wp-content\/uploads\/2024\/01\/macri.jpg",1221,790,false],"landscape":["https:\/\/elfederalmendoza.com.ar\/wp-content\/uploads\/2024\/01\/macri.jpg",1221,790,false],"portraits":["https:\/\/elfederalmendoza.com.ar\/wp-content\/uploads\/2024\/01\/macri.jpg",1221,790,false],"thumbnail":["https:\/\/elfederalmendoza.com.ar\/wp-content\/uploads\/2024\/01\/macri-150x150.jpg",150,150,true],"medium":["https:\/\/elfederalmendoza.com.ar\/wp-content\/uploads\/2024\/01\/macri-300x194.jpg",300,194,true],"large":["https:\/\/elfederalmendoza.com.ar\/wp-content\/uploads\/2024\/01\/macri-1024x663.jpg",640,414,true],"1536x1536":["https:\/\/elfederalmendoza.com.ar\/wp-content\/uploads\/2024\/01\/macri.jpg",1221,790,false],"2048x2048":["https:\/\/elfederalmendoza.com.ar\/wp-content\/uploads\/2024\/01\/macri.jpg",1221,790,false],"ultp_layout_landscape_large":["https:\/\/elfederalmendoza.com.ar\/wp-content\/uploads\/2024\/01\/macri-1200x790.jpg",1200,790,true],"ultp_layout_landscape":["https:\/\/elfederalmendoza.com.ar\/wp-content\/uploads\/2024\/01\/macri-870x570.jpg",870,570,true],"ultp_layout_portrait":["https:\/\/elfederalmendoza.com.ar\/wp-content\/uploads\/2024\/01\/macri-600x790.jpg",600,790,true],"ultp_layout_square":["https:\/\/elfederalmendoza.com.ar\/wp-content\/uploads\/2024\/01\/macri-600x600.jpg",600,600,true],"rpwe-thumbnail":["https:\/\/elfederalmendoza.com.ar\/wp-content\/uploads\/2024\/01\/macri-45x45.jpg",45,45,true],"advps-thumb-one":["https:\/\/elfederalmendoza.com.ar\/wp-content\/uploads\/2024\/01\/macri-1200x420.jpg",1200,420,true]},"rttpg_author":{"display_name":"Redacci\u00f3n El Federal","author_link":"https:\/\/elfederalmendoza.com.ar\/index.php\/author\/angelflores\/"},"rttpg_comment":0,"rttpg_category":"<a href=\"https:\/\/elfederalmendoza.com.ar\/index.php\/category\/arg\/\" rel=\"category tag\">Argentina<\/a>","rttpg_excerpt":"Era una de las causas que denunciaba el \u00ablawfare\u00bb contra el kirchnerismo. El fallo plantea que no existi\u00f3 delito y que los jueces nunca declararon ser presionados. Sobreseyeron al expresidente\u00a0Mauricio Macri,\u00a0el exministro de Justicia Germ\u00e1n Garavano, su asesor Fabi\u00e1n \u201cPep\u00edn\u201d Rodr\u00edguez Sim\u00f3n,\u00a0al\u00a0 exsecretario Legal y T\u00e9cnico Pablo Clusellas, al exministro de Trabajo Jorge Triaca, a&hellip;","_links":{"self":[{"href":"https:\/\/elfederalmendoza.com.ar\/index.php\/wp-json\/wp\/v2\/posts\/30962","targetHints":{"allow":["GET"]}}],"collection":[{"href":"https:\/\/elfederalmendoza.com.ar\/index.php\/wp-json\/wp\/v2\/posts"}],"about":[{"href":"https:\/\/elfederalmendoza.com.ar\/index.php\/wp-json\/wp\/v2\/types\/post"}],"author":[{"embeddable":true,"href":"https:\/\/elfederalmendoza.com.ar\/index.php\/wp-json\/wp\/v2\/users\/2"}],"replies":[{"embeddable":true,"href":"https:\/\/elfederalmendoza.com.ar\/index.php\/wp-json\/wp\/v2\/comments?post=30962"}],"version-history":[{"count":1,"href":"https:\/\/elfederalmendoza.com.ar\/index.php\/wp-json\/wp\/v2\/posts\/30962\/revisions"}],"predecessor-version":[{"id":30969,"href":"https:\/\/elfederalmendoza.com.ar\/index.php\/wp-json\/wp\/v2\/posts\/30962\/revisions\/30969"}],"wp:featuredmedia":[{"embeddable":true,"href":"https:\/\/elfederalmendoza.com.ar\/index.php\/wp-json\/wp\/v2\/media\/30968"}],"wp:attachment":[{"href":"https:\/\/elfederalmendoza.com.ar\/index.php\/wp-json\/wp\/v2\/media?parent=30962"}],"wp:term":[{"taxonomy":"category","embeddable":true,"href":"https:\/\/elfederalmendoza.com.ar\/index.php\/wp-json\/wp\/v2\/categories?post=30962"},{"taxonomy":"post_tag","embeddable":true,"href":"https:\/\/elfederalmendoza.com.ar\/index.php\/wp-json\/wp\/v2\/tags?post=30962"}],"curies":[{"name":"wp","href":"https:\/\/api.w.org\/{rel}","templated":true}]}}