{"id":31012,"date":"2024-01-09T06:20:00","date_gmt":"2024-01-09T09:20:00","guid":{"rendered":"https:\/\/elfederalmendoza.com\/?p=31012"},"modified":"2024-01-09T10:30:51","modified_gmt":"2024-01-09T13:30:51","slug":"video-en-c5n-mostraron-un-cacerolazo-contra-milei-pero-era-falso-asi-lo-admitio-pablo-duggan","status":"publish","type":"post","link":"https:\/\/elfederalmendoza.com.ar\/index.php\/2024\/01\/09\/video-en-c5n-mostraron-un-cacerolazo-contra-milei-pero-era-falso-asi-lo-admitio-pablo-duggan\/","title":{"rendered":"-VIDEO- En C5N mostraron un cacerolazo contra Milei, pero era falso: as\u00ed lo admiti\u00f3 Pablo Duggan"},"content":{"rendered":"\n<p>\u201cNo nos da verg\u00fcenza\u201d, dijo el conductor de \u201cDuro de domar\u201d despu\u00e9s de fogonear con im\u00e1genes alteradas en la residencia de Olivos.<\/p>\n\n\n\n<p>En\u00a0<strong>C5N\u00a0<\/strong>mostraron una supuesta\u00a0<strong>protesta\u00a0<\/strong>de vecinos en la residencia de\u00a0<strong>Olivos\u00a0<\/strong>contra el\u00a0<strong>presidente Javier Milei\u00a0<\/strong>que era totalmente\u00a0<strong>falsa<\/strong>. Fueron los propios periodistas quienes, despu\u00e9s de fogonear durante varios minutos con el video,\u00a0<strong>salieron a admitir el \u201cerror\u201d.<\/strong><\/p>\n\n\n\n<h2 class=\"wp-block-heading\">EN C5N DIVULGARON UN CACEROLAZO FALSO CONTRA MILEI<\/h2>\n\n\n\n<p>El ins\u00f3lito momento televisivo ocurri\u00f3 el lunes por la noche en el programa\u00a0<strong>\u201cDuro de domar\u201d<\/strong>, conducido por <strong>Pablo Duggan<\/strong>. El animador y su panel se burlaban de Milei con un video en pantalla en el que se ve\u00eda a un grupo de personas supuestamente diciendo<strong>\u00a0\u201cMilei, basura, vos sos la dictadura\u201d<\/strong>. Justamente, en las \u00faltimas horas, el libertario preparaba su\u00a0<strong>mudanza\u00a0<\/strong>a la\u00a0<strong>Quinta de Olivos<\/strong>, donde habitualmente residen los jefes de Estado.<\/p>\n\n\n\n<p>Pasadas las 21.30, en \u201cDuro de domar\u201d, los periodistas aseguraban<strong>\u00a0\u201cCacerolazo en Olivos: pero qu\u00e9 linda bienvenida, esto no hab\u00eda pasado nunca, es nuevo\u201d\u00a0<\/strong>y\u00a0<strong>\u201cPrimera vez que un presidente llega a Olivos y lo reciben con un cacerolazo. No tengo recuerdo de algo parecido\u201d.<\/strong>\u00a0Entonces, el panel aprovech\u00f3 la ocasi\u00f3n para re\u00edrse y cuestionar al oficialismo.<\/p>\n\n\n\n<p>Tras las burlas,\u00a0<strong>en apenas media hora, Duggan debi\u00f3 publicar al aire un \u201cfe de erratas\u201d, admitiendo que el video era falso.<\/strong><\/p>\n\n\n\n<figure class=\"wp-block-embed is-type-video is-provider-youtube wp-block-embed-youtube wp-embed-aspect-16-9 wp-has-aspect-ratio\"><div class=\"wp-block-embed__wrapper\">\n<iframe loading=\"lazy\" title=\"FE DE ERRATAS: video FAKE de CACEROLAZOS en OLIVOS\" width=\"640\" height=\"360\" src=\"https:\/\/www.youtube.com\/embed\/iv7OrhH94qU?feature=oembed\" frameborder=\"0\" allow=\"accelerometer; autoplay; clipboard-write; encrypted-media; gyroscope; picture-in-picture; web-share\" referrerpolicy=\"strict-origin-when-cross-origin\" allowfullscreen><\/iframe>\n<\/div><\/figure>\n\n\n\n<p>\u201cFe de erratas. Si hay algo que criticamos siempre en \u2018Duro de domar\u2019 son las<strong>&nbsp;fake news.<\/strong>&nbsp;Cuando nosotros cometemos un error involuntario de poner al aire un video que no es real, tenemos que ser los primeros en decir nos equivocamos. Y entiendo que, me confirma mi productor, que el video que pasamos no es real\u201d, dijo Duggan de manera ins\u00f3lita.<\/p>\n\n\n\n<p>\u201cEs falso el video.&nbsp;<strong>No es de ahora el video de Olivos.<\/strong>&nbsp;As\u00ed que nosotros queremos contarles la verdad. Ese video del cacerolazo que pusimos al aire es falso. No hay cacerolazo en este momento en la Quinta de Olivos. Nos comimos un error, una&nbsp;<em>fake&nbsp;<\/em>de las redes, puede pasar\u201d, expres\u00f3 el conductor.&nbsp;<strong>\u201cNo nos da verg\u00fcenza, pedimos disculpas\u201d<\/strong>, a\u00f1adi\u00f3.<\/p>\n\n\n\n<p>El momento visto en \u201cDuro de domar\u201d se\u00a0<strong>viraliz\u00f3\u00a0<\/strong>en las redes sociales, despertando<strong>\u00a0duras cr\u00edticas contra la producci\u00f3n del canal filokirchnerista.<\/strong><\/p>\n\n\n\n<figure class=\"wp-block-embed is-type-video is-provider-youtube wp-block-embed-youtube wp-embed-aspect-16-9 wp-has-aspect-ratio\"><div class=\"wp-block-embed__wrapper\">\n<iframe loading=\"lazy\" title=\"C5N Y DUGGAN HUMILLADO: MUESTRA CACEROLAZO FAKE CONTRA MILEI Y TERMINA PIDIENDO PERD\u00d3N EN VIVO\" width=\"640\" height=\"360\" src=\"https:\/\/www.youtube.com\/embed\/hDEgezrfUKs?feature=oembed\" frameborder=\"0\" allow=\"accelerometer; autoplay; clipboard-write; encrypted-media; gyroscope; picture-in-picture; web-share\" referrerpolicy=\"strict-origin-when-cross-origin\" allowfullscreen><\/iframe>\n<\/div><\/figure>\n","protected":false},"excerpt":{"rendered":"<p>\u201cNo nos da verg\u00fcenza\u201d, dijo el conductor de \u201cDuro de domar\u201d despu\u00e9s de fogonear con im\u00e1genes alteradas en la residencia de Olivos. En\u00a0C5N\u00a0mostraron una supuesta\u00a0protesta\u00a0de vecinos en la residencia de\u00a0Olivos\u00a0contra el\u00a0presidente Javier Milei\u00a0que era totalmente\u00a0falsa. Fueron los propios periodistas quienes, despu\u00e9s de fogonear durante varios minutos con el video,\u00a0salieron a admitir el \u201cerror\u201d. EN C5N<a class=\"read-more\" href=\"https:\/\/elfederalmendoza.com.ar\/index.php\/2024\/01\/09\/video-en-c5n-mostraron-un-cacerolazo-contra-milei-pero-era-falso-asi-lo-admitio-pablo-duggan\/\"> [&hellip;]<\/a><\/p>\n","protected":false},"author":2,"featured_media":31016,"comment_status":"open","ping_status":"open","sticky":false,"template":"","format":"standard","meta":{"footnotes":""},"categories":[5618],"tags":[],"class_list":["post-31012","post","type-post","status-publish","format-standard","has-post-thumbnail","hentry","category-arg"],"rttpg_featured_image_url":{"full":["https:\/\/elfederalmendoza.com.ar\/wp-content\/uploads\/2024\/01\/DUGGAN.jpg",1289,780,false],"landscape":["https:\/\/elfederalmendoza.com.ar\/wp-content\/uploads\/2024\/01\/DUGGAN.jpg",1289,780,false],"portraits":["https:\/\/elfederalmendoza.com.ar\/wp-content\/uploads\/2024\/01\/DUGGAN.jpg",1289,780,false],"thumbnail":["https:\/\/elfederalmendoza.com.ar\/wp-content\/uploads\/2024\/01\/DUGGAN-150x150.jpg",150,150,true],"medium":["https:\/\/elfederalmendoza.com.ar\/wp-content\/uploads\/2024\/01\/DUGGAN-300x182.jpg",300,182,true],"large":["https:\/\/elfederalmendoza.com.ar\/wp-content\/uploads\/2024\/01\/DUGGAN-1024x620.jpg",640,388,true],"1536x1536":["https:\/\/elfederalmendoza.com.ar\/wp-content\/uploads\/2024\/01\/DUGGAN.jpg",1289,780,false],"2048x2048":["https:\/\/elfederalmendoza.com.ar\/wp-content\/uploads\/2024\/01\/DUGGAN.jpg",1289,780,false],"ultp_layout_landscape_large":["https:\/\/elfederalmendoza.com.ar\/wp-content\/uploads\/2024\/01\/DUGGAN-1200x780.jpg",1200,780,true],"ultp_layout_landscape":["https:\/\/elfederalmendoza.com.ar\/wp-content\/uploads\/2024\/01\/DUGGAN-870x570.jpg",870,570,true],"ultp_layout_portrait":["https:\/\/elfederalmendoza.com.ar\/wp-content\/uploads\/2024\/01\/DUGGAN-600x780.jpg",600,780,true],"ultp_layout_square":["https:\/\/elfederalmendoza.com.ar\/wp-content\/uploads\/2024\/01\/DUGGAN-600x600.jpg",600,600,true],"rpwe-thumbnail":["https:\/\/elfederalmendoza.com.ar\/wp-content\/uploads\/2024\/01\/DUGGAN-45x45.jpg",45,45,true],"advps-thumb-one":["https:\/\/elfederalmendoza.com.ar\/wp-content\/uploads\/2024\/01\/DUGGAN-1200x420.jpg",1200,420,true]},"rttpg_author":{"display_name":"Redacci\u00f3n El Federal","author_link":"https:\/\/elfederalmendoza.com.ar\/index.php\/author\/angelflores\/"},"rttpg_comment":0,"rttpg_category":"<a href=\"https:\/\/elfederalmendoza.com.ar\/index.php\/category\/arg\/\" rel=\"category tag\">Argentina<\/a>","rttpg_excerpt":"\u201cNo nos da verg\u00fcenza\u201d, dijo el conductor de \u201cDuro de domar\u201d despu\u00e9s de fogonear con im\u00e1genes alteradas en la residencia de Olivos. En\u00a0C5N\u00a0mostraron una supuesta\u00a0protesta\u00a0de vecinos en la residencia de\u00a0Olivos\u00a0contra el\u00a0presidente Javier Milei\u00a0que era totalmente\u00a0falsa. Fueron los propios periodistas quienes, despu\u00e9s de fogonear durante varios minutos con el video,\u00a0salieron a admitir el \u201cerror\u201d. EN C5N&hellip;","_links":{"self":[{"href":"https:\/\/elfederalmendoza.com.ar\/index.php\/wp-json\/wp\/v2\/posts\/31012","targetHints":{"allow":["GET"]}}],"collection":[{"href":"https:\/\/elfederalmendoza.com.ar\/index.php\/wp-json\/wp\/v2\/posts"}],"about":[{"href":"https:\/\/elfederalmendoza.com.ar\/index.php\/wp-json\/wp\/v2\/types\/post"}],"author":[{"embeddable":true,"href":"https:\/\/elfederalmendoza.com.ar\/index.php\/wp-json\/wp\/v2\/users\/2"}],"replies":[{"embeddable":true,"href":"https:\/\/elfederalmendoza.com.ar\/index.php\/wp-json\/wp\/v2\/comments?post=31012"}],"version-history":[{"count":1,"href":"https:\/\/elfederalmendoza.com.ar\/index.php\/wp-json\/wp\/v2\/posts\/31012\/revisions"}],"predecessor-version":[{"id":31017,"href":"https:\/\/elfederalmendoza.com.ar\/index.php\/wp-json\/wp\/v2\/posts\/31012\/revisions\/31017"}],"wp:featuredmedia":[{"embeddable":true,"href":"https:\/\/elfederalmendoza.com.ar\/index.php\/wp-json\/wp\/v2\/media\/31016"}],"wp:attachment":[{"href":"https:\/\/elfederalmendoza.com.ar\/index.php\/wp-json\/wp\/v2\/media?parent=31012"}],"wp:term":[{"taxonomy":"category","embeddable":true,"href":"https:\/\/elfederalmendoza.com.ar\/index.php\/wp-json\/wp\/v2\/categories?post=31012"},{"taxonomy":"post_tag","embeddable":true,"href":"https:\/\/elfederalmendoza.com.ar\/index.php\/wp-json\/wp\/v2\/tags?post=31012"}],"curies":[{"name":"wp","href":"https:\/\/api.w.org\/{rel}","templated":true}]}}