{"id":31020,"date":"2024-01-09T13:39:34","date_gmt":"2024-01-09T16:39:34","guid":{"rendered":"https:\/\/elfederalmendoza.com\/?p=31020"},"modified":"2024-01-09T13:39:35","modified_gmt":"2024-01-09T16:39:35","slug":"el-gobierno-culpa-por-la-suba-del-dolar-a-los-politicos-que-estan-demorando-la-aprobacion-de-la-ley-omnibus","status":"publish","type":"post","link":"https:\/\/elfederalmendoza.com.ar\/index.php\/2024\/01\/09\/el-gobierno-culpa-por-la-suba-del-dolar-a-los-politicos-que-estan-demorando-la-aprobacion-de-la-ley-omnibus\/","title":{"rendered":"El Gobierno culpa por la suba del d\u00f3lar a \u201clos pol\u00edticos que est\u00e1n demorando la aprobaci\u00f3n de la Ley Omnibus\u201d"},"content":{"rendered":"\n<p><strong>Unas horas antes de que se empiece a debatir en el Congreso la ley \u00f3mnibus, el Gobierno culp\u00f3 por la suba del d\u00f3lar registrada en los \u00faltimos d\u00edas a quienes se oponen a ese proyecto y al Decreto de Necesidad y Urgencia (DNU). El encargado de hacerlo fue el vocero presidencial, Manuel Adorni, quien sostuvo que en la Casa Rosada marcaron un rumbo que ahora se pone en duda por las detracciones a ambas medidas, lo que -seg\u00fan la visi\u00f3n de la gesti\u00f3n mile\u00edsta- impact\u00f3 en el tipo de cambio. Incluso advirti\u00f3 que esto aparece como una \u201cmuestra gratis\u201d de lo que puede darse hacia adelante si la pol\u00edtica no acompa\u00f1a las reformas.<\/strong><\/p>\n\n\n\n<p>\u201cVimos en los \u00faltimos d\u00edas alguna repercusi\u00f3n en la cotizaci\u00f3n de los tipos de cambio. Lo cierto es que este ruido quer\u00edamos marcarlo porque no es un tema menor lo que pasa cuando se hacen las cosas bien y tampoco lo que ocurren cuando se hacen mal\u201d, comenz\u00f3 Adorni.<\/p>\n\n\n\n<p>En ese sentido dijo que al inicio de la gesti\u00f3n y con las medidas anunciadas por el ministro de Econom\u00eda, Luis \u201cToto\u201d Caputo\u201d, se lograron estabilizar determinadas variables y que ese fue el \u201cpuntapi\u00e9\u201d para luego avanzar con el megadecreto y la ley \u00f3mnibus.&nbsp;<\/p>\n\n\n\n<p>\u201cLo cierto es que desde que los rumores en virtud de la ley, rumores de desacuerdos con algunos puntos, y los amparos generaron que en poquitos d\u00edas los d\u00f3lares financieros saltaran de 900 a 1200 pesos\u201d, se\u00f1al\u00f3 el vocero para poner el foco en la oposici\u00f3n a La Libertad Avanza (LLA), al mismo tiempo que en el Palacio Legislativo sobre todo le cuestionan al presidente Javier Milei las facultades legislativas que se quiere otorgar en el marco de una serie de emergencias, y cuando ya la Justicia laboral ya hizo lugar a tres presentaciones y suspendi\u00f3 el t\u00edtulo laboral del DNU.<br>Dijo tambi\u00e9n Adorni que el Gobierno hace su parte, pero asegur\u00f3 que desde la Casa Rosada necesitan tambi\u00e9n que \u201cla pol\u00edtica\u201d haga la suya. \u201cNosotros sabemos y estamos convencidos de hacia d\u00f3nde vamos si la ley se aprueba. Tambi\u00e9n estamos convencidos de hacia d\u00f3nde vamos si la ley no se aprueba. Que se apruebe o no depende del Congreso y de la pol\u00edtica que all\u00ed est\u00e1 representada\u201d, insisti\u00f3, en la previa de que se inicie el debate legislativo en las tres comisiones habilitadas.<\/p>\n\n\n\n<p>Adem\u00e1s, con la usual visi\u00f3n pesimista sobre la realidad del pa\u00eds que prima en la gesti\u00f3n mile\u00edsta desde que desembarcaron en Balcarce 50, Adorni dijo que las reformas que plantean Milei y sus funcionarios son \u201cnecesarias para evitar el desastre\u201d y fue ah\u00ed que hizo su advertencia: \u201cLo que vimos solo en el mercado de la cotizaci\u00f3n del d\u00f3lar puede ser una muestra gratis de lo que puede suceder si el \u00e1mbito de la pol\u00edtica no lo acompa\u00f1a\u201d.<\/p>\n\n\n\n<p>Siempre bajo esa postura, el vocero indic\u00f3 que las dudas que surgieron en el \u00e1mbito legislativo, como as\u00ed tambi\u00e9n los embates de la Justicia contra el DNU, que incluyeron adem\u00e1s un fallo de lo contencioso administrativo desfavorable para la Casa Rosada, que apel\u00f3 todas las decisiones, hicieron \u201cque los mercados pasaran factura\u201d. Sobre eso acot\u00f3: \u201cEntendemos que en una situaci\u00f3n dram\u00e1tica como la que est\u00e1 atravesando la Argentina, que explicamos desde un primer momento, la ley es una pieza fundamental.&nbsp;<strong>No lo estamos contemplando, pero en caso que la ley no se apruebe las consecuencias son impredecibles, viendo que hasta ahora tuvimos una peque\u00f1a muestra gratis de lo que puede pasar\u201d.<\/strong><\/p>\n\n\n\n<p>Sin cesar en sus cr\u00edticas a quienes objetan el proyecto oficialista, dijo que en la Casa Rosada les cuesta comprender esas posiciones cuando el pa\u00eds est\u00e1 en una \u201csituaci\u00f3n decadente\u201d y entonces marc\u00f3: \u201c\u00bfCu\u00e1l es la raz\u00f3n por la que no quieren acompa\u00f1ar un cambio profundo en esta Argentina que muchos no queremos ver m\u00e1s as\u00ed en t\u00e9rminos de pobreza, de inflaci\u00f3n, de aislamiento con el mundo, y ni hablar si hablo de educaci\u00f3n, de salud? A la Argentina hay que cambiarla de cuajo y la ley propone un paso m\u00e1s en ese camino\u201d.<\/p>\n\n\n\n<p>En tanto, record\u00f3 un dato que se conoci\u00f3 ayer: que el secretario de Energ\u00eda, Eduardo Chirillo; y el ministro de Justicia, Mariano C\u00faneo Libarona, estar\u00e1n presentes esta tarde en la reuni\u00f3n que congregar\u00e1 a las comisiones de Legislaci\u00f3n General, Asuntos Constitucionales, y Presupuesto y Hacienda, las \u00fanicas a las que se gir\u00f3 el proyecto de ley \u00f3mnibus. En los pr\u00f3ximos d\u00edas, desde el Gobierno dejaron trascender que se sumar\u00e1n otros ministros y secretarios, ante la presi\u00f3n de los bloques de la oposici\u00f3n para conocer m\u00e1s detalles. \u201cVan a comenzar con las explicaciones que los diputados crean pertinentes\u201d, indic\u00f3 el portavoz.<\/p>\n","protected":false},"excerpt":{"rendered":"<p>Unas horas antes de que se empiece a debatir en el Congreso la ley \u00f3mnibus, el Gobierno culp\u00f3 por la suba del d\u00f3lar registrada en los \u00faltimos d\u00edas a quienes se oponen a ese proyecto y al Decreto de Necesidad y Urgencia (DNU). El encargado de hacerlo fue el vocero presidencial, Manuel Adorni, quien sostuvo<a class=\"read-more\" href=\"https:\/\/elfederalmendoza.com.ar\/index.php\/2024\/01\/09\/el-gobierno-culpa-por-la-suba-del-dolar-a-los-politicos-que-estan-demorando-la-aprobacion-de-la-ley-omnibus\/\"> [&hellip;]<\/a><\/p>\n","protected":false},"author":2,"featured_media":30537,"comment_status":"open","ping_status":"open","sticky":false,"template":"","format":"standard","meta":{"footnotes":""},"categories":[5618],"tags":[],"class_list":["post-31020","post","type-post","status-publish","format-standard","has-post-thumbnail","hentry","category-arg"],"rttpg_featured_image_url":{"full":["https:\/\/elfederalmendoza.com.ar\/wp-content\/uploads\/2023\/12\/adorni1.jpg",1167,827,false],"landscape":["https:\/\/elfederalmendoza.com.ar\/wp-content\/uploads\/2023\/12\/adorni1.jpg",1167,827,false],"portraits":["https:\/\/elfederalmendoza.com.ar\/wp-content\/uploads\/2023\/12\/adorni1.jpg",1167,827,false],"thumbnail":["https:\/\/elfederalmendoza.com.ar\/wp-content\/uploads\/2023\/12\/adorni1-150x150.jpg",150,150,true],"medium":["https:\/\/elfederalmendoza.com.ar\/wp-content\/uploads\/2023\/12\/adorni1-300x213.jpg",300,213,true],"large":["https:\/\/elfederalmendoza.com.ar\/wp-content\/uploads\/2023\/12\/adorni1-1024x726.jpg",640,454,true],"1536x1536":["https:\/\/elfederalmendoza.com.ar\/wp-content\/uploads\/2023\/12\/adorni1.jpg",1167,827,false],"2048x2048":["https:\/\/elfederalmendoza.com.ar\/wp-content\/uploads\/2023\/12\/adorni1.jpg",1167,827,false],"ultp_layout_landscape_large":["https:\/\/elfederalmendoza.com.ar\/wp-content\/uploads\/2023\/12\/adorni1-1167x800.jpg",1167,800,true],"ultp_layout_landscape":["https:\/\/elfederalmendoza.com.ar\/wp-content\/uploads\/2023\/12\/adorni1-870x570.jpg",870,570,true],"ultp_layout_portrait":["https:\/\/elfederalmendoza.com.ar\/wp-content\/uploads\/2023\/12\/adorni1-600x827.jpg",600,827,true],"ultp_layout_square":["https:\/\/elfederalmendoza.com.ar\/wp-content\/uploads\/2023\/12\/adorni1-600x600.jpg",600,600,true],"rpwe-thumbnail":["https:\/\/elfederalmendoza.com.ar\/wp-content\/uploads\/2023\/12\/adorni1-45x45.jpg",45,45,true],"advps-thumb-one":["https:\/\/elfederalmendoza.com.ar\/wp-content\/uploads\/2023\/12\/adorni1-1167x420.jpg",1167,420,true]},"rttpg_author":{"display_name":"Redacci\u00f3n El Federal","author_link":"https:\/\/elfederalmendoza.com.ar\/index.php\/author\/angelflores\/"},"rttpg_comment":0,"rttpg_category":"<a href=\"https:\/\/elfederalmendoza.com.ar\/index.php\/category\/arg\/\" rel=\"category tag\">Argentina<\/a>","rttpg_excerpt":"Unas horas antes de que se empiece a debatir en el Congreso la ley \u00f3mnibus, el Gobierno culp\u00f3 por la suba del d\u00f3lar registrada en los \u00faltimos d\u00edas a quienes se oponen a ese proyecto y al Decreto de Necesidad y Urgencia (DNU). El encargado de hacerlo fue el vocero presidencial, Manuel Adorni, quien sostuvo&hellip;","_links":{"self":[{"href":"https:\/\/elfederalmendoza.com.ar\/index.php\/wp-json\/wp\/v2\/posts\/31020","targetHints":{"allow":["GET"]}}],"collection":[{"href":"https:\/\/elfederalmendoza.com.ar\/index.php\/wp-json\/wp\/v2\/posts"}],"about":[{"href":"https:\/\/elfederalmendoza.com.ar\/index.php\/wp-json\/wp\/v2\/types\/post"}],"author":[{"embeddable":true,"href":"https:\/\/elfederalmendoza.com.ar\/index.php\/wp-json\/wp\/v2\/users\/2"}],"replies":[{"embeddable":true,"href":"https:\/\/elfederalmendoza.com.ar\/index.php\/wp-json\/wp\/v2\/comments?post=31020"}],"version-history":[{"count":1,"href":"https:\/\/elfederalmendoza.com.ar\/index.php\/wp-json\/wp\/v2\/posts\/31020\/revisions"}],"predecessor-version":[{"id":31040,"href":"https:\/\/elfederalmendoza.com.ar\/index.php\/wp-json\/wp\/v2\/posts\/31020\/revisions\/31040"}],"wp:featuredmedia":[{"embeddable":true,"href":"https:\/\/elfederalmendoza.com.ar\/index.php\/wp-json\/wp\/v2\/media\/30537"}],"wp:attachment":[{"href":"https:\/\/elfederalmendoza.com.ar\/index.php\/wp-json\/wp\/v2\/media?parent=31020"}],"wp:term":[{"taxonomy":"category","embeddable":true,"href":"https:\/\/elfederalmendoza.com.ar\/index.php\/wp-json\/wp\/v2\/categories?post=31020"},{"taxonomy":"post_tag","embeddable":true,"href":"https:\/\/elfederalmendoza.com.ar\/index.php\/wp-json\/wp\/v2\/tags?post=31020"}],"curies":[{"name":"wp","href":"https:\/\/api.w.org\/{rel}","templated":true}]}}